{"id":96487,"date":"2022-03-11T12:28:25","date_gmt":"2022-03-11T15:28:25","guid":{"rendered":"https:\/\/www.unasp.br\/noticias\/?p=96487"},"modified":"2026-02-25T17:18:11","modified_gmt":"2026-02-25T20:18:11","slug":"atualizacao-da-lei-maria-da-penha-no-mes-das-mulheres","status":"publish","type":"post","link":"https:\/\/unasp.br\/noticias\/atualizacao-da-lei-maria-da-penha-no-mes-das-mulheres\/","title":{"rendered":"Atualiza\u00e7\u00f5es da Lei Maria da Penha \u00e9 tema de roda de conversa no UNASP"},"content":{"rendered":"\n<figure class=\"wp-block-image size-large\"><img loading=\"lazy\" decoding=\"async\" width=\"1024\" height=\"768\" src=\"https:\/\/www.unasp.br\/noticias\/wp-content\/uploads\/2022\/03\/WhatsApp-Image-2022-03-10-at-20.49.11-1024x768.jpeg\" alt=\"\" class=\"wp-image-96491\" srcset=\"https:\/\/cdn.unasp.br\/noticias\/wp-content\/uploads\/2022\/03\/11090751\/WhatsApp-Image-2022-03-10-at-20.49.11-1024x768.jpeg 1024w, https:\/\/cdn.unasp.br\/noticias\/wp-content\/uploads\/2022\/03\/11090751\/WhatsApp-Image-2022-03-10-at-20.49.11-300x225.jpeg 300w, https:\/\/cdn.unasp.br\/noticias\/wp-content\/uploads\/2022\/03\/11090751\/WhatsApp-Image-2022-03-10-at-20.49.11-768x576.jpeg 768w, https:\/\/cdn.unasp.br\/noticias\/wp-content\/uploads\/2022\/03\/11090751\/WhatsApp-Image-2022-03-10-at-20.49.11-1536x1152.jpeg 1536w, https:\/\/cdn.unasp.br\/noticias\/wp-content\/uploads\/2022\/03\/11090751\/WhatsApp-Image-2022-03-10-at-20.49.11-800x600.jpeg 800w, https:\/\/cdn.unasp.br\/noticias\/wp-content\/uploads\/2022\/03\/11090751\/WhatsApp-Image-2022-03-10-at-20.49.11-1067x800.jpeg 1067w, https:\/\/cdn.unasp.br\/noticias\/wp-content\/uploads\/2022\/03\/11090751\/WhatsApp-Image-2022-03-10-at-20.49.11-960x720.jpeg 960w, https:\/\/cdn.unasp.br\/noticias\/wp-content\/uploads\/2022\/03\/11090751\/WhatsApp-Image-2022-03-10-at-20.49.11-667x500.jpeg 667w, https:\/\/cdn.unasp.br\/noticias\/wp-content\/uploads\/2022\/03\/11090751\/WhatsApp-Image-2022-03-10-at-20.49.11-640x480.jpeg 640w, https:\/\/cdn.unasp.br\/noticias\/wp-content\/uploads\/2022\/03\/11090751\/WhatsApp-Image-2022-03-10-at-20.49.11-373x280.jpeg 373w, https:\/\/cdn.unasp.br\/noticias\/wp-content\/uploads\/2022\/03\/11090751\/WhatsApp-Image-2022-03-10-at-20.49.11-500x375.jpeg 500w, https:\/\/cdn.unasp.br\/noticias\/wp-content\/uploads\/2022\/03\/11090751\/WhatsApp-Image-2022-03-10-at-20.49.11-400x300.jpeg 400w, https:\/\/cdn.unasp.br\/noticias\/wp-content\/uploads\/2022\/03\/11090751\/WhatsApp-Image-2022-03-10-at-20.49.11-267x200.jpeg 267w, https:\/\/cdn.unasp.br\/noticias\/wp-content\/uploads\/2022\/03\/11090751\/WhatsApp-Image-2022-03-10-at-20.49.11-200x150.jpeg 200w, https:\/\/cdn.unasp.br\/noticias\/wp-content\/uploads\/2022\/03\/11090751\/WhatsApp-Image-2022-03-10-at-20.49.11-175x131.jpeg 175w, https:\/\/cdn.unasp.br\/noticias\/wp-content\/uploads\/2022\/03\/11090751\/WhatsApp-Image-2022-03-10-at-20.49.11-600x450.jpeg 600w, https:\/\/cdn.unasp.br\/noticias\/wp-content\/uploads\/2022\/03\/11090751\/WhatsApp-Image-2022-03-10-at-20.49.11-347x260.jpeg 347w, https:\/\/cdn.unasp.br\/noticias\/wp-content\/uploads\/2022\/03\/11090751\/WhatsApp-Image-2022-03-10-at-20.49.11.jpeg 1600w\" sizes=\"(max-width: 1024px) 100vw, 1024px\" \/><figcaption>Roda de conversa do UNASP Hortol\u00e2ndia debate sobre as atualiza\u00e7\u00f5es da Lei Maria da Penha.<\/figcaption><\/figure>\n\n\n\n<p>No m\u00eas de mar\u00e7o comemora-se o Dia Internacional da Mulher e para celebrar a data o curso de Direito do<a href=\"https:\/\/www.unasp.br\/ht\/\" target=\"_blank\" rel=\"noreferrer noopener\"> UNASP campus Hortol\u00e2ndia<\/a> e a <a href=\"https:\/\/www.abracrim.adv.br\/\" target=\"_blank\" rel=\"noreferrer noopener\">Abracrim (Associa\u00e7\u00e3o Brasileira de Advogadas Criminalistas<\/a>) Mulher promoveu uma roda de conversa, na \u00faltima ter\u00e7a (08), abordando as mais recentes atualiza\u00e7\u00f5es na Lei Maria da Penha. As mudan\u00e7as abrangem prote\u00e7\u00e3o das mulheres contra agress\u00f5es f\u00edsicas, psicol\u00f3gicas, morais, patrimoniais e sexuais.<\/p>\n\n\n\n<p>O evento foi aberto ao p\u00fablico com inscri\u00e7\u00f5es gratuitas e contou com mais de 200 participantes que doaram alimentos que ser\u00e3o entregues a institui\u00e7\u00f5es carentes do munic\u00edpio de Hortol\u00e2ndia.<\/p>\n\n\n\n<figure class=\"wp-block-image size-large\"><img loading=\"lazy\" decoding=\"async\" width=\"1024\" height=\"768\" src=\"https:\/\/www.unasp.br\/noticias\/wp-content\/uploads\/2022\/03\/WhatsApp-Image-2022-03-10-at-20.48.54-1024x768.jpeg\" alt=\"P\u00fablico presente na roda de conversa pelo dia da mulher\" class=\"wp-image-96490\" srcset=\"https:\/\/cdn.unasp.br\/noticias\/wp-content\/uploads\/2022\/03\/11090611\/WhatsApp-Image-2022-03-10-at-20.48.54-1024x768.jpeg 1024w, https:\/\/cdn.unasp.br\/noticias\/wp-content\/uploads\/2022\/03\/11090611\/WhatsApp-Image-2022-03-10-at-20.48.54-300x225.jpeg 300w, https:\/\/cdn.unasp.br\/noticias\/wp-content\/uploads\/2022\/03\/11090611\/WhatsApp-Image-2022-03-10-at-20.48.54-768x576.jpeg 768w, https:\/\/cdn.unasp.br\/noticias\/wp-content\/uploads\/2022\/03\/11090611\/WhatsApp-Image-2022-03-10-at-20.48.54-1536x1152.jpeg 1536w, https:\/\/cdn.unasp.br\/noticias\/wp-content\/uploads\/2022\/03\/11090611\/WhatsApp-Image-2022-03-10-at-20.48.54-800x600.jpeg 800w, https:\/\/cdn.unasp.br\/noticias\/wp-content\/uploads\/2022\/03\/11090611\/WhatsApp-Image-2022-03-10-at-20.48.54-1067x800.jpeg 1067w, https:\/\/cdn.unasp.br\/noticias\/wp-content\/uploads\/2022\/03\/11090611\/WhatsApp-Image-2022-03-10-at-20.48.54-960x720.jpeg 960w, https:\/\/cdn.unasp.br\/noticias\/wp-content\/uploads\/2022\/03\/11090611\/WhatsApp-Image-2022-03-10-at-20.48.54-667x500.jpeg 667w, https:\/\/cdn.unasp.br\/noticias\/wp-content\/uploads\/2022\/03\/11090611\/WhatsApp-Image-2022-03-10-at-20.48.54-640x480.jpeg 640w, https:\/\/cdn.unasp.br\/noticias\/wp-content\/uploads\/2022\/03\/11090611\/WhatsApp-Image-2022-03-10-at-20.48.54-373x280.jpeg 373w, https:\/\/cdn.unasp.br\/noticias\/wp-content\/uploads\/2022\/03\/11090611\/WhatsApp-Image-2022-03-10-at-20.48.54-500x375.jpeg 500w, https:\/\/cdn.unasp.br\/noticias\/wp-content\/uploads\/2022\/03\/11090611\/WhatsApp-Image-2022-03-10-at-20.48.54-400x300.jpeg 400w, https:\/\/cdn.unasp.br\/noticias\/wp-content\/uploads\/2022\/03\/11090611\/WhatsApp-Image-2022-03-10-at-20.48.54-267x200.jpeg 267w, https:\/\/cdn.unasp.br\/noticias\/wp-content\/uploads\/2022\/03\/11090611\/WhatsApp-Image-2022-03-10-at-20.48.54-200x150.jpeg 200w, https:\/\/cdn.unasp.br\/noticias\/wp-content\/uploads\/2022\/03\/11090611\/WhatsApp-Image-2022-03-10-at-20.48.54-175x131.jpeg 175w, https:\/\/cdn.unasp.br\/noticias\/wp-content\/uploads\/2022\/03\/11090611\/WhatsApp-Image-2022-03-10-at-20.48.54-600x450.jpeg 600w, https:\/\/cdn.unasp.br\/noticias\/wp-content\/uploads\/2022\/03\/11090611\/WhatsApp-Image-2022-03-10-at-20.48.54-347x260.jpeg 347w, https:\/\/cdn.unasp.br\/noticias\/wp-content\/uploads\/2022\/03\/11090611\/WhatsApp-Image-2022-03-10-at-20.48.54.jpeg 1600w\" sizes=\"(max-width: 1024px) 100vw, 1024px\" \/><figcaption>Evento reuniu alunos universit\u00e1rios do UNASP campus Hortol\u00e2ndia e inscritos da comunidade.<\/figcaption><\/figure>\n\n\n\n<h2 class=\"wp-block-heading\"><strong>Relev\u00e2ncia do Tema<\/strong><\/h2>\n\n\n\n<p>A coordenadora do <a href=\"https:\/\/www.unasp.br\/cursos\/ht\/graduacao\/direito-ht\/\" target=\"_blank\" rel=\"noreferrer noopener\">curso de direito do UNASP campus Hortol\u00e2ndia<\/a>, Fernanda Covolan, explicou que infelizmente a viol\u00eancia contra a mulher ainda \u00e9 um tema atual e igualmente importante. \u201cA compreens\u00e3o das formas de viol\u00eancia e das formas de prote\u00e7\u00e3o, o compartilhamento das experi\u00eancias, a compreens\u00e3o do efeito da viol\u00eancia na vida da mulher e dos demais membros da fam\u00edlia, permitem que haja mais empatia e que a sociedade se empenhe nas solu\u00e7\u00f5es\u201d, destacou a coordenadora.<\/p>\n\n\n\n<p>Para tratar deste tema pol\u00eamico e relevante o curso contou com a presen\u00e7a da psic\u00f3loga Tamara Brockhausen, a presidente da Abracrim Mulher S\u00e3o Paulo, Adriana D\u2019Urso, presidente nacional da Abracrim Mulher, Ana Paula Trento, a advogada criminalista, Izabella Borges e a coordenadora do curso de Direito, Fernanda Covolan.<\/p>\n\n\n\n<p><meta charset=\"utf-8\">O estudante de Direito, Paulo Kamiyama, que esteve presente no evento explica que entender a situa\u00e7\u00e3o da mulher \u00e9 relevante para os estudantes universit\u00e1rios. \u201cAcho que mais que qualquer outra profiss\u00e3o, o estudante de Direito tem a obriga\u00e7\u00e3o de mudar esse cen\u00e1rio machista e faz\u00ea-lo mais prop\u00edcio para as pr\u00f3ximas gera\u00e7\u00f5es. \u00c9 de extrema import\u00e2ncia conscientizar alunos do ensino superior, pois s\u00e3o as pessoas que ir\u00e3o mudar o mundo que vivemos\u201d, concluiu Kamiyama.<\/p>\n\n\n\n<figure class=\"wp-block-image size-large\"><img loading=\"lazy\" decoding=\"async\" width=\"1024\" height=\"1017\" src=\"https:\/\/www.unasp.br\/noticias\/wp-content\/uploads\/2022\/03\/WhatsApp-Image-2022-03-10-at-20.06.30-1024x1017.jpeg\" alt=\"Arte de divulga\u00e7\u00e3o e convite para a roda de conversa: Atualiza\u00e7\u00f5es da Lei Maria da Penha.\" class=\"wp-image-96488\" srcset=\"https:\/\/cdn.unasp.br\/noticias\/wp-content\/uploads\/2022\/03\/11090425\/WhatsApp-Image-2022-03-10-at-20.06.30-1024x1017.jpeg 1024w, https:\/\/cdn.unasp.br\/noticias\/wp-content\/uploads\/2022\/03\/11090425\/WhatsApp-Image-2022-03-10-at-20.06.30-300x298.jpeg 300w, https:\/\/cdn.unasp.br\/noticias\/wp-content\/uploads\/2022\/03\/11090425\/WhatsApp-Image-2022-03-10-at-20.06.30-150x150.jpeg 150w, https:\/\/cdn.unasp.br\/noticias\/wp-content\/uploads\/2022\/03\/11090425\/WhatsApp-Image-2022-03-10-at-20.06.30-768x763.jpeg 768w, https:\/\/cdn.unasp.br\/noticias\/wp-content\/uploads\/2022\/03\/11090425\/WhatsApp-Image-2022-03-10-at-20.06.30-604x600.jpeg 604w, https:\/\/cdn.unasp.br\/noticias\/wp-content\/uploads\/2022\/03\/11090425\/WhatsApp-Image-2022-03-10-at-20.06.30-806x800.jpeg 806w, https:\/\/cdn.unasp.br\/noticias\/wp-content\/uploads\/2022\/03\/11090425\/WhatsApp-Image-2022-03-10-at-20.06.30-725x720.jpeg 725w, https:\/\/cdn.unasp.br\/noticias\/wp-content\/uploads\/2022\/03\/11090425\/WhatsApp-Image-2022-03-10-at-20.06.30-800x795.jpeg 800w, https:\/\/cdn.unasp.br\/noticias\/wp-content\/uploads\/2022\/03\/11090425\/WhatsApp-Image-2022-03-10-at-20.06.30-503x500.jpeg 503w, https:\/\/cdn.unasp.br\/noticias\/wp-content\/uploads\/2022\/03\/11090425\/WhatsApp-Image-2022-03-10-at-20.06.30-483x480.jpeg 483w, https:\/\/cdn.unasp.br\/noticias\/wp-content\/uploads\/2022\/03\/11090425\/WhatsApp-Image-2022-03-10-at-20.06.30-282x280.jpeg 282w, https:\/\/cdn.unasp.br\/noticias\/wp-content\/uploads\/2022\/03\/11090425\/WhatsApp-Image-2022-03-10-at-20.06.30-403x400.jpeg 403w, https:\/\/cdn.unasp.br\/noticias\/wp-content\/uploads\/2022\/03\/11090425\/WhatsApp-Image-2022-03-10-at-20.06.30-400x397.jpeg 400w, https:\/\/cdn.unasp.br\/noticias\/wp-content\/uploads\/2022\/03\/11090425\/WhatsApp-Image-2022-03-10-at-20.06.30-201x200.jpeg 201w, https:\/\/cdn.unasp.br\/noticias\/wp-content\/uploads\/2022\/03\/11090425\/WhatsApp-Image-2022-03-10-at-20.06.30-151x150.jpeg 151w, https:\/\/cdn.unasp.br\/noticias\/wp-content\/uploads\/2022\/03\/11090425\/WhatsApp-Image-2022-03-10-at-20.06.30-175x174.jpeg 175w, https:\/\/cdn.unasp.br\/noticias\/wp-content\/uploads\/2022\/03\/11090425\/WhatsApp-Image-2022-03-10-at-20.06.30-200x200.jpeg 200w, https:\/\/cdn.unasp.br\/noticias\/wp-content\/uploads\/2022\/03\/11090425\/WhatsApp-Image-2022-03-10-at-20.06.30-453x450.jpeg 453w, https:\/\/cdn.unasp.br\/noticias\/wp-content\/uploads\/2022\/03\/11090425\/WhatsApp-Image-2022-03-10-at-20.06.30-262x260.jpeg 262w, https:\/\/cdn.unasp.br\/noticias\/wp-content\/uploads\/2022\/03\/11090425\/WhatsApp-Image-2022-03-10-at-20.06.30.jpeg 1170w\" sizes=\"(max-width: 1024px) 100vw, 1024px\" \/><\/figure>\n\n\n\n<h2 class=\"wp-block-heading\"><strong>Dois momentos do evento<\/strong><\/h2>\n\n\n\n<p>A primeira parte do evento contou com todos os alunos de gradua\u00e7\u00e3o do campus Hortol\u00e2ndia, e as convidadas que atuam na defesa dos interesses da mulher. Permitindo um panorama geral do tema e aprofundando a compreens\u00e3o do que \u00e9 viol\u00eancia dom\u00e9stica, quem pode ser considerada v\u00edtima ou criminoso e ampliando o entendimento sobre as formas de viol\u00eancia que n\u00e3o s\u00e3o apenas f\u00edsicas, mas tamb\u00e9m psicol\u00f3gicas, morais, patrimoniais e sexuais.<\/p>\n\n\n\n<p>A segunda parte do evento foi reservada para os alunos do<a href=\"https:\/\/www.unasp.br\/cursos\/ht\/graduacao\/direito-ht\/\" target=\"_blank\" rel=\"noreferrer noopener\"> curso de Direito<\/a> e os inscritos da comunidade , e tornou-se uma oportunidade de discutir v\u00e1rios temas para a compreens\u00e3o das formas de viol\u00eancia contra a mulher, as prote\u00e7\u00f5es legais \u00e0 mulher em situa\u00e7\u00e3o vulner\u00e1vel, bem como a discuss\u00e3o sobre as medidas existentes para romper o ciclo da viol\u00eancia.<\/p>\n\n\n\n<p><meta charset=\"utf-8\">Uma delas inclui a atual utiliza\u00e7\u00e3o dos grupo reflexivos, voltados a homens agressores e aplicados como medida de preven\u00e7\u00e3o a reincid\u00eancia deste tipo de crime. Segundo a coordenadora Covolan, os grupos reflexivos t\u00eam atingido o sucesso de aproximadamente 95% de acordo com experi\u00eancias no pa\u00eds<\/p>\n\n\n\n<h2 class=\"wp-block-heading\"><strong>Atualiza\u00e7\u00f5es da Lei Maria da Penha<\/strong><\/h2>\n\n\n\n<p>&nbsp;De acordo com o <a href=\"https:\/\/www.gov.br\/mdh\/pt-br\" target=\"_blank\" rel=\"noreferrer noopener\">Minist\u00e9rio da Mulher, da Fam\u00edlia e dos Direitos Humanos (MMFDH)<\/a>&nbsp;do Governo Federal, nos \u00faltimos 3 anos foram sancionadas 8 leis para aperfei\u00e7oar a Lei Maria da Penha.<\/p>\n\n\n\n<p>Em 2020, a Lei n\u00ba 13.984\/20 estabeleceu obrigatoriedade referente ao agressor, que deve frequentar centros de educa\u00e7\u00e3o e reabilita\u00e7\u00e3o e fazer acompanhamento psicossocial. Neste mesmo ano, foi sancionada a Lei n\u00ba 14.188\/21, que incluiu a exist\u00eancia da viol\u00eancia psicol\u00f3gica como item para o afastamento do lar.<\/p>\n\n\n\n<p>Em 2021, foram publicadas tr\u00eas normas diretamente relacionadas \u00e0 Lei Maria da Penha. Entre elas, a Lei n\u00ba 14.132\/21, que inclui artigo no C\u00f3digo Penal (CP) para tipificar os crimes de persegui\u00e7\u00e3o (stalking), e a Lei n\u00ba 14.149\/21, que institui o Formul\u00e1rio Nacional de Avalia\u00e7\u00e3o de Risco, com o intuito de prevenir feminic\u00eddios.<\/p>\n\n\n\n<p>A Lei n\u00b0 14.164\/21 altera a Lei de Diretrizes e Bases da Educa\u00e7\u00e3o Nacional para incluir conte\u00fado sobre a preven\u00e7\u00e3o \u00e0 viol\u00eancia contra a mulher nos curr\u00edculos da educa\u00e7\u00e3o b\u00e1sica, al\u00e9m de instituir a Semana Escolar de Combate \u00e0 viol\u00eancia contra a Mulher, a ser celebrada todos os anos no m\u00eas de mar\u00e7o.<\/p>\n\n\n\n<h2 class=\"wp-block-heading\"><strong>Disque den\u00fancia!<\/strong><\/h2>\n\n\n\n<p>Em casos de viol\u00eancia dom\u00e9stica e familiar contra a mulher, ligue 180 (Central de Atendimento \u00e0 Mulher).<\/p>\n","protected":false},"excerpt":{"rendered":"<p>Em homenagem ao m\u00eas das mulheres o curso de direito do UNASP realiza roda de conversa para tratar das \u00faltimas atualiza\u00e7\u00f5es da Lei Maria da Penha<\/p>\n","protected":false},"author":73,"featured_media":96489,"comment_status":"open","ping_status":"open","sticky":false,"template":"","format":"standard","meta":{"footnotes":""},"categories":[10],"tags":[],"yoast_head":"<!-- This site is optimized with the Yoast SEO plugin v23.5 - https:\/\/yoast.com\/wordpress\/plugins\/seo\/ -->\n<title>Atualiza\u00e7\u00f5es da Lei Maria da Penha \u00e9 tema de roda de conversa no UNASP - UNASP Noticias<\/title>\n<meta name=\"description\" content=\"Em homenagem ao m\u00eas das mulheres curso de direito realiza roda de conversa para tratar das \u00faltimas atualiza\u00e7\u00f5es da Lei Maria da Penha\" \/>\n<meta name=\"robots\" content=\"index, follow, max-snippet:-1, max-image-preview:large, max-video-preview:-1\" \/>\n<link rel=\"canonical\" href=\"https:\/\/unasp.br\/noticias\/atualizacao-da-lei-maria-da-penha-no-mes-das-mulheres\/\" \/>\n<meta property=\"og:locale\" content=\"pt_BR\" \/>\n<meta property=\"og:type\" content=\"article\" \/>\n<meta property=\"og:title\" content=\"Atualiza\u00e7\u00f5es da Lei Maria da Penha \u00e9 tema de roda de conversa no UNASP - UNASP Noticias\" \/>\n<meta property=\"og:description\" content=\"Em homenagem ao m\u00eas das mulheres curso de direito realiza roda de conversa para tratar das \u00faltimas atualiza\u00e7\u00f5es da Lei Maria da Penha\" \/>\n<meta property=\"og:url\" content=\"https:\/\/unasp.br\/noticias\/atualizacao-da-lei-maria-da-penha-no-mes-das-mulheres\/\" \/>\n<meta property=\"og:site_name\" content=\"UNASP Noticias\" \/>\n<meta property=\"article:published_time\" content=\"2022-03-11T15:28:25+00:00\" \/>\n<meta property=\"article:modified_time\" content=\"2026-02-25T20:18:11+00:00\" \/>\n<meta property=\"og:image\" content=\"https:\/\/cdn.unasp.br\/noticias\/wp-content\/uploads\/2022\/03\/11090534\/WhatsApp-Image-2022-03-10-at-20.48.55.jpeg\" \/>\n\t<meta property=\"og:image:width\" content=\"1600\" \/>\n\t<meta property=\"og:image:height\" content=\"1200\" \/>\n\t<meta property=\"og:image:type\" content=\"image\/jpeg\" \/>\n<meta name=\"author\" content=\"Maria da Gl\u00f3ria Marques de Paula Barreto\" \/>\n<meta name=\"twitter:card\" content=\"summary_large_image\" \/>\n<meta name=\"twitter:label1\" content=\"Escrito por\" \/>\n\t<meta name=\"twitter:data1\" content=\"Maria da Gl\u00f3ria Marques de Paula Barreto\" \/>\n\t<meta name=\"twitter:label2\" content=\"Est. tempo de leitura\" \/>\n\t<meta name=\"twitter:data2\" content=\"5 minutos\" \/>\n<script type=\"application\/ld+json\" class=\"yoast-schema-graph\">{\"@context\":\"https:\/\/schema.org\",\"@graph\":[{\"@type\":\"Article\",\"@id\":\"https:\/\/unasp.br\/noticias\/atualizacao-da-lei-maria-da-penha-no-mes-das-mulheres\/#article\",\"isPartOf\":{\"@id\":\"https:\/\/unasp.br\/noticias\/atualizacao-da-lei-maria-da-penha-no-mes-das-mulheres\/\"},\"author\":{\"name\":\"Maria da Gl\u00f3ria Marques de Paula Barreto\",\"@id\":\"https:\/\/unasp.br\/noticias\/#\/schema\/person\/f3393a032491eabc46fadb3656375334\"},\"headline\":\"Atualiza\u00e7\u00f5es da Lei Maria da Penha \u00e9 tema de roda de conversa no UNASP\",\"datePublished\":\"2022-03-11T15:28:25+00:00\",\"dateModified\":\"2026-02-25T20:18:11+00:00\",\"mainEntityOfPage\":{\"@id\":\"https:\/\/unasp.br\/noticias\/atualizacao-da-lei-maria-da-penha-no-mes-das-mulheres\/\"},\"wordCount\":804,\"commentCount\":0,\"publisher\":{\"@id\":\"https:\/\/unasp.br\/noticias\/#organization\"},\"image\":{\"@id\":\"https:\/\/unasp.br\/noticias\/atualizacao-da-lei-maria-da-penha-no-mes-das-mulheres\/#primaryimage\"},\"thumbnailUrl\":\"https:\/\/cdn.unasp.br\/noticias\/wp-content\/uploads\/2022\/03\/11090534\/WhatsApp-Image-2022-03-10-at-20.48.55.jpeg\",\"articleSection\":[\"Impacto Social\"],\"inLanguage\":\"pt-BR\",\"potentialAction\":[{\"@type\":\"CommentAction\",\"name\":\"Comment\",\"target\":[\"https:\/\/unasp.br\/noticias\/atualizacao-da-lei-maria-da-penha-no-mes-das-mulheres\/#respond\"]}]},{\"@type\":\"WebPage\",\"@id\":\"https:\/\/unasp.br\/noticias\/atualizacao-da-lei-maria-da-penha-no-mes-das-mulheres\/\",\"url\":\"https:\/\/unasp.br\/noticias\/atualizacao-da-lei-maria-da-penha-no-mes-das-mulheres\/\",\"name\":\"Atualiza\u00e7\u00f5es da Lei Maria da Penha \u00e9 tema de roda de conversa no UNASP - UNASP Noticias\",\"isPartOf\":{\"@id\":\"https:\/\/unasp.br\/noticias\/#website\"},\"primaryImageOfPage\":{\"@id\":\"https:\/\/unasp.br\/noticias\/atualizacao-da-lei-maria-da-penha-no-mes-das-mulheres\/#primaryimage\"},\"image\":{\"@id\":\"https:\/\/unasp.br\/noticias\/atualizacao-da-lei-maria-da-penha-no-mes-das-mulheres\/#primaryimage\"},\"thumbnailUrl\":\"https:\/\/cdn.unasp.br\/noticias\/wp-content\/uploads\/2022\/03\/11090534\/WhatsApp-Image-2022-03-10-at-20.48.55.jpeg\",\"datePublished\":\"2022-03-11T15:28:25+00:00\",\"dateModified\":\"2026-02-25T20:18:11+00:00\",\"description\":\"Em homenagem ao m\u00eas das mulheres curso de direito realiza roda de conversa para tratar das \u00faltimas atualiza\u00e7\u00f5es da Lei Maria da Penha\",\"breadcrumb\":{\"@id\":\"https:\/\/unasp.br\/noticias\/atualizacao-da-lei-maria-da-penha-no-mes-das-mulheres\/#breadcrumb\"},\"inLanguage\":\"pt-BR\",\"potentialAction\":[{\"@type\":\"ReadAction\",\"target\":[\"https:\/\/unasp.br\/noticias\/atualizacao-da-lei-maria-da-penha-no-mes-das-mulheres\/\"]}]},{\"@type\":\"ImageObject\",\"inLanguage\":\"pt-BR\",\"@id\":\"https:\/\/unasp.br\/noticias\/atualizacao-da-lei-maria-da-penha-no-mes-das-mulheres\/#primaryimage\",\"url\":\"https:\/\/cdn.unasp.br\/noticias\/wp-content\/uploads\/2022\/03\/11090534\/WhatsApp-Image-2022-03-10-at-20.48.55.jpeg\",\"contentUrl\":\"https:\/\/cdn.unasp.br\/noticias\/wp-content\/uploads\/2022\/03\/11090534\/WhatsApp-Image-2022-03-10-at-20.48.55.jpeg\",\"width\":1600,\"height\":1200},{\"@type\":\"BreadcrumbList\",\"@id\":\"https:\/\/unasp.br\/noticias\/atualizacao-da-lei-maria-da-penha-no-mes-das-mulheres\/#breadcrumb\",\"itemListElement\":[{\"@type\":\"ListItem\",\"position\":1,\"name\":\"In\u00edcio\",\"item\":\"https:\/\/unasp.br\/noticias\/\"},{\"@type\":\"ListItem\",\"position\":2,\"name\":\"Atualiza\u00e7\u00f5es da Lei Maria da Penha \u00e9 tema de roda de conversa no UNASP\"}]},{\"@type\":\"WebSite\",\"@id\":\"https:\/\/unasp.br\/noticias\/#website\",\"url\":\"https:\/\/unasp.br\/noticias\/\",\"name\":\"UNASP Noticias\",\"description\":\"Centro Universit\u00e1rio Adventista de S\u00e3o Paulo\",\"publisher\":{\"@id\":\"https:\/\/unasp.br\/noticias\/#organization\"},\"potentialAction\":[{\"@type\":\"SearchAction\",\"target\":{\"@type\":\"EntryPoint\",\"urlTemplate\":\"https:\/\/unasp.br\/noticias\/?s={search_term_string}\"},\"query-input\":{\"@type\":\"PropertyValueSpecification\",\"valueRequired\":true,\"valueName\":\"search_term_string\"}}],\"inLanguage\":\"pt-BR\"},{\"@type\":\"Organization\",\"@id\":\"https:\/\/unasp.br\/noticias\/#organization\",\"name\":\"UNASP Noticias\",\"url\":\"https:\/\/unasp.br\/noticias\/\",\"logo\":{\"@type\":\"ImageObject\",\"inLanguage\":\"pt-BR\",\"@id\":\"https:\/\/unasp.br\/noticias\/#\/schema\/logo\/image\/\",\"url\":\"https:\/\/cdn.unasp.br\/noticias\/wp-content\/uploads\/2021\/09\/09152724\/logo-unasp-news.png\",\"contentUrl\":\"https:\/\/cdn.unasp.br\/noticias\/wp-content\/uploads\/2021\/09\/09152724\/logo-unasp-news.png\",\"width\":240,\"height\":41,\"caption\":\"UNASP Noticias\"},\"image\":{\"@id\":\"https:\/\/unasp.br\/noticias\/#\/schema\/logo\/image\/\"}},{\"@type\":\"Person\",\"@id\":\"https:\/\/unasp.br\/noticias\/#\/schema\/person\/f3393a032491eabc46fadb3656375334\",\"name\":\"Maria da Gl\u00f3ria Marques de Paula Barreto\",\"image\":{\"@type\":\"ImageObject\",\"inLanguage\":\"pt-BR\",\"@id\":\"https:\/\/unasp.br\/noticias\/#\/schema\/person\/image\/\",\"url\":\"https:\/\/secure.gravatar.com\/avatar\/3c23babfa2a847f4ce1e1403fe341fa3?s=96&d=mm&r=g\",\"contentUrl\":\"https:\/\/secure.gravatar.com\/avatar\/3c23babfa2a847f4ce1e1403fe341fa3?s=96&d=mm&r=g\",\"caption\":\"Maria da Gl\u00f3ria Marques de Paula Barreto\"},\"url\":\"https:\/\/unasp.br\/noticias\/author\/gloria-barretoadventistas-org\/\"}]}<\/script>\n<!-- \/ Yoast SEO plugin. -->","yoast_head_json":{"title":"Atualiza\u00e7\u00f5es da Lei Maria da Penha \u00e9 tema de roda de conversa no UNASP - UNASP Noticias","description":"Em homenagem ao m\u00eas das mulheres curso de direito realiza roda de conversa para tratar das \u00faltimas atualiza\u00e7\u00f5es da Lei Maria da Penha","robots":{"index":"index","follow":"follow","max-snippet":"max-snippet:-1","max-image-preview":"max-image-preview:large","max-video-preview":"max-video-preview:-1"},"canonical":"https:\/\/unasp.br\/noticias\/atualizacao-da-lei-maria-da-penha-no-mes-das-mulheres\/","og_locale":"pt_BR","og_type":"article","og_title":"Atualiza\u00e7\u00f5es da Lei Maria da Penha \u00e9 tema de roda de conversa no UNASP - UNASP Noticias","og_description":"Em homenagem ao m\u00eas das mulheres curso de direito realiza roda de conversa para tratar das \u00faltimas atualiza\u00e7\u00f5es da Lei Maria da Penha","og_url":"https:\/\/unasp.br\/noticias\/atualizacao-da-lei-maria-da-penha-no-mes-das-mulheres\/","og_site_name":"UNASP Noticias","article_published_time":"2022-03-11T15:28:25+00:00","article_modified_time":"2026-02-25T20:18:11+00:00","og_image":[{"width":1600,"height":1200,"url":"https:\/\/cdn.unasp.br\/noticias\/wp-content\/uploads\/2022\/03\/11090534\/WhatsApp-Image-2022-03-10-at-20.48.55.jpeg","type":"image\/jpeg"}],"author":"Maria da Gl\u00f3ria Marques de Paula Barreto","twitter_card":"summary_large_image","twitter_misc":{"Escrito por":"Maria da Gl\u00f3ria Marques de Paula Barreto","Est. tempo de leitura":"5 minutos"},"schema":{"@context":"https:\/\/schema.org","@graph":[{"@type":"Article","@id":"https:\/\/unasp.br\/noticias\/atualizacao-da-lei-maria-da-penha-no-mes-das-mulheres\/#article","isPartOf":{"@id":"https:\/\/unasp.br\/noticias\/atualizacao-da-lei-maria-da-penha-no-mes-das-mulheres\/"},"author":{"name":"Maria da Gl\u00f3ria Marques de Paula Barreto","@id":"https:\/\/unasp.br\/noticias\/#\/schema\/person\/f3393a032491eabc46fadb3656375334"},"headline":"Atualiza\u00e7\u00f5es da Lei Maria da Penha \u00e9 tema de roda de conversa no UNASP","datePublished":"2022-03-11T15:28:25+00:00","dateModified":"2026-02-25T20:18:11+00:00","mainEntityOfPage":{"@id":"https:\/\/unasp.br\/noticias\/atualizacao-da-lei-maria-da-penha-no-mes-das-mulheres\/"},"wordCount":804,"commentCount":0,"publisher":{"@id":"https:\/\/unasp.br\/noticias\/#organization"},"image":{"@id":"https:\/\/unasp.br\/noticias\/atualizacao-da-lei-maria-da-penha-no-mes-das-mulheres\/#primaryimage"},"thumbnailUrl":"https:\/\/cdn.unasp.br\/noticias\/wp-content\/uploads\/2022\/03\/11090534\/WhatsApp-Image-2022-03-10-at-20.48.55.jpeg","articleSection":["Impacto Social"],"inLanguage":"pt-BR","potentialAction":[{"@type":"CommentAction","name":"Comment","target":["https:\/\/unasp.br\/noticias\/atualizacao-da-lei-maria-da-penha-no-mes-das-mulheres\/#respond"]}]},{"@type":"WebPage","@id":"https:\/\/unasp.br\/noticias\/atualizacao-da-lei-maria-da-penha-no-mes-das-mulheres\/","url":"https:\/\/unasp.br\/noticias\/atualizacao-da-lei-maria-da-penha-no-mes-das-mulheres\/","name":"Atualiza\u00e7\u00f5es da Lei Maria da Penha \u00e9 tema de roda de conversa no UNASP - UNASP Noticias","isPartOf":{"@id":"https:\/\/unasp.br\/noticias\/#website"},"primaryImageOfPage":{"@id":"https:\/\/unasp.br\/noticias\/atualizacao-da-lei-maria-da-penha-no-mes-das-mulheres\/#primaryimage"},"image":{"@id":"https:\/\/unasp.br\/noticias\/atualizacao-da-lei-maria-da-penha-no-mes-das-mulheres\/#primaryimage"},"thumbnailUrl":"https:\/\/cdn.unasp.br\/noticias\/wp-content\/uploads\/2022\/03\/11090534\/WhatsApp-Image-2022-03-10-at-20.48.55.jpeg","datePublished":"2022-03-11T15:28:25+00:00","dateModified":"2026-02-25T20:18:11+00:00","description":"Em homenagem ao m\u00eas das mulheres curso de direito realiza roda de conversa para tratar das \u00faltimas atualiza\u00e7\u00f5es da Lei Maria da Penha","breadcrumb":{"@id":"https:\/\/unasp.br\/noticias\/atualizacao-da-lei-maria-da-penha-no-mes-das-mulheres\/#breadcrumb"},"inLanguage":"pt-BR","potentialAction":[{"@type":"ReadAction","target":["https:\/\/unasp.br\/noticias\/atualizacao-da-lei-maria-da-penha-no-mes-das-mulheres\/"]}]},{"@type":"ImageObject","inLanguage":"pt-BR","@id":"https:\/\/unasp.br\/noticias\/atualizacao-da-lei-maria-da-penha-no-mes-das-mulheres\/#primaryimage","url":"https:\/\/cdn.unasp.br\/noticias\/wp-content\/uploads\/2022\/03\/11090534\/WhatsApp-Image-2022-03-10-at-20.48.55.jpeg","contentUrl":"https:\/\/cdn.unasp.br\/noticias\/wp-content\/uploads\/2022\/03\/11090534\/WhatsApp-Image-2022-03-10-at-20.48.55.jpeg","width":1600,"height":1200},{"@type":"BreadcrumbList","@id":"https:\/\/unasp.br\/noticias\/atualizacao-da-lei-maria-da-penha-no-mes-das-mulheres\/#breadcrumb","itemListElement":[{"@type":"ListItem","position":1,"name":"In\u00edcio","item":"https:\/\/unasp.br\/noticias\/"},{"@type":"ListItem","position":2,"name":"Atualiza\u00e7\u00f5es da Lei Maria da Penha \u00e9 tema de roda de conversa no UNASP"}]},{"@type":"WebSite","@id":"https:\/\/unasp.br\/noticias\/#website","url":"https:\/\/unasp.br\/noticias\/","name":"UNASP Noticias","description":"Centro Universit\u00e1rio Adventista de S\u00e3o Paulo","publisher":{"@id":"https:\/\/unasp.br\/noticias\/#organization"},"potentialAction":[{"@type":"SearchAction","target":{"@type":"EntryPoint","urlTemplate":"https:\/\/unasp.br\/noticias\/?s={search_term_string}"},"query-input":{"@type":"PropertyValueSpecification","valueRequired":true,"valueName":"search_term_string"}}],"inLanguage":"pt-BR"},{"@type":"Organization","@id":"https:\/\/unasp.br\/noticias\/#organization","name":"UNASP Noticias","url":"https:\/\/unasp.br\/noticias\/","logo":{"@type":"ImageObject","inLanguage":"pt-BR","@id":"https:\/\/unasp.br\/noticias\/#\/schema\/logo\/image\/","url":"https:\/\/cdn.unasp.br\/noticias\/wp-content\/uploads\/2021\/09\/09152724\/logo-unasp-news.png","contentUrl":"https:\/\/cdn.unasp.br\/noticias\/wp-content\/uploads\/2021\/09\/09152724\/logo-unasp-news.png","width":240,"height":41,"caption":"UNASP Noticias"},"image":{"@id":"https:\/\/unasp.br\/noticias\/#\/schema\/logo\/image\/"}},{"@type":"Person","@id":"https:\/\/unasp.br\/noticias\/#\/schema\/person\/f3393a032491eabc46fadb3656375334","name":"Maria da Gl\u00f3ria Marques de Paula Barreto","image":{"@type":"ImageObject","inLanguage":"pt-BR","@id":"https:\/\/unasp.br\/noticias\/#\/schema\/person\/image\/","url":"https:\/\/secure.gravatar.com\/avatar\/3c23babfa2a847f4ce1e1403fe341fa3?s=96&d=mm&r=g","contentUrl":"https:\/\/secure.gravatar.com\/avatar\/3c23babfa2a847f4ce1e1403fe341fa3?s=96&d=mm&r=g","caption":"Maria da Gl\u00f3ria Marques de Paula Barreto"},"url":"https:\/\/unasp.br\/noticias\/author\/gloria-barretoadventistas-org\/"}]}},"_links":{"self":[{"href":"https:\/\/unasp.br\/noticias\/wp-json\/wp\/v2\/posts\/96487"}],"collection":[{"href":"https:\/\/unasp.br\/noticias\/wp-json\/wp\/v2\/posts"}],"about":[{"href":"https:\/\/unasp.br\/noticias\/wp-json\/wp\/v2\/types\/post"}],"author":[{"embeddable":true,"href":"https:\/\/unasp.br\/noticias\/wp-json\/wp\/v2\/users\/73"}],"replies":[{"embeddable":true,"href":"https:\/\/unasp.br\/noticias\/wp-json\/wp\/v2\/comments?post=96487"}],"version-history":[{"count":9,"href":"https:\/\/unasp.br\/noticias\/wp-json\/wp\/v2\/posts\/96487\/revisions"}],"predecessor-version":[{"id":96518,"href":"https:\/\/unasp.br\/noticias\/wp-json\/wp\/v2\/posts\/96487\/revisions\/96518"}],"wp:featuredmedia":[{"embeddable":true,"href":"https:\/\/unasp.br\/noticias\/wp-json\/wp\/v2\/media\/96489"}],"wp:attachment":[{"href":"https:\/\/unasp.br\/noticias\/wp-json\/wp\/v2\/media?parent=96487"}],"wp:term":[{"taxonomy":"category","embeddable":true,"href":"https:\/\/unasp.br\/noticias\/wp-json\/wp\/v2\/categories?post=96487"},{"taxonomy":"post_tag","embeddable":true,"href":"https:\/\/unasp.br\/noticias\/wp-json\/wp\/v2\/tags?post=96487"}],"curies":[{"name":"wp","href":"https:\/\/api.w.org\/{rel}","templated":true}]}}