{"id":96579,"date":"2022-03-17T16:51:32","date_gmt":"2022-03-17T19:51:32","guid":{"rendered":"https:\/\/www.unasp.br\/noticias\/?p=96579"},"modified":"2022-03-21T08:14:27","modified_gmt":"2022-03-21T11:14:27","slug":"consu-do-unasp-reune-lideres-2022","status":"publish","type":"post","link":"https:\/\/unasp.br\/noticias\/consu-do-unasp-reune-lideres-2022\/","title":{"rendered":"Conselho Universit\u00e1rio do UNASP re\u00fane l\u00edderes para decis\u00f5es administrativas"},"content":{"rendered":"\n<p>Na manh\u00e3 da quinta-feira (18), os l\u00edderes do <a href=\"https:\/\/www.unasp.br\/\">UNASP<\/a> se reuniram para relatar avan\u00e7os e definir novos caminhos para a institui\u00e7\u00e3o de ensino. O campus <a href=\"https:\/\/www.unasp.br\/ec\/\">Engenheiro Coelho<\/a> foi sede da reuni\u00e3o e recebeu diretores de <a href=\"https:\/\/www.unasp.br\/ht\/\">Hortol\u00e2ndia<\/a>, <a href=\"https:\/\/www.unasp.br\/sp\/\">S\u00e3o Paulo<\/a> e da <a href=\"https:\/\/eadadventista.unasp.br\/\">Educa\u00e7\u00e3o Adventista a Dist\u00e2ncia<\/a>. A mantenedora Uni\u00e3o Central Brasileira tamb\u00e9m estava presente sendo representada pelo pastor e presidente Maur\u00edcio Lima.<\/p>\n\n\n\n<p>Durante a sess\u00e3o, o reitor Martin Kuhn e pr\u00f3-reitor Telson Vargas conduziram a vota\u00e7\u00e3o para cada relat\u00f3rio apresentado. As decis\u00f5es tomadas envolveram temas dos n\u00facleos acad\u00eamicos, espirituais e administrativos do UNASP, a fim de coordenar a din\u00e2mica denominacional para 2022. Al\u00e9m das medidas, os membros do conselho comemoraram as conquistas que tiveram no \u00faltimo ano. <\/p>\n\n\n\n<p>A manh\u00e3 teve alguns temas de destaque. A educa\u00e7\u00e3o b\u00e1sica foi aplaudida mediante o desempenho acima do esperado no n\u00famero de matr\u00edculas. A expectativa \u00e9 ampliar esse n\u00famero no ano seguinte. Outras proje\u00e7\u00f5es foram comentadas para as miss\u00f5es e atividades espirituais, que retomam a n\u00edvel urbano, nacional e internacional. A educa\u00e7\u00e3o a dist\u00e2ncia tamb\u00e9m se mostrou um dos focos para o futuro. A ideia para este ano \u00e9 expandir os servi\u00e7os oferecidos e manter a qualidade do ensino.<\/p>\n\n\n\n<p>A reflex\u00e3o retomou a frase de Ellen White: &#8220;Nada temos a temer quanto ao futuro, a menos que nos esque\u00e7amos como Deus tem nos conduzido no passado&#8221;. Durante a mensagem espiritual, os colaboradores foram convidados a se sentirem seguros pelo trabalho realizado, tendo em vista os resultados positivos em cada campus. <\/p>\n\n\n\n<div class=\"wp-block-image\"><figure class=\"aligncenter size-large\"><img loading=\"lazy\" decoding=\"async\" width=\"1024\" height=\"683\" src=\"https:\/\/www.unasp.br\/noticias\/wp-content\/uploads\/2022\/03\/51943912213_54c0e56d2e_o-1024x683.jpg\" alt=\"\" class=\"wp-image-96582\" srcset=\"https:\/\/cdn.unasp.br\/noticias\/wp-content\/uploads\/2022\/03\/17133429\/51943912213_54c0e56d2e_o-1024x683.jpg 1024w, https:\/\/cdn.unasp.br\/noticias\/wp-content\/uploads\/2022\/03\/17133429\/51943912213_54c0e56d2e_o-300x200.jpg 300w, https:\/\/cdn.unasp.br\/noticias\/wp-content\/uploads\/2022\/03\/17133429\/51943912213_54c0e56d2e_o-768x512.jpg 768w, https:\/\/cdn.unasp.br\/noticias\/wp-content\/uploads\/2022\/03\/17133429\/51943912213_54c0e56d2e_o-1536x1024.jpg 1536w, https:\/\/cdn.unasp.br\/noticias\/wp-content\/uploads\/2022\/03\/17133429\/51943912213_54c0e56d2e_o-900x600.jpg 900w, https:\/\/cdn.unasp.br\/noticias\/wp-content\/uploads\/2022\/03\/17133429\/51943912213_54c0e56d2e_o-1200x800.jpg 1200w, https:\/\/cdn.unasp.br\/noticias\/wp-content\/uploads\/2022\/03\/17133429\/51943912213_54c0e56d2e_o-1080x720.jpg 1080w, https:\/\/cdn.unasp.br\/noticias\/wp-content\/uploads\/2022\/03\/17133429\/51943912213_54c0e56d2e_o-800x533.jpg 800w, https:\/\/cdn.unasp.br\/noticias\/wp-content\/uploads\/2022\/03\/17133429\/51943912213_54c0e56d2e_o-750x500.jpg 750w, https:\/\/cdn.unasp.br\/noticias\/wp-content\/uploads\/2022\/03\/17133429\/51943912213_54c0e56d2e_o-720x480.jpg 720w, https:\/\/cdn.unasp.br\/noticias\/wp-content\/uploads\/2022\/03\/17133429\/51943912213_54c0e56d2e_o-420x280.jpg 420w, https:\/\/cdn.unasp.br\/noticias\/wp-content\/uploads\/2022\/03\/17133429\/51943912213_54c0e56d2e_o-500x333.jpg 500w, https:\/\/cdn.unasp.br\/noticias\/wp-content\/uploads\/2022\/03\/17133429\/51943912213_54c0e56d2e_o-400x267.jpg 400w, https:\/\/cdn.unasp.br\/noticias\/wp-content\/uploads\/2022\/03\/17133429\/51943912213_54c0e56d2e_o-225x150.jpg 225w, https:\/\/cdn.unasp.br\/noticias\/wp-content\/uploads\/2022\/03\/17133429\/51943912213_54c0e56d2e_o-175x117.jpg 175w, https:\/\/cdn.unasp.br\/noticias\/wp-content\/uploads\/2022\/03\/17133429\/51943912213_54c0e56d2e_o-200x133.jpg 200w, https:\/\/cdn.unasp.br\/noticias\/wp-content\/uploads\/2022\/03\/17133429\/51943912213_54c0e56d2e_o-675x450.jpg 675w, https:\/\/cdn.unasp.br\/noticias\/wp-content\/uploads\/2022\/03\/17133429\/51943912213_54c0e56d2e_o-390x260.jpg 390w, https:\/\/cdn.unasp.br\/noticias\/wp-content\/uploads\/2022\/03\/17133429\/51943912213_54c0e56d2e_o.jpg 2048w\" sizes=\"(max-width: 1024px) 100vw, 1024px\" \/><\/figure><\/div>\n\n\n\n<p><\/p>\n","protected":false},"excerpt":{"rendered":"<p>Representantes dos campi discutiram os rumos da institui\u00e7\u00e3o<\/p>\n","protected":false},"author":76,"featured_media":96580,"comment_status":"open","ping_status":"open","sticky":false,"template":"","format":"standard","meta":{"footnotes":""},"categories":[6],"tags":[2681,102,292,51,60],"yoast_head":"<!-- This site is optimized with the Yoast SEO plugin v23.5 - https:\/\/yoast.com\/wordpress\/plugins\/seo\/ -->\n<title>CONSU do UNASP re\u00fane l\u00edderes para decis\u00f5es administrativas<\/title>\n<meta name=\"description\" content=\"Na manh\u00e3 da quinta-feira (18), os l\u00edderes do UNASP se reuniram para relatar avan\u00e7os e definir novos caminhos para a institui\u00e7\u00e3o de ensino.\" \/>\n<meta name=\"robots\" content=\"index, follow, max-snippet:-1, max-image-preview:large, max-video-preview:-1\" \/>\n<link rel=\"canonical\" href=\"https:\/\/unasp.br\/noticias\/consu-do-unasp-reune-lideres-2022\/\" \/>\n<meta property=\"og:locale\" content=\"pt_BR\" \/>\n<meta property=\"og:type\" content=\"article\" \/>\n<meta property=\"og:title\" content=\"CONSU do UNASP re\u00fane l\u00edderes para decis\u00f5es administrativas\" \/>\n<meta property=\"og:description\" content=\"Na manh\u00e3 da quinta-feira (18), os l\u00edderes do UNASP se reuniram para relatar avan\u00e7os e definir novos caminhos para a institui\u00e7\u00e3o de ensino.\" \/>\n<meta property=\"og:url\" content=\"https:\/\/unasp.br\/noticias\/consu-do-unasp-reune-lideres-2022\/\" \/>\n<meta property=\"og:site_name\" content=\"UNASP Noticias\" \/>\n<meta property=\"article:published_time\" content=\"2022-03-17T19:51:32+00:00\" \/>\n<meta property=\"article:modified_time\" content=\"2022-03-21T11:14:27+00:00\" \/>\n<meta property=\"og:image\" content=\"https:\/\/cdn.unasp.br\/noticias\/wp-content\/uploads\/2022\/03\/17133235\/51942844707_3edb644637_o.jpg\" \/>\n\t<meta property=\"og:image:width\" content=\"2048\" \/>\n\t<meta property=\"og:image:height\" content=\"1365\" \/>\n\t<meta property=\"og:image:type\" content=\"image\/jpeg\" \/>\n<meta name=\"author\" content=\"Ana Silveira\" \/>\n<meta name=\"twitter:card\" content=\"summary_large_image\" \/>\n<meta name=\"twitter:label1\" content=\"Escrito por\" \/>\n\t<meta name=\"twitter:data1\" content=\"Ana Silveira\" \/>\n\t<meta name=\"twitter:label2\" content=\"Est. tempo de leitura\" \/>\n\t<meta name=\"twitter:data2\" content=\"2 minutos\" \/>\n<script type=\"application\/ld+json\" class=\"yoast-schema-graph\">{\"@context\":\"https:\/\/schema.org\",\"@graph\":[{\"@type\":\"Article\",\"@id\":\"https:\/\/unasp.br\/noticias\/consu-do-unasp-reune-lideres-2022\/#article\",\"isPartOf\":{\"@id\":\"https:\/\/unasp.br\/noticias\/consu-do-unasp-reune-lideres-2022\/\"},\"author\":{\"name\":\"Ana Silveira\",\"@id\":\"https:\/\/unasp.br\/noticias\/#\/schema\/person\/31f019c7998f233ad4e548824bf7c0df\"},\"headline\":\"Conselho Universit\u00e1rio do UNASP re\u00fane l\u00edderes para decis\u00f5es administrativas\",\"datePublished\":\"2022-03-17T19:51:32+00:00\",\"dateModified\":\"2022-03-21T11:14:27+00:00\",\"mainEntityOfPage\":{\"@id\":\"https:\/\/unasp.br\/noticias\/consu-do-unasp-reune-lideres-2022\/\"},\"wordCount\":287,\"commentCount\":0,\"publisher\":{\"@id\":\"https:\/\/unasp.br\/noticias\/#organization\"},\"image\":{\"@id\":\"https:\/\/unasp.br\/noticias\/consu-do-unasp-reune-lideres-2022\/#primaryimage\"},\"thumbnailUrl\":\"https:\/\/cdn.unasp.br\/noticias\/wp-content\/uploads\/2022\/03\/17133235\/51942844707_3edb644637_o.jpg\",\"keywords\":[\"consu\",\"educa\u00e7\u00e3o\",\"Gradua\u00e7\u00e3o\",\"reuni\u00e3o\",\"UNASP\"],\"articleSection\":[\"Acontece no UNASP\"],\"inLanguage\":\"pt-BR\",\"potentialAction\":[{\"@type\":\"CommentAction\",\"name\":\"Comment\",\"target\":[\"https:\/\/unasp.br\/noticias\/consu-do-unasp-reune-lideres-2022\/#respond\"]}]},{\"@type\":\"WebPage\",\"@id\":\"https:\/\/unasp.br\/noticias\/consu-do-unasp-reune-lideres-2022\/\",\"url\":\"https:\/\/unasp.br\/noticias\/consu-do-unasp-reune-lideres-2022\/\",\"name\":\"CONSU do UNASP re\u00fane l\u00edderes para decis\u00f5es administrativas\",\"isPartOf\":{\"@id\":\"https:\/\/unasp.br\/noticias\/#website\"},\"primaryImageOfPage\":{\"@id\":\"https:\/\/unasp.br\/noticias\/consu-do-unasp-reune-lideres-2022\/#primaryimage\"},\"image\":{\"@id\":\"https:\/\/unasp.br\/noticias\/consu-do-unasp-reune-lideres-2022\/#primaryimage\"},\"thumbnailUrl\":\"https:\/\/cdn.unasp.br\/noticias\/wp-content\/uploads\/2022\/03\/17133235\/51942844707_3edb644637_o.jpg\",\"datePublished\":\"2022-03-17T19:51:32+00:00\",\"dateModified\":\"2022-03-21T11:14:27+00:00\",\"description\":\"Na manh\u00e3 da quinta-feira (18), os l\u00edderes do UNASP se reuniram para relatar avan\u00e7os e definir novos caminhos para a institui\u00e7\u00e3o de ensino.\",\"breadcrumb\":{\"@id\":\"https:\/\/unasp.br\/noticias\/consu-do-unasp-reune-lideres-2022\/#breadcrumb\"},\"inLanguage\":\"pt-BR\",\"potentialAction\":[{\"@type\":\"ReadAction\",\"target\":[\"https:\/\/unasp.br\/noticias\/consu-do-unasp-reune-lideres-2022\/\"]}]},{\"@type\":\"ImageObject\",\"inLanguage\":\"pt-BR\",\"@id\":\"https:\/\/unasp.br\/noticias\/consu-do-unasp-reune-lideres-2022\/#primaryimage\",\"url\":\"https:\/\/cdn.unasp.br\/noticias\/wp-content\/uploads\/2022\/03\/17133235\/51942844707_3edb644637_o.jpg\",\"contentUrl\":\"https:\/\/cdn.unasp.br\/noticias\/wp-content\/uploads\/2022\/03\/17133235\/51942844707_3edb644637_o.jpg\",\"width\":2048,\"height\":1365,\"caption\":\"Conselho Universit\u00e1rio marca in\u00edcio das atividades.\"},{\"@type\":\"BreadcrumbList\",\"@id\":\"https:\/\/unasp.br\/noticias\/consu-do-unasp-reune-lideres-2022\/#breadcrumb\",\"itemListElement\":[{\"@type\":\"ListItem\",\"position\":1,\"name\":\"In\u00edcio\",\"item\":\"https:\/\/unasp.br\/noticias\/\"},{\"@type\":\"ListItem\",\"position\":2,\"name\":\"Conselho Universit\u00e1rio do UNASP re\u00fane l\u00edderes para decis\u00f5es administrativas\"}]},{\"@type\":\"WebSite\",\"@id\":\"https:\/\/unasp.br\/noticias\/#website\",\"url\":\"https:\/\/unasp.br\/noticias\/\",\"name\":\"UNASP Noticias\",\"description\":\"Centro Universit\u00e1rio Adventista de S\u00e3o Paulo\",\"publisher\":{\"@id\":\"https:\/\/unasp.br\/noticias\/#organization\"},\"potentialAction\":[{\"@type\":\"SearchAction\",\"target\":{\"@type\":\"EntryPoint\",\"urlTemplate\":\"https:\/\/unasp.br\/noticias\/?s={search_term_string}\"},\"query-input\":{\"@type\":\"PropertyValueSpecification\",\"valueRequired\":true,\"valueName\":\"search_term_string\"}}],\"inLanguage\":\"pt-BR\"},{\"@type\":\"Organization\",\"@id\":\"https:\/\/unasp.br\/noticias\/#organization\",\"name\":\"UNASP Noticias\",\"url\":\"https:\/\/unasp.br\/noticias\/\",\"logo\":{\"@type\":\"ImageObject\",\"inLanguage\":\"pt-BR\",\"@id\":\"https:\/\/unasp.br\/noticias\/#\/schema\/logo\/image\/\",\"url\":\"https:\/\/cdn.unasp.br\/noticias\/wp-content\/uploads\/2021\/09\/09152724\/logo-unasp-news.png\",\"contentUrl\":\"https:\/\/cdn.unasp.br\/noticias\/wp-content\/uploads\/2021\/09\/09152724\/logo-unasp-news.png\",\"width\":240,\"height\":41,\"caption\":\"UNASP Noticias\"},\"image\":{\"@id\":\"https:\/\/unasp.br\/noticias\/#\/schema\/logo\/image\/\"}},{\"@type\":\"Person\",\"@id\":\"https:\/\/unasp.br\/noticias\/#\/schema\/person\/31f019c7998f233ad4e548824bf7c0df\",\"name\":\"Ana Silveira\",\"image\":{\"@type\":\"ImageObject\",\"inLanguage\":\"pt-BR\",\"@id\":\"https:\/\/unasp.br\/noticias\/#\/schema\/person\/image\/\",\"url\":\"https:\/\/secure.gravatar.com\/avatar\/6321ef5554e60944d8acf3f725a90e2d?s=96&d=mm&r=g\",\"contentUrl\":\"https:\/\/secure.gravatar.com\/avatar\/6321ef5554e60944d8acf3f725a90e2d?s=96&d=mm&r=g\",\"caption\":\"Ana Silveira\"},\"url\":\"https:\/\/unasp.br\/noticias\/author\/ana-silveiraunasp-edu-br\/\"}]}<\/script>\n<!-- \/ Yoast SEO plugin. -->","yoast_head_json":{"title":"CONSU do UNASP re\u00fane l\u00edderes para decis\u00f5es administrativas","description":"Na manh\u00e3 da quinta-feira (18), os l\u00edderes do UNASP se reuniram para relatar avan\u00e7os e definir novos caminhos para a institui\u00e7\u00e3o de ensino.","robots":{"index":"index","follow":"follow","max-snippet":"max-snippet:-1","max-image-preview":"max-image-preview:large","max-video-preview":"max-video-preview:-1"},"canonical":"https:\/\/unasp.br\/noticias\/consu-do-unasp-reune-lideres-2022\/","og_locale":"pt_BR","og_type":"article","og_title":"CONSU do UNASP re\u00fane l\u00edderes para decis\u00f5es administrativas","og_description":"Na manh\u00e3 da quinta-feira (18), os l\u00edderes do UNASP se reuniram para relatar avan\u00e7os e definir novos caminhos para a institui\u00e7\u00e3o de ensino.","og_url":"https:\/\/unasp.br\/noticias\/consu-do-unasp-reune-lideres-2022\/","og_site_name":"UNASP Noticias","article_published_time":"2022-03-17T19:51:32+00:00","article_modified_time":"2022-03-21T11:14:27+00:00","og_image":[{"width":2048,"height":1365,"url":"https:\/\/cdn.unasp.br\/noticias\/wp-content\/uploads\/2022\/03\/17133235\/51942844707_3edb644637_o.jpg","type":"image\/jpeg"}],"author":"Ana Silveira","twitter_card":"summary_large_image","twitter_misc":{"Escrito por":"Ana Silveira","Est. tempo de leitura":"2 minutos"},"schema":{"@context":"https:\/\/schema.org","@graph":[{"@type":"Article","@id":"https:\/\/unasp.br\/noticias\/consu-do-unasp-reune-lideres-2022\/#article","isPartOf":{"@id":"https:\/\/unasp.br\/noticias\/consu-do-unasp-reune-lideres-2022\/"},"author":{"name":"Ana Silveira","@id":"https:\/\/unasp.br\/noticias\/#\/schema\/person\/31f019c7998f233ad4e548824bf7c0df"},"headline":"Conselho Universit\u00e1rio do UNASP re\u00fane l\u00edderes para decis\u00f5es administrativas","datePublished":"2022-03-17T19:51:32+00:00","dateModified":"2022-03-21T11:14:27+00:00","mainEntityOfPage":{"@id":"https:\/\/unasp.br\/noticias\/consu-do-unasp-reune-lideres-2022\/"},"wordCount":287,"commentCount":0,"publisher":{"@id":"https:\/\/unasp.br\/noticias\/#organization"},"image":{"@id":"https:\/\/unasp.br\/noticias\/consu-do-unasp-reune-lideres-2022\/#primaryimage"},"thumbnailUrl":"https:\/\/cdn.unasp.br\/noticias\/wp-content\/uploads\/2022\/03\/17133235\/51942844707_3edb644637_o.jpg","keywords":["consu","educa\u00e7\u00e3o","Gradua\u00e7\u00e3o","reuni\u00e3o","UNASP"],"articleSection":["Acontece no UNASP"],"inLanguage":"pt-BR","potentialAction":[{"@type":"CommentAction","name":"Comment","target":["https:\/\/unasp.br\/noticias\/consu-do-unasp-reune-lideres-2022\/#respond"]}]},{"@type":"WebPage","@id":"https:\/\/unasp.br\/noticias\/consu-do-unasp-reune-lideres-2022\/","url":"https:\/\/unasp.br\/noticias\/consu-do-unasp-reune-lideres-2022\/","name":"CONSU do UNASP re\u00fane l\u00edderes para decis\u00f5es administrativas","isPartOf":{"@id":"https:\/\/unasp.br\/noticias\/#website"},"primaryImageOfPage":{"@id":"https:\/\/unasp.br\/noticias\/consu-do-unasp-reune-lideres-2022\/#primaryimage"},"image":{"@id":"https:\/\/unasp.br\/noticias\/consu-do-unasp-reune-lideres-2022\/#primaryimage"},"thumbnailUrl":"https:\/\/cdn.unasp.br\/noticias\/wp-content\/uploads\/2022\/03\/17133235\/51942844707_3edb644637_o.jpg","datePublished":"2022-03-17T19:51:32+00:00","dateModified":"2022-03-21T11:14:27+00:00","description":"Na manh\u00e3 da quinta-feira (18), os l\u00edderes do UNASP se reuniram para relatar avan\u00e7os e definir novos caminhos para a institui\u00e7\u00e3o de ensino.","breadcrumb":{"@id":"https:\/\/unasp.br\/noticias\/consu-do-unasp-reune-lideres-2022\/#breadcrumb"},"inLanguage":"pt-BR","potentialAction":[{"@type":"ReadAction","target":["https:\/\/unasp.br\/noticias\/consu-do-unasp-reune-lideres-2022\/"]}]},{"@type":"ImageObject","inLanguage":"pt-BR","@id":"https:\/\/unasp.br\/noticias\/consu-do-unasp-reune-lideres-2022\/#primaryimage","url":"https:\/\/cdn.unasp.br\/noticias\/wp-content\/uploads\/2022\/03\/17133235\/51942844707_3edb644637_o.jpg","contentUrl":"https:\/\/cdn.unasp.br\/noticias\/wp-content\/uploads\/2022\/03\/17133235\/51942844707_3edb644637_o.jpg","width":2048,"height":1365,"caption":"Conselho Universit\u00e1rio marca in\u00edcio das atividades."},{"@type":"BreadcrumbList","@id":"https:\/\/unasp.br\/noticias\/consu-do-unasp-reune-lideres-2022\/#breadcrumb","itemListElement":[{"@type":"ListItem","position":1,"name":"In\u00edcio","item":"https:\/\/unasp.br\/noticias\/"},{"@type":"ListItem","position":2,"name":"Conselho Universit\u00e1rio do UNASP re\u00fane l\u00edderes para decis\u00f5es administrativas"}]},{"@type":"WebSite","@id":"https:\/\/unasp.br\/noticias\/#website","url":"https:\/\/unasp.br\/noticias\/","name":"UNASP Noticias","description":"Centro Universit\u00e1rio Adventista de S\u00e3o Paulo","publisher":{"@id":"https:\/\/unasp.br\/noticias\/#organization"},"potentialAction":[{"@type":"SearchAction","target":{"@type":"EntryPoint","urlTemplate":"https:\/\/unasp.br\/noticias\/?s={search_term_string}"},"query-input":{"@type":"PropertyValueSpecification","valueRequired":true,"valueName":"search_term_string"}}],"inLanguage":"pt-BR"},{"@type":"Organization","@id":"https:\/\/unasp.br\/noticias\/#organization","name":"UNASP Noticias","url":"https:\/\/unasp.br\/noticias\/","logo":{"@type":"ImageObject","inLanguage":"pt-BR","@id":"https:\/\/unasp.br\/noticias\/#\/schema\/logo\/image\/","url":"https:\/\/cdn.unasp.br\/noticias\/wp-content\/uploads\/2021\/09\/09152724\/logo-unasp-news.png","contentUrl":"https:\/\/cdn.unasp.br\/noticias\/wp-content\/uploads\/2021\/09\/09152724\/logo-unasp-news.png","width":240,"height":41,"caption":"UNASP Noticias"},"image":{"@id":"https:\/\/unasp.br\/noticias\/#\/schema\/logo\/image\/"}},{"@type":"Person","@id":"https:\/\/unasp.br\/noticias\/#\/schema\/person\/31f019c7998f233ad4e548824bf7c0df","name":"Ana Silveira","image":{"@type":"ImageObject","inLanguage":"pt-BR","@id":"https:\/\/unasp.br\/noticias\/#\/schema\/person\/image\/","url":"https:\/\/secure.gravatar.com\/avatar\/6321ef5554e60944d8acf3f725a90e2d?s=96&d=mm&r=g","contentUrl":"https:\/\/secure.gravatar.com\/avatar\/6321ef5554e60944d8acf3f725a90e2d?s=96&d=mm&r=g","caption":"Ana Silveira"},"url":"https:\/\/unasp.br\/noticias\/author\/ana-silveiraunasp-edu-br\/"}]}},"_links":{"self":[{"href":"https:\/\/unasp.br\/noticias\/wp-json\/wp\/v2\/posts\/96579"}],"collection":[{"href":"https:\/\/unasp.br\/noticias\/wp-json\/wp\/v2\/posts"}],"about":[{"href":"https:\/\/unasp.br\/noticias\/wp-json\/wp\/v2\/types\/post"}],"author":[{"embeddable":true,"href":"https:\/\/unasp.br\/noticias\/wp-json\/wp\/v2\/users\/76"}],"replies":[{"embeddable":true,"href":"https:\/\/unasp.br\/noticias\/wp-json\/wp\/v2\/comments?post=96579"}],"version-history":[{"count":11,"href":"https:\/\/unasp.br\/noticias\/wp-json\/wp\/v2\/posts\/96579\/revisions"}],"predecessor-version":[{"id":96594,"href":"https:\/\/unasp.br\/noticias\/wp-json\/wp\/v2\/posts\/96579\/revisions\/96594"}],"wp:featuredmedia":[{"embeddable":true,"href":"https:\/\/unasp.br\/noticias\/wp-json\/wp\/v2\/media\/96580"}],"wp:attachment":[{"href":"https:\/\/unasp.br\/noticias\/wp-json\/wp\/v2\/media?parent=96579"}],"wp:term":[{"taxonomy":"category","embeddable":true,"href":"https:\/\/unasp.br\/noticias\/wp-json\/wp\/v2\/categories?post=96579"},{"taxonomy":"post_tag","embeddable":true,"href":"https:\/\/unasp.br\/noticias\/wp-json\/wp\/v2\/tags?post=96579"}],"curies":[{"name":"wp","href":"https:\/\/api.w.org\/{rel}","templated":true}]}}