{"id":96683,"date":"2022-03-24T10:59:35","date_gmt":"2022-03-24T13:59:35","guid":{"rendered":"https:\/\/www.unasp.br\/noticias\/?p=96683"},"modified":"2022-03-24T12:40:14","modified_gmt":"2022-03-24T15:40:14","slug":"curso-ensina-a-fazer-a-declaracao-do-imposto-de-renda-2022","status":"publish","type":"post","link":"https:\/\/unasp.br\/noticias\/curso-ensina-a-fazer-a-declaracao-do-imposto-de-renda-2022\/","title":{"rendered":"Curso ensina a fazer a Declara\u00e7\u00e3o do Imposto de Renda 2022"},"content":{"rendered":"\n<p>Para muitos, realizar a Declara\u00e7\u00e3o do Imposto de Renda \u00e9 um problema que gera gastos e inseguran\u00e7a. A fim de ajudar esse grupo de pessoas, h\u00e1 doze anos o <a href=\"https:\/\/www.unasp.br\/ht\/\" target=\"_blank\" rel=\"noreferrer noopener\">UNASP campus Hortol\u00e2ndia <\/a>realiza um projeto de capacita\u00e7\u00e3o e apoio a comunidade no preenchimento da declara\u00e7\u00e3o de Imposto de Renda de Pessoas F\u00edsicas (IRPF). A iniciativa envolve universit\u00e1rios dos cursos de <a href=\"https:\/\/www.unasp.br\/cursos\/ht\/graduacao\/ciencias-contabeis-ht\/\" target=\"_blank\" rel=\"noreferrer noopener\">Ci\u00eancias Cont\u00e1beis<\/a> e <a href=\"https:\/\/www.unasp.br\/cursos\/ht\/graduacao\/administracao-ht\/\" target=\"_blank\" rel=\"noreferrer noopener\">Administra\u00e7\u00e3o<\/a>, que auxiliam as pessoas da comunidade de Hortol\u00e2ndia e regi\u00e3o. A primeira parte do<a href=\"https:\/\/www.even3.com.br\/unasphtir2022\/\" target=\"_blank\" rel=\"noreferrer noopener\"> curso\u00a0<em>Declara\u00e7\u00e3o de<\/em>\u00a0<em>Imposto de Renda 2022<\/em><\/a><em>\u00a0<\/em>vai acontecer no pr\u00f3ximo domingo, 27 de mar\u00e7o, com um custo simb\u00f3lico de R$30 reais, com o intuito de capacitar alunos e comunidade a realizarem sozinhos sua declara\u00e7\u00e3o.<\/p>\n\n\n\n<p>\u201cNosso objetivo \u00e9 desmistificar a declara\u00e7\u00e3o do Imposto de Renda, ajudando pessoas da nossa comunidade e os estudantes. Esta a\u00e7\u00e3o tem se tornado uma corrente do bem, porque as pessoas que participam do curso saem capacitadas para fazer  sua declara\u00e7\u00e3o e prontos para ajudar seus amigos e familiares. Uma iniciativa que torna o conhecimento do centro universit\u00e1rio algo relevante para a sociedade\u201d, afirmou Levi Morgan, coordenador do curso de Ci\u00eancias Cont\u00e1beis e um dos idealizadores do projeto.<\/p>\n\n\n\n<h2 class=\"wp-block-heading\">Como vai funcionar o curso?<\/h2>\n\n\n\n<p>Nessa primeira etapa os participantes receber\u00e3o treinamento te\u00f3rico e ap\u00f3s algumas orienta\u00e7\u00f5es, colocar\u00e3o a \u201cm\u00e3o na massa\u201d nos laborat\u00f3rios de inform\u00e1tica do campus para aprender a usar o programa<a href=\"https:\/\/www.gov.br\/receitafederal\/pt-br\/assuntos\/meu-imposto-de-renda\" target=\"_blank\" rel=\"noreferrer noopener\"> Meu Imposto de Renda<\/a> dispon\u00edvel no site oficial da <a href=\"https:\/\/www.gov.br\/receitafederal\/pt-br\" target=\"_blank\" rel=\"noreferrer noopener\">Receita Federal<\/a>&nbsp;e treinar com declara\u00e7\u00f5es reais, sempre supervisionados pelos professores da gradua\u00e7\u00e3o. <\/p>\n\n\n\n<p>\u201cNestes \u00faltimos anos diversos estudantes do nosso campus e da regi\u00e3o tem participado deste curso. Alguns ex-participantes contam que depois de fazer o curso j\u00e1 ganharam dinheiro fazendo a declara\u00e7\u00e3o de imposto de renda de amigos e familiares que podiam pagar\u201d, revela Morgan.&nbsp;<\/p>\n\n\n\n<figure class=\"wp-block-image size-large is-resized\"><img loading=\"lazy\" decoding=\"async\" src=\"https:\/\/www.unasp.br\/noticias\/wp-content\/uploads\/2022\/03\/WhatsApp-Image-2022-03-16-at-17.35.23-1024x1024.jpeg\" alt=\"Arte de divulga\u00e7\u00e3o do curso de declara\u00e7\u00e3o de imposto de renda 2022\" class=\"wp-image-96693\" width=\"768\" height=\"768\" srcset=\"https:\/\/cdn.unasp.br\/noticias\/wp-content\/uploads\/2022\/03\/24073918\/WhatsApp-Image-2022-03-16-at-17.35.23-1024x1024.jpeg 1024w, https:\/\/cdn.unasp.br\/noticias\/wp-content\/uploads\/2022\/03\/24073918\/WhatsApp-Image-2022-03-16-at-17.35.23-300x300.jpeg 300w, https:\/\/cdn.unasp.br\/noticias\/wp-content\/uploads\/2022\/03\/24073918\/WhatsApp-Image-2022-03-16-at-17.35.23-150x150.jpeg 150w, https:\/\/cdn.unasp.br\/noticias\/wp-content\/uploads\/2022\/03\/24073918\/WhatsApp-Image-2022-03-16-at-17.35.23-768x768.jpeg 768w, https:\/\/cdn.unasp.br\/noticias\/wp-content\/uploads\/2022\/03\/24073918\/WhatsApp-Image-2022-03-16-at-17.35.23-600x600.jpeg 600w, https:\/\/cdn.unasp.br\/noticias\/wp-content\/uploads\/2022\/03\/24073918\/WhatsApp-Image-2022-03-16-at-17.35.23-800x800.jpeg 800w, https:\/\/cdn.unasp.br\/noticias\/wp-content\/uploads\/2022\/03\/24073918\/WhatsApp-Image-2022-03-16-at-17.35.23-720x720.jpeg 720w, https:\/\/cdn.unasp.br\/noticias\/wp-content\/uploads\/2022\/03\/24073918\/WhatsApp-Image-2022-03-16-at-17.35.23-500x500.jpeg 500w, https:\/\/cdn.unasp.br\/noticias\/wp-content\/uploads\/2022\/03\/24073918\/WhatsApp-Image-2022-03-16-at-17.35.23-480x480.jpeg 480w, https:\/\/cdn.unasp.br\/noticias\/wp-content\/uploads\/2022\/03\/24073918\/WhatsApp-Image-2022-03-16-at-17.35.23-280x280.jpeg 280w, https:\/\/cdn.unasp.br\/noticias\/wp-content\/uploads\/2022\/03\/24073918\/WhatsApp-Image-2022-03-16-at-17.35.23-400x400.jpeg 400w, https:\/\/cdn.unasp.br\/noticias\/wp-content\/uploads\/2022\/03\/24073918\/WhatsApp-Image-2022-03-16-at-17.35.23-200x200.jpeg 200w, https:\/\/cdn.unasp.br\/noticias\/wp-content\/uploads\/2022\/03\/24073918\/WhatsApp-Image-2022-03-16-at-17.35.23-175x175.jpeg 175w, https:\/\/cdn.unasp.br\/noticias\/wp-content\/uploads\/2022\/03\/24073918\/WhatsApp-Image-2022-03-16-at-17.35.23-450x450.jpeg 450w, https:\/\/cdn.unasp.br\/noticias\/wp-content\/uploads\/2022\/03\/24073918\/WhatsApp-Image-2022-03-16-at-17.35.23-260x260.jpeg 260w, https:\/\/cdn.unasp.br\/noticias\/wp-content\/uploads\/2022\/03\/24073918\/WhatsApp-Image-2022-03-16-at-17.35.23.jpeg 1080w\" sizes=\"(max-width: 768px) 100vw, 768px\" \/><figcaption>Arte de divulga\u00e7\u00e3o do Curso de Declara\u00e7\u00e3o do Imposto de Renda 2022<\/figcaption><\/figure>\n\n\n\n<h2 class=\"wp-block-heading\"><strong>Como se inscrever no curso de declara\u00e7\u00e3o de Imposto de Renda 2022<\/strong><\/h2>\n\n\n\n<p>Pessoas de todas as idades, al\u00e9m dos alunos da pr\u00f3pria institui\u00e7\u00e3o podem fazer o curso, que acontecer\u00e1 no pr\u00f3ximo domingo, dia 27 de mar\u00e7o, das 9h \u00e0s 11h, no UNASP campus Hortol\u00e2ndia, que fica na rua Pr. Hugo Gegembauer, 265, Parque Ortol\u00e2ndia, Hortol\u00e2ndia- SP. <\/p>\n\n\n\n<p>O valor da inscri\u00e7\u00e3o \u00e9 R$ 30 reais e o curso tem vagas limitadas. Para se inscrever basta acessar o link:  <a href=\"https:\/\/www.even3.com.br\/unasphtir2022\/\" target=\"_blank\" rel=\"noreferrer noopener\">Curso de Declara\u00e7\u00e3o de Imposto de Renda<\/a><\/p>\n\n\n\n<figure class=\"wp-block-image size-large is-resized\"><img loading=\"lazy\" decoding=\"async\" src=\"https:\/\/www.unasp.br\/noticias\/wp-content\/uploads\/2022\/03\/calculator-g157b92dcc_1280-1024x603.jpg\" alt=\"Calculadora, caneta e papel com dados cont\u00e1beis.\" class=\"wp-image-96694\" width=\"768\" height=\"452\" srcset=\"https:\/\/cdn.unasp.br\/noticias\/wp-content\/uploads\/2022\/03\/24074045\/calculator-g157b92dcc_1280-1024x603.jpg 1024w, https:\/\/cdn.unasp.br\/noticias\/wp-content\/uploads\/2022\/03\/24074045\/calculator-g157b92dcc_1280-300x177.jpg 300w, https:\/\/cdn.unasp.br\/noticias\/wp-content\/uploads\/2022\/03\/24074045\/calculator-g157b92dcc_1280-768x452.jpg 768w, https:\/\/cdn.unasp.br\/noticias\/wp-content\/uploads\/2022\/03\/24074045\/calculator-g157b92dcc_1280-1019x600.jpg 1019w, https:\/\/cdn.unasp.br\/noticias\/wp-content\/uploads\/2022\/03\/24074045\/calculator-g157b92dcc_1280-1222x720.jpg 1222w, https:\/\/cdn.unasp.br\/noticias\/wp-content\/uploads\/2022\/03\/24074045\/calculator-g157b92dcc_1280-800x471.jpg 800w, https:\/\/cdn.unasp.br\/noticias\/wp-content\/uploads\/2022\/03\/24074045\/calculator-g157b92dcc_1280-750x442.jpg 750w, https:\/\/cdn.unasp.br\/noticias\/wp-content\/uploads\/2022\/03\/24074045\/calculator-g157b92dcc_1280-720x424.jpg 720w, https:\/\/cdn.unasp.br\/noticias\/wp-content\/uploads\/2022\/03\/24074045\/calculator-g157b92dcc_1280-475x280.jpg 475w, https:\/\/cdn.unasp.br\/noticias\/wp-content\/uploads\/2022\/03\/24074045\/calculator-g157b92dcc_1280-500x295.jpg 500w, https:\/\/cdn.unasp.br\/noticias\/wp-content\/uploads\/2022\/03\/24074045\/calculator-g157b92dcc_1280-400x236.jpg 400w, https:\/\/cdn.unasp.br\/noticias\/wp-content\/uploads\/2022\/03\/24074045\/calculator-g157b92dcc_1280-340x200.jpg 340w, https:\/\/cdn.unasp.br\/noticias\/wp-content\/uploads\/2022\/03\/24074045\/calculator-g157b92dcc_1280-255x150.jpg 255w, https:\/\/cdn.unasp.br\/noticias\/wp-content\/uploads\/2022\/03\/24074045\/calculator-g157b92dcc_1280-175x103.jpg 175w, https:\/\/cdn.unasp.br\/noticias\/wp-content\/uploads\/2022\/03\/24074045\/calculator-g157b92dcc_1280-200x118.jpg 200w, https:\/\/cdn.unasp.br\/noticias\/wp-content\/uploads\/2022\/03\/24074045\/calculator-g157b92dcc_1280-764x450.jpg 764w, https:\/\/cdn.unasp.br\/noticias\/wp-content\/uploads\/2022\/03\/24074045\/calculator-g157b92dcc_1280.jpg 1280w\" sizes=\"(max-width: 768px) 100vw, 768px\" \/><figcaption>&#8220;Nosso objetivo \u00e9 desmistificar a Declara\u00e7\u00e3o do Imposto de Renda, ajudando pessoas da nossa comunidade e os estudantes&#8221;, Levi Morgam, coordenador do curso de Ci\u00eancias Cont\u00e1beis.<\/figcaption><\/figure>\n\n\n\n<h2 class=\"wp-block-heading\"><strong>Quem precisa declarar?<\/strong><\/h2>\n\n\n\n<p>Quem recebeu o valor anual de R$ 28.559,70 em 2021 precisa fazer sua declara\u00e7\u00e3o de Imposto de Renda 2022. O valor permanece o mesmo do ano anterior.&nbsp;O per\u00edodo para a declara\u00e7\u00e3o do IRPF 2022 come\u00e7ou dia 07 de mar\u00e7o e vai at\u00e9 dia 29 de abril.&nbsp;<\/p>\n","protected":false},"excerpt":{"rendered":"<p>Professores do UNASP promovem curso para ajudar alunos e comunidade a realizarem sua declara\u00e7\u00e3o de Imposto de Renda 2022.<\/p>\n","protected":false},"author":73,"featured_media":96694,"comment_status":"open","ping_status":"open","sticky":false,"template":"","format":"standard","meta":{"footnotes":""},"categories":[10],"tags":[],"yoast_head":"<!-- This site is optimized with the Yoast SEO plugin v23.5 - https:\/\/yoast.com\/wordpress\/plugins\/seo\/ -->\n<title>Curso ensina a fazer a Declara\u00e7\u00e3o do Imposto de Renda 2022 - UNASP Noticias<\/title>\n<meta name=\"description\" content=\"Professores do UNASP realizam curso para ajudar alunos e comunidade na hora de realizarem sua declara\u00e7\u00e3o de imposto de renda 2022.\" \/>\n<meta name=\"robots\" content=\"index, follow, max-snippet:-1, max-image-preview:large, max-video-preview:-1\" \/>\n<link rel=\"canonical\" href=\"https:\/\/unasp.br\/noticias\/curso-ensina-a-fazer-a-declaracao-do-imposto-de-renda-2022\/\" \/>\n<meta property=\"og:locale\" content=\"pt_BR\" \/>\n<meta property=\"og:type\" content=\"article\" \/>\n<meta property=\"og:title\" content=\"Curso ensina a fazer a Declara\u00e7\u00e3o do Imposto de Renda 2022 - UNASP Noticias\" \/>\n<meta property=\"og:description\" content=\"Professores do UNASP realizam curso para ajudar alunos e comunidade na hora de realizarem sua declara\u00e7\u00e3o de imposto de renda 2022.\" \/>\n<meta property=\"og:url\" content=\"https:\/\/unasp.br\/noticias\/curso-ensina-a-fazer-a-declaracao-do-imposto-de-renda-2022\/\" \/>\n<meta property=\"og:site_name\" content=\"UNASP Noticias\" \/>\n<meta property=\"article:published_time\" content=\"2022-03-24T13:59:35+00:00\" \/>\n<meta property=\"article:modified_time\" content=\"2022-03-24T15:40:14+00:00\" \/>\n<meta property=\"og:image\" content=\"https:\/\/cdn.unasp.br\/noticias\/wp-content\/uploads\/2022\/03\/24074045\/calculator-g157b92dcc_1280.jpg\" \/>\n\t<meta property=\"og:image:width\" content=\"1280\" \/>\n\t<meta property=\"og:image:height\" content=\"754\" \/>\n\t<meta property=\"og:image:type\" content=\"image\/jpeg\" \/>\n<meta name=\"author\" content=\"Maria da Gl\u00f3ria Marques de Paula Barreto\" \/>\n<meta name=\"twitter:card\" content=\"summary_large_image\" \/>\n<meta name=\"twitter:label1\" content=\"Escrito por\" \/>\n\t<meta name=\"twitter:data1\" content=\"Maria da Gl\u00f3ria Marques de Paula Barreto\" \/>\n\t<meta name=\"twitter:label2\" content=\"Est. tempo de leitura\" \/>\n\t<meta name=\"twitter:data2\" content=\"3 minutos\" \/>\n<script type=\"application\/ld+json\" class=\"yoast-schema-graph\">{\"@context\":\"https:\/\/schema.org\",\"@graph\":[{\"@type\":\"Article\",\"@id\":\"https:\/\/unasp.br\/noticias\/curso-ensina-a-fazer-a-declaracao-do-imposto-de-renda-2022\/#article\",\"isPartOf\":{\"@id\":\"https:\/\/unasp.br\/noticias\/curso-ensina-a-fazer-a-declaracao-do-imposto-de-renda-2022\/\"},\"author\":{\"name\":\"Maria da Gl\u00f3ria Marques de Paula Barreto\",\"@id\":\"https:\/\/unasp.br\/noticias\/#\/schema\/person\/f3393a032491eabc46fadb3656375334\"},\"headline\":\"Curso ensina a fazer a Declara\u00e7\u00e3o do Imposto de Renda 2022\",\"datePublished\":\"2022-03-24T13:59:35+00:00\",\"dateModified\":\"2022-03-24T15:40:14+00:00\",\"mainEntityOfPage\":{\"@id\":\"https:\/\/unasp.br\/noticias\/curso-ensina-a-fazer-a-declaracao-do-imposto-de-renda-2022\/\"},\"wordCount\":516,\"commentCount\":0,\"publisher\":{\"@id\":\"https:\/\/unasp.br\/noticias\/#organization\"},\"image\":{\"@id\":\"https:\/\/unasp.br\/noticias\/curso-ensina-a-fazer-a-declaracao-do-imposto-de-renda-2022\/#primaryimage\"},\"thumbnailUrl\":\"https:\/\/cdn.unasp.br\/noticias\/wp-content\/uploads\/2022\/03\/24074045\/calculator-g157b92dcc_1280.jpg\",\"articleSection\":[\"Impacto Social\"],\"inLanguage\":\"pt-BR\",\"potentialAction\":[{\"@type\":\"CommentAction\",\"name\":\"Comment\",\"target\":[\"https:\/\/unasp.br\/noticias\/curso-ensina-a-fazer-a-declaracao-do-imposto-de-renda-2022\/#respond\"]}]},{\"@type\":\"WebPage\",\"@id\":\"https:\/\/unasp.br\/noticias\/curso-ensina-a-fazer-a-declaracao-do-imposto-de-renda-2022\/\",\"url\":\"https:\/\/unasp.br\/noticias\/curso-ensina-a-fazer-a-declaracao-do-imposto-de-renda-2022\/\",\"name\":\"Curso ensina a fazer a Declara\u00e7\u00e3o do Imposto de Renda 2022 - UNASP Noticias\",\"isPartOf\":{\"@id\":\"https:\/\/unasp.br\/noticias\/#website\"},\"primaryImageOfPage\":{\"@id\":\"https:\/\/unasp.br\/noticias\/curso-ensina-a-fazer-a-declaracao-do-imposto-de-renda-2022\/#primaryimage\"},\"image\":{\"@id\":\"https:\/\/unasp.br\/noticias\/curso-ensina-a-fazer-a-declaracao-do-imposto-de-renda-2022\/#primaryimage\"},\"thumbnailUrl\":\"https:\/\/cdn.unasp.br\/noticias\/wp-content\/uploads\/2022\/03\/24074045\/calculator-g157b92dcc_1280.jpg\",\"datePublished\":\"2022-03-24T13:59:35+00:00\",\"dateModified\":\"2022-03-24T15:40:14+00:00\",\"description\":\"Professores do UNASP realizam curso para ajudar alunos e comunidade na hora de realizarem sua declara\u00e7\u00e3o de imposto de renda 2022.\",\"breadcrumb\":{\"@id\":\"https:\/\/unasp.br\/noticias\/curso-ensina-a-fazer-a-declaracao-do-imposto-de-renda-2022\/#breadcrumb\"},\"inLanguage\":\"pt-BR\",\"potentialAction\":[{\"@type\":\"ReadAction\",\"target\":[\"https:\/\/unasp.br\/noticias\/curso-ensina-a-fazer-a-declaracao-do-imposto-de-renda-2022\/\"]}]},{\"@type\":\"ImageObject\",\"inLanguage\":\"pt-BR\",\"@id\":\"https:\/\/unasp.br\/noticias\/curso-ensina-a-fazer-a-declaracao-do-imposto-de-renda-2022\/#primaryimage\",\"url\":\"https:\/\/cdn.unasp.br\/noticias\/wp-content\/uploads\/2022\/03\/24074045\/calculator-g157b92dcc_1280.jpg\",\"contentUrl\":\"https:\/\/cdn.unasp.br\/noticias\/wp-content\/uploads\/2022\/03\/24074045\/calculator-g157b92dcc_1280.jpg\",\"width\":1280,\"height\":754},{\"@type\":\"BreadcrumbList\",\"@id\":\"https:\/\/unasp.br\/noticias\/curso-ensina-a-fazer-a-declaracao-do-imposto-de-renda-2022\/#breadcrumb\",\"itemListElement\":[{\"@type\":\"ListItem\",\"position\":1,\"name\":\"In\u00edcio\",\"item\":\"https:\/\/unasp.br\/noticias\/\"},{\"@type\":\"ListItem\",\"position\":2,\"name\":\"Curso ensina a fazer a Declara\u00e7\u00e3o do Imposto de Renda 2022\"}]},{\"@type\":\"WebSite\",\"@id\":\"https:\/\/unasp.br\/noticias\/#website\",\"url\":\"https:\/\/unasp.br\/noticias\/\",\"name\":\"UNASP Noticias\",\"description\":\"Centro Universit\u00e1rio Adventista de S\u00e3o Paulo\",\"publisher\":{\"@id\":\"https:\/\/unasp.br\/noticias\/#organization\"},\"potentialAction\":[{\"@type\":\"SearchAction\",\"target\":{\"@type\":\"EntryPoint\",\"urlTemplate\":\"https:\/\/unasp.br\/noticias\/?s={search_term_string}\"},\"query-input\":{\"@type\":\"PropertyValueSpecification\",\"valueRequired\":true,\"valueName\":\"search_term_string\"}}],\"inLanguage\":\"pt-BR\"},{\"@type\":\"Organization\",\"@id\":\"https:\/\/unasp.br\/noticias\/#organization\",\"name\":\"UNASP Noticias\",\"url\":\"https:\/\/unasp.br\/noticias\/\",\"logo\":{\"@type\":\"ImageObject\",\"inLanguage\":\"pt-BR\",\"@id\":\"https:\/\/unasp.br\/noticias\/#\/schema\/logo\/image\/\",\"url\":\"https:\/\/cdn.unasp.br\/noticias\/wp-content\/uploads\/2021\/09\/09152724\/logo-unasp-news.png\",\"contentUrl\":\"https:\/\/cdn.unasp.br\/noticias\/wp-content\/uploads\/2021\/09\/09152724\/logo-unasp-news.png\",\"width\":240,\"height\":41,\"caption\":\"UNASP Noticias\"},\"image\":{\"@id\":\"https:\/\/unasp.br\/noticias\/#\/schema\/logo\/image\/\"}},{\"@type\":\"Person\",\"@id\":\"https:\/\/unasp.br\/noticias\/#\/schema\/person\/f3393a032491eabc46fadb3656375334\",\"name\":\"Maria da Gl\u00f3ria Marques de Paula Barreto\",\"image\":{\"@type\":\"ImageObject\",\"inLanguage\":\"pt-BR\",\"@id\":\"https:\/\/unasp.br\/noticias\/#\/schema\/person\/image\/\",\"url\":\"https:\/\/secure.gravatar.com\/avatar\/3c23babfa2a847f4ce1e1403fe341fa3?s=96&d=mm&r=g\",\"contentUrl\":\"https:\/\/secure.gravatar.com\/avatar\/3c23babfa2a847f4ce1e1403fe341fa3?s=96&d=mm&r=g\",\"caption\":\"Maria da Gl\u00f3ria Marques de Paula Barreto\"},\"url\":\"https:\/\/unasp.br\/noticias\/author\/gloria-barretoadventistas-org\/\"}]}<\/script>\n<!-- \/ Yoast SEO plugin. -->","yoast_head_json":{"title":"Curso ensina a fazer a Declara\u00e7\u00e3o do Imposto de Renda 2022 - UNASP Noticias","description":"Professores do UNASP realizam curso para ajudar alunos e comunidade na hora de realizarem sua declara\u00e7\u00e3o de imposto de renda 2022.","robots":{"index":"index","follow":"follow","max-snippet":"max-snippet:-1","max-image-preview":"max-image-preview:large","max-video-preview":"max-video-preview:-1"},"canonical":"https:\/\/unasp.br\/noticias\/curso-ensina-a-fazer-a-declaracao-do-imposto-de-renda-2022\/","og_locale":"pt_BR","og_type":"article","og_title":"Curso ensina a fazer a Declara\u00e7\u00e3o do Imposto de Renda 2022 - UNASP Noticias","og_description":"Professores do UNASP realizam curso para ajudar alunos e comunidade na hora de realizarem sua declara\u00e7\u00e3o de imposto de renda 2022.","og_url":"https:\/\/unasp.br\/noticias\/curso-ensina-a-fazer-a-declaracao-do-imposto-de-renda-2022\/","og_site_name":"UNASP Noticias","article_published_time":"2022-03-24T13:59:35+00:00","article_modified_time":"2022-03-24T15:40:14+00:00","og_image":[{"width":1280,"height":754,"url":"https:\/\/cdn.unasp.br\/noticias\/wp-content\/uploads\/2022\/03\/24074045\/calculator-g157b92dcc_1280.jpg","type":"image\/jpeg"}],"author":"Maria da Gl\u00f3ria Marques de Paula Barreto","twitter_card":"summary_large_image","twitter_misc":{"Escrito por":"Maria da Gl\u00f3ria Marques de Paula Barreto","Est. tempo de leitura":"3 minutos"},"schema":{"@context":"https:\/\/schema.org","@graph":[{"@type":"Article","@id":"https:\/\/unasp.br\/noticias\/curso-ensina-a-fazer-a-declaracao-do-imposto-de-renda-2022\/#article","isPartOf":{"@id":"https:\/\/unasp.br\/noticias\/curso-ensina-a-fazer-a-declaracao-do-imposto-de-renda-2022\/"},"author":{"name":"Maria da Gl\u00f3ria Marques de Paula Barreto","@id":"https:\/\/unasp.br\/noticias\/#\/schema\/person\/f3393a032491eabc46fadb3656375334"},"headline":"Curso ensina a fazer a Declara\u00e7\u00e3o do Imposto de Renda 2022","datePublished":"2022-03-24T13:59:35+00:00","dateModified":"2022-03-24T15:40:14+00:00","mainEntityOfPage":{"@id":"https:\/\/unasp.br\/noticias\/curso-ensina-a-fazer-a-declaracao-do-imposto-de-renda-2022\/"},"wordCount":516,"commentCount":0,"publisher":{"@id":"https:\/\/unasp.br\/noticias\/#organization"},"image":{"@id":"https:\/\/unasp.br\/noticias\/curso-ensina-a-fazer-a-declaracao-do-imposto-de-renda-2022\/#primaryimage"},"thumbnailUrl":"https:\/\/cdn.unasp.br\/noticias\/wp-content\/uploads\/2022\/03\/24074045\/calculator-g157b92dcc_1280.jpg","articleSection":["Impacto Social"],"inLanguage":"pt-BR","potentialAction":[{"@type":"CommentAction","name":"Comment","target":["https:\/\/unasp.br\/noticias\/curso-ensina-a-fazer-a-declaracao-do-imposto-de-renda-2022\/#respond"]}]},{"@type":"WebPage","@id":"https:\/\/unasp.br\/noticias\/curso-ensina-a-fazer-a-declaracao-do-imposto-de-renda-2022\/","url":"https:\/\/unasp.br\/noticias\/curso-ensina-a-fazer-a-declaracao-do-imposto-de-renda-2022\/","name":"Curso ensina a fazer a Declara\u00e7\u00e3o do Imposto de Renda 2022 - UNASP Noticias","isPartOf":{"@id":"https:\/\/unasp.br\/noticias\/#website"},"primaryImageOfPage":{"@id":"https:\/\/unasp.br\/noticias\/curso-ensina-a-fazer-a-declaracao-do-imposto-de-renda-2022\/#primaryimage"},"image":{"@id":"https:\/\/unasp.br\/noticias\/curso-ensina-a-fazer-a-declaracao-do-imposto-de-renda-2022\/#primaryimage"},"thumbnailUrl":"https:\/\/cdn.unasp.br\/noticias\/wp-content\/uploads\/2022\/03\/24074045\/calculator-g157b92dcc_1280.jpg","datePublished":"2022-03-24T13:59:35+00:00","dateModified":"2022-03-24T15:40:14+00:00","description":"Professores do UNASP realizam curso para ajudar alunos e comunidade na hora de realizarem sua declara\u00e7\u00e3o de imposto de renda 2022.","breadcrumb":{"@id":"https:\/\/unasp.br\/noticias\/curso-ensina-a-fazer-a-declaracao-do-imposto-de-renda-2022\/#breadcrumb"},"inLanguage":"pt-BR","potentialAction":[{"@type":"ReadAction","target":["https:\/\/unasp.br\/noticias\/curso-ensina-a-fazer-a-declaracao-do-imposto-de-renda-2022\/"]}]},{"@type":"ImageObject","inLanguage":"pt-BR","@id":"https:\/\/unasp.br\/noticias\/curso-ensina-a-fazer-a-declaracao-do-imposto-de-renda-2022\/#primaryimage","url":"https:\/\/cdn.unasp.br\/noticias\/wp-content\/uploads\/2022\/03\/24074045\/calculator-g157b92dcc_1280.jpg","contentUrl":"https:\/\/cdn.unasp.br\/noticias\/wp-content\/uploads\/2022\/03\/24074045\/calculator-g157b92dcc_1280.jpg","width":1280,"height":754},{"@type":"BreadcrumbList","@id":"https:\/\/unasp.br\/noticias\/curso-ensina-a-fazer-a-declaracao-do-imposto-de-renda-2022\/#breadcrumb","itemListElement":[{"@type":"ListItem","position":1,"name":"In\u00edcio","item":"https:\/\/unasp.br\/noticias\/"},{"@type":"ListItem","position":2,"name":"Curso ensina a fazer a Declara\u00e7\u00e3o do Imposto de Renda 2022"}]},{"@type":"WebSite","@id":"https:\/\/unasp.br\/noticias\/#website","url":"https:\/\/unasp.br\/noticias\/","name":"UNASP Noticias","description":"Centro Universit\u00e1rio Adventista de S\u00e3o Paulo","publisher":{"@id":"https:\/\/unasp.br\/noticias\/#organization"},"potentialAction":[{"@type":"SearchAction","target":{"@type":"EntryPoint","urlTemplate":"https:\/\/unasp.br\/noticias\/?s={search_term_string}"},"query-input":{"@type":"PropertyValueSpecification","valueRequired":true,"valueName":"search_term_string"}}],"inLanguage":"pt-BR"},{"@type":"Organization","@id":"https:\/\/unasp.br\/noticias\/#organization","name":"UNASP Noticias","url":"https:\/\/unasp.br\/noticias\/","logo":{"@type":"ImageObject","inLanguage":"pt-BR","@id":"https:\/\/unasp.br\/noticias\/#\/schema\/logo\/image\/","url":"https:\/\/cdn.unasp.br\/noticias\/wp-content\/uploads\/2021\/09\/09152724\/logo-unasp-news.png","contentUrl":"https:\/\/cdn.unasp.br\/noticias\/wp-content\/uploads\/2021\/09\/09152724\/logo-unasp-news.png","width":240,"height":41,"caption":"UNASP Noticias"},"image":{"@id":"https:\/\/unasp.br\/noticias\/#\/schema\/logo\/image\/"}},{"@type":"Person","@id":"https:\/\/unasp.br\/noticias\/#\/schema\/person\/f3393a032491eabc46fadb3656375334","name":"Maria da Gl\u00f3ria Marques de Paula Barreto","image":{"@type":"ImageObject","inLanguage":"pt-BR","@id":"https:\/\/unasp.br\/noticias\/#\/schema\/person\/image\/","url":"https:\/\/secure.gravatar.com\/avatar\/3c23babfa2a847f4ce1e1403fe341fa3?s=96&d=mm&r=g","contentUrl":"https:\/\/secure.gravatar.com\/avatar\/3c23babfa2a847f4ce1e1403fe341fa3?s=96&d=mm&r=g","caption":"Maria da Gl\u00f3ria Marques de Paula Barreto"},"url":"https:\/\/unasp.br\/noticias\/author\/gloria-barretoadventistas-org\/"}]}},"_links":{"self":[{"href":"https:\/\/unasp.br\/noticias\/wp-json\/wp\/v2\/posts\/96683"}],"collection":[{"href":"https:\/\/unasp.br\/noticias\/wp-json\/wp\/v2\/posts"}],"about":[{"href":"https:\/\/unasp.br\/noticias\/wp-json\/wp\/v2\/types\/post"}],"author":[{"embeddable":true,"href":"https:\/\/unasp.br\/noticias\/wp-json\/wp\/v2\/users\/73"}],"replies":[{"embeddable":true,"href":"https:\/\/unasp.br\/noticias\/wp-json\/wp\/v2\/comments?post=96683"}],"version-history":[{"count":6,"href":"https:\/\/unasp.br\/noticias\/wp-json\/wp\/v2\/posts\/96683\/revisions"}],"predecessor-version":[{"id":96703,"href":"https:\/\/unasp.br\/noticias\/wp-json\/wp\/v2\/posts\/96683\/revisions\/96703"}],"wp:featuredmedia":[{"embeddable":true,"href":"https:\/\/unasp.br\/noticias\/wp-json\/wp\/v2\/media\/96694"}],"wp:attachment":[{"href":"https:\/\/unasp.br\/noticias\/wp-json\/wp\/v2\/media?parent=96683"}],"wp:term":[{"taxonomy":"category","embeddable":true,"href":"https:\/\/unasp.br\/noticias\/wp-json\/wp\/v2\/categories?post=96683"},{"taxonomy":"post_tag","embeddable":true,"href":"https:\/\/unasp.br\/noticias\/wp-json\/wp\/v2\/tags?post=96683"}],"curies":[{"name":"wp","href":"https:\/\/api.w.org\/{rel}","templated":true}]}}