{"id":96738,"date":"2022-03-29T16:10:36","date_gmt":"2022-03-29T19:10:36","guid":{"rendered":"https:\/\/www.unasp.br\/noticias\/?p=96738"},"modified":"2022-03-29T16:10:39","modified_gmt":"2022-03-29T19:10:39","slug":"unasp-oferece-programa-de-atualizacao-profissional","status":"publish","type":"post","link":"https:\/\/unasp.br\/noticias\/unasp-oferece-programa-de-atualizacao-profissional\/","title":{"rendered":"UNASP oferece programa de atualiza\u00e7\u00e3o profissional"},"content":{"rendered":"\n<p>A Assessoria de Apoio Psicopedag\u00f3gico do <a href=\"https:\/\/www.unasp.br\/\">UNASP<\/a>, campus S\u00e3o Paulo, deu in\u00edcio ao Programa de Atualiza\u00e7\u00e3o Profissional aos alunos concluintes da gradua\u00e7\u00e3o. As atividades consistem em atualizar os formandos para concursos, entrevistas de emprego e prepar\u00e1-los para o mercado de trabalho. O programa \u00e9 totalmente on-line com aulas s\u00edncronas e ass\u00edncronas, que acontecem quinzenalmente de acordo com o cronograma, aos domingos, das 10h \u00e0s 12h.<\/p>\n\n\n\n<p>O Programa de Atualiza\u00e7\u00e3o Profissional j\u00e1 acontece h\u00e1 tr\u00eas anos no UNASP. Durante esse tempo, muitos alunos foram beneficiados e j\u00e1 iniciaram a vida profissional mais preparados. Para a professora do projeto, Diane Eire Bizo, as atividades propostas nas aulas auxiliam na aprendizagem do aluno e os motivam a se destacarem em meio \u00e0 concorr\u00eancia.<\/p>\n\n\n\n<p>\u201cO aluno que participa desse programa estar\u00e1 melhor habilitado para um concurso p\u00fablico, uma entrevista de emprego e outros processos seletivos que exigem uma comunica\u00e7\u00e3o mais eficaz e assertiva. H\u00e1 tamb\u00e9m, a preocupa\u00e7\u00e3o com o desenvolvimento da escrita, pois entendemos que escrever bem hoje \u00e9 exig\u00eancia m\u00ednima para a inser\u00e7\u00e3o social em comunidades letradas\u201d, afirma.<\/p>\n\n\n\n<p>Com o objetivo de preparar os alunos para enfrentar os exigentes processos de sele\u00e7\u00e3o do mercado de trabalho, o projeto tamb\u00e9m tem como foco a leitura. \u201cEntendemos que ao desenvolver as habilidades de leitura, compreens\u00e3o de texto e produ\u00e7\u00e3o escrita, al\u00e9m de preparar o estudante para as demandas da vida social, contribuiremos tamb\u00e9m para sua vida acad\u00eamica, j\u00e1 que essas s\u00e3o compet\u00eancias imprescind\u00edveis para o estudante do ensino superior. O estudante que l\u00ea bem, compreende melhor os textos e escreve com mais facilidade\u201d, ressalta, Diane.<\/p>\n\n\n\n<p>O UNASP tamb\u00e9m oferece programas destinados aos alunos ingressantes. Nivelamento em L\u00edngua Portuguesa, Inform\u00e1tica B\u00e1sica, Matem\u00e1tica B\u00e1sica e Aplicada, Programa de Monitorias, Oficinas Pedag\u00f3gicas, entre outros. Mas nada impede que alunos ingressos possam participar do Programa de Atualiza\u00e7\u00e3o Profissional. A orienta\u00e7\u00e3o \u00e9 que procure o coordenador do curso para saber qual \u00e9 o programa mais adequado para a participa\u00e7\u00e3o.<\/p>\n\n\n\n<p>Para a participa\u00e7\u00e3o dos alunos formandos n\u00e3o \u00e9 necess\u00e1rio realizar inscri\u00e7\u00e3o, pois todos os alunos do \u00faltimo ano da gradua\u00e7\u00e3o s\u00e3o inseridos automaticamente no card do Ambiente Virtual de Aprendizagem (AVA) e nesse espa\u00e7o recebe todas as informa\u00e7\u00f5es necess\u00e1rias para participar.<\/p>\n","protected":false},"excerpt":{"rendered":"<p>O programa \u00e9 destinado aos alunos que est\u00e3o concluindo os dois \u00faltimos semestres do curso de gradua\u00e7\u00e3o.<\/p>\n","protected":false},"author":72,"featured_media":96740,"comment_status":"open","ping_status":"open","sticky":false,"template":"","format":"standard","meta":{"footnotes":""},"categories":[9],"tags":[57,102,292,60],"yoast_head":"<!-- This site is optimized with the Yoast SEO plugin v23.5 - https:\/\/yoast.com\/wordpress\/plugins\/seo\/ -->\n<title>UNASP oferece programa de atualiza\u00e7\u00e3o profissional - UNASP Noticias<\/title>\n<meta name=\"description\" content=\"O programa tem como objetivo preparar os alunos para concursos, entrevistas de emprego e conquistar o mercado de trabalho.\" \/>\n<meta name=\"robots\" content=\"index, follow, max-snippet:-1, max-image-preview:large, max-video-preview:-1\" \/>\n<link rel=\"canonical\" href=\"https:\/\/unasp.br\/noticias\/unasp-oferece-programa-de-atualizacao-profissional\/\" \/>\n<meta property=\"og:locale\" content=\"pt_BR\" \/>\n<meta property=\"og:type\" content=\"article\" \/>\n<meta property=\"og:title\" content=\"UNASP oferece programa de atualiza\u00e7\u00e3o profissional - UNASP Noticias\" \/>\n<meta property=\"og:description\" content=\"O programa tem como objetivo preparar os alunos para concursos, entrevistas de emprego e conquistar o mercado de trabalho.\" \/>\n<meta property=\"og:url\" content=\"https:\/\/unasp.br\/noticias\/unasp-oferece-programa-de-atualizacao-profissional\/\" \/>\n<meta property=\"og:site_name\" content=\"UNASP Noticias\" \/>\n<meta property=\"article:published_time\" content=\"2022-03-29T19:10:36+00:00\" \/>\n<meta property=\"article:modified_time\" content=\"2022-03-29T19:10:39+00:00\" \/>\n<meta property=\"og:image\" content=\"https:\/\/cdn.unasp.br\/noticias\/wp-content\/uploads\/2022\/03\/29125420\/pexels-cottonbro-5989926.jpg\" \/>\n\t<meta property=\"og:image:width\" content=\"2048\" \/>\n\t<meta property=\"og:image:height\" content=\"1365\" \/>\n\t<meta property=\"og:image:type\" content=\"image\/jpeg\" \/>\n<meta name=\"author\" content=\"Thais Fowler de Oliveira Schimmak\" \/>\n<meta name=\"twitter:card\" content=\"summary_large_image\" \/>\n<meta name=\"twitter:label1\" content=\"Escrito por\" \/>\n\t<meta name=\"twitter:data1\" content=\"Thais Fowler de Oliveira Schimmak\" \/>\n\t<meta name=\"twitter:label2\" content=\"Est. tempo de leitura\" \/>\n\t<meta name=\"twitter:data2\" content=\"2 minutos\" \/>\n<script type=\"application\/ld+json\" class=\"yoast-schema-graph\">{\"@context\":\"https:\/\/schema.org\",\"@graph\":[{\"@type\":\"Article\",\"@id\":\"https:\/\/unasp.br\/noticias\/unasp-oferece-programa-de-atualizacao-profissional\/#article\",\"isPartOf\":{\"@id\":\"https:\/\/unasp.br\/noticias\/unasp-oferece-programa-de-atualizacao-profissional\/\"},\"author\":{\"name\":\"Thais Fowler de Oliveira Schimmak\",\"@id\":\"https:\/\/unasp.br\/noticias\/#\/schema\/person\/12a35c1b0ad29e4b5f57a45236f754b9\"},\"headline\":\"UNASP oferece programa de atualiza\u00e7\u00e3o profissional\",\"datePublished\":\"2022-03-29T19:10:36+00:00\",\"dateModified\":\"2022-03-29T19:10:39+00:00\",\"mainEntityOfPage\":{\"@id\":\"https:\/\/unasp.br\/noticias\/unasp-oferece-programa-de-atualizacao-profissional\/\"},\"wordCount\":408,\"commentCount\":0,\"publisher\":{\"@id\":\"https:\/\/unasp.br\/noticias\/#organization\"},\"image\":{\"@id\":\"https:\/\/unasp.br\/noticias\/unasp-oferece-programa-de-atualizacao-profissional\/#primaryimage\"},\"thumbnailUrl\":\"https:\/\/cdn.unasp.br\/noticias\/wp-content\/uploads\/2022\/03\/29125420\/pexels-cottonbro-5989926.jpg\",\"keywords\":[\"Acad\u00eamico\",\"educa\u00e7\u00e3o\",\"Gradua\u00e7\u00e3o\",\"UNASP\"],\"articleSection\":[\"Profiss\u00e3o e Mercado\"],\"inLanguage\":\"pt-BR\",\"potentialAction\":[{\"@type\":\"CommentAction\",\"name\":\"Comment\",\"target\":[\"https:\/\/unasp.br\/noticias\/unasp-oferece-programa-de-atualizacao-profissional\/#respond\"]}]},{\"@type\":\"WebPage\",\"@id\":\"https:\/\/unasp.br\/noticias\/unasp-oferece-programa-de-atualizacao-profissional\/\",\"url\":\"https:\/\/unasp.br\/noticias\/unasp-oferece-programa-de-atualizacao-profissional\/\",\"name\":\"UNASP oferece programa de atualiza\u00e7\u00e3o profissional - UNASP Noticias\",\"isPartOf\":{\"@id\":\"https:\/\/unasp.br\/noticias\/#website\"},\"primaryImageOfPage\":{\"@id\":\"https:\/\/unasp.br\/noticias\/unasp-oferece-programa-de-atualizacao-profissional\/#primaryimage\"},\"image\":{\"@id\":\"https:\/\/unasp.br\/noticias\/unasp-oferece-programa-de-atualizacao-profissional\/#primaryimage\"},\"thumbnailUrl\":\"https:\/\/cdn.unasp.br\/noticias\/wp-content\/uploads\/2022\/03\/29125420\/pexels-cottonbro-5989926.jpg\",\"datePublished\":\"2022-03-29T19:10:36+00:00\",\"dateModified\":\"2022-03-29T19:10:39+00:00\",\"description\":\"O programa tem como objetivo preparar os alunos para concursos, entrevistas de emprego e conquistar o mercado de trabalho.\",\"breadcrumb\":{\"@id\":\"https:\/\/unasp.br\/noticias\/unasp-oferece-programa-de-atualizacao-profissional\/#breadcrumb\"},\"inLanguage\":\"pt-BR\",\"potentialAction\":[{\"@type\":\"ReadAction\",\"target\":[\"https:\/\/unasp.br\/noticias\/unasp-oferece-programa-de-atualizacao-profissional\/\"]}]},{\"@type\":\"ImageObject\",\"inLanguage\":\"pt-BR\",\"@id\":\"https:\/\/unasp.br\/noticias\/unasp-oferece-programa-de-atualizacao-profissional\/#primaryimage\",\"url\":\"https:\/\/cdn.unasp.br\/noticias\/wp-content\/uploads\/2022\/03\/29125420\/pexels-cottonbro-5989926.jpg\",\"contentUrl\":\"https:\/\/cdn.unasp.br\/noticias\/wp-content\/uploads\/2022\/03\/29125420\/pexels-cottonbro-5989926.jpg\",\"width\":2048,\"height\":1365,\"caption\":\"Programa de Atualiza\u00e7\u00e3o profissional\"},{\"@type\":\"BreadcrumbList\",\"@id\":\"https:\/\/unasp.br\/noticias\/unasp-oferece-programa-de-atualizacao-profissional\/#breadcrumb\",\"itemListElement\":[{\"@type\":\"ListItem\",\"position\":1,\"name\":\"In\u00edcio\",\"item\":\"https:\/\/unasp.br\/noticias\/\"},{\"@type\":\"ListItem\",\"position\":2,\"name\":\"UNASP oferece programa de atualiza\u00e7\u00e3o profissional\"}]},{\"@type\":\"WebSite\",\"@id\":\"https:\/\/unasp.br\/noticias\/#website\",\"url\":\"https:\/\/unasp.br\/noticias\/\",\"name\":\"UNASP Noticias\",\"description\":\"Centro Universit\u00e1rio Adventista de S\u00e3o Paulo\",\"publisher\":{\"@id\":\"https:\/\/unasp.br\/noticias\/#organization\"},\"potentialAction\":[{\"@type\":\"SearchAction\",\"target\":{\"@type\":\"EntryPoint\",\"urlTemplate\":\"https:\/\/unasp.br\/noticias\/?s={search_term_string}\"},\"query-input\":{\"@type\":\"PropertyValueSpecification\",\"valueRequired\":true,\"valueName\":\"search_term_string\"}}],\"inLanguage\":\"pt-BR\"},{\"@type\":\"Organization\",\"@id\":\"https:\/\/unasp.br\/noticias\/#organization\",\"name\":\"UNASP Noticias\",\"url\":\"https:\/\/unasp.br\/noticias\/\",\"logo\":{\"@type\":\"ImageObject\",\"inLanguage\":\"pt-BR\",\"@id\":\"https:\/\/unasp.br\/noticias\/#\/schema\/logo\/image\/\",\"url\":\"https:\/\/cdn.unasp.br\/noticias\/wp-content\/uploads\/2021\/09\/09152724\/logo-unasp-news.png\",\"contentUrl\":\"https:\/\/cdn.unasp.br\/noticias\/wp-content\/uploads\/2021\/09\/09152724\/logo-unasp-news.png\",\"width\":240,\"height\":41,\"caption\":\"UNASP Noticias\"},\"image\":{\"@id\":\"https:\/\/unasp.br\/noticias\/#\/schema\/logo\/image\/\"}},{\"@type\":\"Person\",\"@id\":\"https:\/\/unasp.br\/noticias\/#\/schema\/person\/12a35c1b0ad29e4b5f57a45236f754b9\",\"name\":\"Thais Fowler de Oliveira Schimmak\",\"image\":{\"@type\":\"ImageObject\",\"inLanguage\":\"pt-BR\",\"@id\":\"https:\/\/unasp.br\/noticias\/#\/schema\/person\/image\/\",\"url\":\"https:\/\/secure.gravatar.com\/avatar\/73a0165b6170e6856ee1353d89761cdc?s=96&d=mm&r=g\",\"contentUrl\":\"https:\/\/secure.gravatar.com\/avatar\/73a0165b6170e6856ee1353d89761cdc?s=96&d=mm&r=g\",\"caption\":\"Thais Fowler de Oliveira Schimmak\"},\"url\":\"https:\/\/unasp.br\/noticias\/author\/thais-fowleradventistas-org\/\"}]}<\/script>\n<!-- \/ Yoast SEO plugin. -->","yoast_head_json":{"title":"UNASP oferece programa de atualiza\u00e7\u00e3o profissional - UNASP Noticias","description":"O programa tem como objetivo preparar os alunos para concursos, entrevistas de emprego e conquistar o mercado de trabalho.","robots":{"index":"index","follow":"follow","max-snippet":"max-snippet:-1","max-image-preview":"max-image-preview:large","max-video-preview":"max-video-preview:-1"},"canonical":"https:\/\/unasp.br\/noticias\/unasp-oferece-programa-de-atualizacao-profissional\/","og_locale":"pt_BR","og_type":"article","og_title":"UNASP oferece programa de atualiza\u00e7\u00e3o profissional - UNASP Noticias","og_description":"O programa tem como objetivo preparar os alunos para concursos, entrevistas de emprego e conquistar o mercado de trabalho.","og_url":"https:\/\/unasp.br\/noticias\/unasp-oferece-programa-de-atualizacao-profissional\/","og_site_name":"UNASP Noticias","article_published_time":"2022-03-29T19:10:36+00:00","article_modified_time":"2022-03-29T19:10:39+00:00","og_image":[{"width":2048,"height":1365,"url":"https:\/\/cdn.unasp.br\/noticias\/wp-content\/uploads\/2022\/03\/29125420\/pexels-cottonbro-5989926.jpg","type":"image\/jpeg"}],"author":"Thais Fowler de Oliveira Schimmak","twitter_card":"summary_large_image","twitter_misc":{"Escrito por":"Thais Fowler de Oliveira Schimmak","Est. tempo de leitura":"2 minutos"},"schema":{"@context":"https:\/\/schema.org","@graph":[{"@type":"Article","@id":"https:\/\/unasp.br\/noticias\/unasp-oferece-programa-de-atualizacao-profissional\/#article","isPartOf":{"@id":"https:\/\/unasp.br\/noticias\/unasp-oferece-programa-de-atualizacao-profissional\/"},"author":{"name":"Thais Fowler de Oliveira Schimmak","@id":"https:\/\/unasp.br\/noticias\/#\/schema\/person\/12a35c1b0ad29e4b5f57a45236f754b9"},"headline":"UNASP oferece programa de atualiza\u00e7\u00e3o profissional","datePublished":"2022-03-29T19:10:36+00:00","dateModified":"2022-03-29T19:10:39+00:00","mainEntityOfPage":{"@id":"https:\/\/unasp.br\/noticias\/unasp-oferece-programa-de-atualizacao-profissional\/"},"wordCount":408,"commentCount":0,"publisher":{"@id":"https:\/\/unasp.br\/noticias\/#organization"},"image":{"@id":"https:\/\/unasp.br\/noticias\/unasp-oferece-programa-de-atualizacao-profissional\/#primaryimage"},"thumbnailUrl":"https:\/\/cdn.unasp.br\/noticias\/wp-content\/uploads\/2022\/03\/29125420\/pexels-cottonbro-5989926.jpg","keywords":["Acad\u00eamico","educa\u00e7\u00e3o","Gradua\u00e7\u00e3o","UNASP"],"articleSection":["Profiss\u00e3o e Mercado"],"inLanguage":"pt-BR","potentialAction":[{"@type":"CommentAction","name":"Comment","target":["https:\/\/unasp.br\/noticias\/unasp-oferece-programa-de-atualizacao-profissional\/#respond"]}]},{"@type":"WebPage","@id":"https:\/\/unasp.br\/noticias\/unasp-oferece-programa-de-atualizacao-profissional\/","url":"https:\/\/unasp.br\/noticias\/unasp-oferece-programa-de-atualizacao-profissional\/","name":"UNASP oferece programa de atualiza\u00e7\u00e3o profissional - UNASP Noticias","isPartOf":{"@id":"https:\/\/unasp.br\/noticias\/#website"},"primaryImageOfPage":{"@id":"https:\/\/unasp.br\/noticias\/unasp-oferece-programa-de-atualizacao-profissional\/#primaryimage"},"image":{"@id":"https:\/\/unasp.br\/noticias\/unasp-oferece-programa-de-atualizacao-profissional\/#primaryimage"},"thumbnailUrl":"https:\/\/cdn.unasp.br\/noticias\/wp-content\/uploads\/2022\/03\/29125420\/pexels-cottonbro-5989926.jpg","datePublished":"2022-03-29T19:10:36+00:00","dateModified":"2022-03-29T19:10:39+00:00","description":"O programa tem como objetivo preparar os alunos para concursos, entrevistas de emprego e conquistar o mercado de trabalho.","breadcrumb":{"@id":"https:\/\/unasp.br\/noticias\/unasp-oferece-programa-de-atualizacao-profissional\/#breadcrumb"},"inLanguage":"pt-BR","potentialAction":[{"@type":"ReadAction","target":["https:\/\/unasp.br\/noticias\/unasp-oferece-programa-de-atualizacao-profissional\/"]}]},{"@type":"ImageObject","inLanguage":"pt-BR","@id":"https:\/\/unasp.br\/noticias\/unasp-oferece-programa-de-atualizacao-profissional\/#primaryimage","url":"https:\/\/cdn.unasp.br\/noticias\/wp-content\/uploads\/2022\/03\/29125420\/pexels-cottonbro-5989926.jpg","contentUrl":"https:\/\/cdn.unasp.br\/noticias\/wp-content\/uploads\/2022\/03\/29125420\/pexels-cottonbro-5989926.jpg","width":2048,"height":1365,"caption":"Programa de Atualiza\u00e7\u00e3o profissional"},{"@type":"BreadcrumbList","@id":"https:\/\/unasp.br\/noticias\/unasp-oferece-programa-de-atualizacao-profissional\/#breadcrumb","itemListElement":[{"@type":"ListItem","position":1,"name":"In\u00edcio","item":"https:\/\/unasp.br\/noticias\/"},{"@type":"ListItem","position":2,"name":"UNASP oferece programa de atualiza\u00e7\u00e3o profissional"}]},{"@type":"WebSite","@id":"https:\/\/unasp.br\/noticias\/#website","url":"https:\/\/unasp.br\/noticias\/","name":"UNASP Noticias","description":"Centro Universit\u00e1rio Adventista de S\u00e3o Paulo","publisher":{"@id":"https:\/\/unasp.br\/noticias\/#organization"},"potentialAction":[{"@type":"SearchAction","target":{"@type":"EntryPoint","urlTemplate":"https:\/\/unasp.br\/noticias\/?s={search_term_string}"},"query-input":{"@type":"PropertyValueSpecification","valueRequired":true,"valueName":"search_term_string"}}],"inLanguage":"pt-BR"},{"@type":"Organization","@id":"https:\/\/unasp.br\/noticias\/#organization","name":"UNASP Noticias","url":"https:\/\/unasp.br\/noticias\/","logo":{"@type":"ImageObject","inLanguage":"pt-BR","@id":"https:\/\/unasp.br\/noticias\/#\/schema\/logo\/image\/","url":"https:\/\/cdn.unasp.br\/noticias\/wp-content\/uploads\/2021\/09\/09152724\/logo-unasp-news.png","contentUrl":"https:\/\/cdn.unasp.br\/noticias\/wp-content\/uploads\/2021\/09\/09152724\/logo-unasp-news.png","width":240,"height":41,"caption":"UNASP Noticias"},"image":{"@id":"https:\/\/unasp.br\/noticias\/#\/schema\/logo\/image\/"}},{"@type":"Person","@id":"https:\/\/unasp.br\/noticias\/#\/schema\/person\/12a35c1b0ad29e4b5f57a45236f754b9","name":"Thais Fowler de Oliveira Schimmak","image":{"@type":"ImageObject","inLanguage":"pt-BR","@id":"https:\/\/unasp.br\/noticias\/#\/schema\/person\/image\/","url":"https:\/\/secure.gravatar.com\/avatar\/73a0165b6170e6856ee1353d89761cdc?s=96&d=mm&r=g","contentUrl":"https:\/\/secure.gravatar.com\/avatar\/73a0165b6170e6856ee1353d89761cdc?s=96&d=mm&r=g","caption":"Thais Fowler de Oliveira Schimmak"},"url":"https:\/\/unasp.br\/noticias\/author\/thais-fowleradventistas-org\/"}]}},"_links":{"self":[{"href":"https:\/\/unasp.br\/noticias\/wp-json\/wp\/v2\/posts\/96738"}],"collection":[{"href":"https:\/\/unasp.br\/noticias\/wp-json\/wp\/v2\/posts"}],"about":[{"href":"https:\/\/unasp.br\/noticias\/wp-json\/wp\/v2\/types\/post"}],"author":[{"embeddable":true,"href":"https:\/\/unasp.br\/noticias\/wp-json\/wp\/v2\/users\/72"}],"replies":[{"embeddable":true,"href":"https:\/\/unasp.br\/noticias\/wp-json\/wp\/v2\/comments?post=96738"}],"version-history":[{"count":1,"href":"https:\/\/unasp.br\/noticias\/wp-json\/wp\/v2\/posts\/96738\/revisions"}],"predecessor-version":[{"id":96741,"href":"https:\/\/unasp.br\/noticias\/wp-json\/wp\/v2\/posts\/96738\/revisions\/96741"}],"wp:featuredmedia":[{"embeddable":true,"href":"https:\/\/unasp.br\/noticias\/wp-json\/wp\/v2\/media\/96740"}],"wp:attachment":[{"href":"https:\/\/unasp.br\/noticias\/wp-json\/wp\/v2\/media?parent=96738"}],"wp:term":[{"taxonomy":"category","embeddable":true,"href":"https:\/\/unasp.br\/noticias\/wp-json\/wp\/v2\/categories?post=96738"},{"taxonomy":"post_tag","embeddable":true,"href":"https:\/\/unasp.br\/noticias\/wp-json\/wp\/v2\/tags?post=96738"}],"curies":[{"name":"wp","href":"https:\/\/api.w.org\/{rel}","templated":true}]}}