{"id":97148,"date":"2022-05-10T15:19:48","date_gmt":"2022-05-10T18:19:48","guid":{"rendered":"https:\/\/www.unasp.br\/noticias\/?p=97148"},"modified":"2022-05-11T11:44:37","modified_gmt":"2022-05-11T14:44:37","slug":"mec-avalia-abertura-do-curso-de-enfermagem-em-hortolandia","status":"publish","type":"post","link":"https:\/\/unasp.br\/noticias\/mec-avalia-abertura-do-curso-de-enfermagem-em-hortolandia\/","title":{"rendered":"MEC avalia projeto de curso de Enfermagem no campus Hortol\u00e2ndia com nota 4"},"content":{"rendered":"\n<p>Durante os dias 18 e 19 de abril uma comiss\u00e3o do <a href=\"http:\/\/portal.mec.gov.br\" target=\"_blank\" rel=\"noreferrer noopener\">Minist\u00e9rio da Educa\u00e7\u00e3o e Cultura (MEC)<\/a> visitou o <a href=\"https:\/\/www.unasp.br\/cursos\/ht\/\" target=\"_blank\" rel=\"noreferrer noopener\">UNASP campus Hortol\u00e2ndia<\/a> a fim de avaliar a solicita\u00e7\u00e3o de abertura do curso de gradua\u00e7\u00e3o em Enfermagem.\u00a0Como resultado do pedido, o curso de Enfermagem no UNASP campus Hortol\u00e2ndia recebeu nota 4 (escala de 1 a 5). A expectativa de implanta\u00e7\u00e3o desse curso \u00e9 para o ano de 2023.<\/p>\n\n\n\n<p>Segundo o diretor da gradua\u00e7\u00e3o, Ledimar Brianezi, esta avalia\u00e7\u00e3o faz parte dos requisitos legais da legisla\u00e7\u00e3o brasileira que permite, ou n\u00e3o, a implanta\u00e7\u00e3o de um novo curso de gradua\u00e7\u00e3o em territ\u00f3rio nacional.&nbsp;&nbsp;\u201cPara que qualquer curso de gradua\u00e7\u00e3o possa vigorar no Brasil, a Institui\u00e7\u00e3o de Ensino Superior (IES) deve solicitar a autoriza\u00e7\u00e3o junto ao INEP\/MEC via formul\u00e1rio, e ent\u00e3o uma comiss\u00e3o \u00e9 designada para a avalia\u00e7\u00e3o\u201d, explicou o diretor.<\/p>\n\n\n\n<figure class=\"wp-block-image size-large is-resized\"><img loading=\"lazy\" decoding=\"async\" src=\"https:\/\/www.unasp.br\/noticias\/wp-content\/uploads\/2022\/05\/doctor-ge1df96c33_1280-1024x682.jpg\" alt=\"Enfermeira aferindo press\u00e3o em paciente\" class=\"wp-image-97150\" width=\"768\" height=\"512\" srcset=\"https:\/\/cdn.unasp.br\/noticias\/wp-content\/uploads\/2022\/05\/10121122\/doctor-ge1df96c33_1280-1024x682.jpg 1024w, https:\/\/cdn.unasp.br\/noticias\/wp-content\/uploads\/2022\/05\/10121122\/doctor-ge1df96c33_1280-300x200.jpg 300w, https:\/\/cdn.unasp.br\/noticias\/wp-content\/uploads\/2022\/05\/10121122\/doctor-ge1df96c33_1280-768x512.jpg 768w, https:\/\/cdn.unasp.br\/noticias\/wp-content\/uploads\/2022\/05\/10121122\/doctor-ge1df96c33_1280-900x600.jpg 900w, https:\/\/cdn.unasp.br\/noticias\/wp-content\/uploads\/2022\/05\/10121122\/doctor-ge1df96c33_1280-1200x800.jpg 1200w, https:\/\/cdn.unasp.br\/noticias\/wp-content\/uploads\/2022\/05\/10121122\/doctor-ge1df96c33_1280-1080x720.jpg 1080w, https:\/\/cdn.unasp.br\/noticias\/wp-content\/uploads\/2022\/05\/10121122\/doctor-ge1df96c33_1280-800x533.jpg 800w, https:\/\/cdn.unasp.br\/noticias\/wp-content\/uploads\/2022\/05\/10121122\/doctor-ge1df96c33_1280-750x500.jpg 750w, https:\/\/cdn.unasp.br\/noticias\/wp-content\/uploads\/2022\/05\/10121122\/doctor-ge1df96c33_1280-720x480.jpg 720w, https:\/\/cdn.unasp.br\/noticias\/wp-content\/uploads\/2022\/05\/10121122\/doctor-ge1df96c33_1280-420x280.jpg 420w, https:\/\/cdn.unasp.br\/noticias\/wp-content\/uploads\/2022\/05\/10121122\/doctor-ge1df96c33_1280-500x333.jpg 500w, https:\/\/cdn.unasp.br\/noticias\/wp-content\/uploads\/2022\/05\/10121122\/doctor-ge1df96c33_1280-400x267.jpg 400w, https:\/\/cdn.unasp.br\/noticias\/wp-content\/uploads\/2022\/05\/10121122\/doctor-ge1df96c33_1280-225x150.jpg 225w, https:\/\/cdn.unasp.br\/noticias\/wp-content\/uploads\/2022\/05\/10121122\/doctor-ge1df96c33_1280-175x117.jpg 175w, https:\/\/cdn.unasp.br\/noticias\/wp-content\/uploads\/2022\/05\/10121122\/doctor-ge1df96c33_1280-200x133.jpg 200w, https:\/\/cdn.unasp.br\/noticias\/wp-content\/uploads\/2022\/05\/10121122\/doctor-ge1df96c33_1280-675x450.jpg 675w, https:\/\/cdn.unasp.br\/noticias\/wp-content\/uploads\/2022\/05\/10121122\/doctor-ge1df96c33_1280-390x260.jpg 390w, https:\/\/cdn.unasp.br\/noticias\/wp-content\/uploads\/2022\/05\/10121122\/doctor-ge1df96c33_1280.jpg 1280w\" sizes=\"(max-width: 768px) 100vw, 768px\" \/><figcaption>A comiss\u00e3o do MEC avaliou o projeto de solicita\u00e7\u00e3o do curso de Enfermagem com nota 04 (numa escala de 1 a 5).<\/figcaption><\/figure>\n\n\n\n<h2 class=\"wp-block-heading\"><strong>O que \u00e9 avaliado?<\/strong><\/h2>\n\n\n\n<p>Para dar nota 4 ao curso de Enfermagem do UNASP campus Hortol\u00e2ndia, a comiss\u00e3o de avaliadores levou em conta os seguintes itens:<\/p>\n\n\n\n<ul><li>Organiza\u00e7\u00e3o Did\u00e1tico-pedag\u00f3gica do curso, contendo 24 indicadores\u00a0<\/li><li>Corpo Docente do curso, contendo 15 indicadores<\/li><li>Infraestrutura da IES para atender o curso, contendo 16 indicadores\u00a0<\/li><\/ul>\n\n\n\n<p>Ap\u00f3s a autoriza\u00e7\u00e3o de implementa\u00e7\u00e3o do curso de Enfermagem, o MEC volta ao campus para uma nova avalia\u00e7\u00e3o na segunda metade do curso, desta vez, para o reconhecimento do curso, isto \u00e9, valida a qualidade pedag\u00f3gica e educativa que foram desenvolvidas para seguir com os programas autorizados.<\/p>\n\n\n\n<p>Para o diretor geral do UNASP campus Hortol\u00e2ndia, Douglas Menslin, o curso de Enfermagem no campus atende uma demanda nacional de novos profissionais na \u00e1rea de sa\u00fade e, ao mesmo tempo, oferecer\u00e1 aos estudantes um curso com alto \u00edndice de empregabilidade.&nbsp;\u201cA abertura de um novo curso na \u00e1rea de sa\u00fade ser\u00e1 algo inovador para o munic\u00edpio de Hortol\u00e2ndia, uma vez que n\u00e3o h\u00e1 nenhuma faculdade de Enfermagem na regi\u00e3o. Estaremos contribuindo com a nossa comunidade e, tamb\u00e9m, teremos uma nova op\u00e7\u00e3o de curso para nossos alunos\u201d, apontou Menslin.&nbsp;<\/p>\n\n\n\n<figure class=\"wp-block-image size-full\"><img loading=\"lazy\" decoding=\"async\" width=\"852\" height=\"490\" src=\"https:\/\/www.unasp.br\/noticias\/wp-content\/uploads\/2022\/05\/Captura-de-Tela-2022-05-10-as-14.58.24.jpg\" alt=\"Dupla de enfermeiros\" class=\"wp-image-97149\" srcset=\"https:\/\/cdn.unasp.br\/noticias\/wp-content\/uploads\/2022\/05\/10120922\/Captura-de-Tela-2022-05-10-as-14.58.24.jpg 852w, https:\/\/cdn.unasp.br\/noticias\/wp-content\/uploads\/2022\/05\/10120922\/Captura-de-Tela-2022-05-10-as-14.58.24-300x173.jpg 300w, https:\/\/cdn.unasp.br\/noticias\/wp-content\/uploads\/2022\/05\/10120922\/Captura-de-Tela-2022-05-10-as-14.58.24-768x442.jpg 768w, https:\/\/cdn.unasp.br\/noticias\/wp-content\/uploads\/2022\/05\/10120922\/Captura-de-Tela-2022-05-10-as-14.58.24-800x460.jpg 800w, https:\/\/cdn.unasp.br\/noticias\/wp-content\/uploads\/2022\/05\/10120922\/Captura-de-Tela-2022-05-10-as-14.58.24-750x431.jpg 750w, https:\/\/cdn.unasp.br\/noticias\/wp-content\/uploads\/2022\/05\/10120922\/Captura-de-Tela-2022-05-10-as-14.58.24-720x414.jpg 720w, https:\/\/cdn.unasp.br\/noticias\/wp-content\/uploads\/2022\/05\/10120922\/Captura-de-Tela-2022-05-10-as-14.58.24-487x280.jpg 487w, https:\/\/cdn.unasp.br\/noticias\/wp-content\/uploads\/2022\/05\/10120922\/Captura-de-Tela-2022-05-10-as-14.58.24-500x288.jpg 500w, https:\/\/cdn.unasp.br\/noticias\/wp-content\/uploads\/2022\/05\/10120922\/Captura-de-Tela-2022-05-10-as-14.58.24-400x230.jpg 400w, https:\/\/cdn.unasp.br\/noticias\/wp-content\/uploads\/2022\/05\/10120922\/Captura-de-Tela-2022-05-10-as-14.58.24-348x200.jpg 348w, https:\/\/cdn.unasp.br\/noticias\/wp-content\/uploads\/2022\/05\/10120922\/Captura-de-Tela-2022-05-10-as-14.58.24-261x150.jpg 261w, https:\/\/cdn.unasp.br\/noticias\/wp-content\/uploads\/2022\/05\/10120922\/Captura-de-Tela-2022-05-10-as-14.58.24-175x101.jpg 175w, https:\/\/cdn.unasp.br\/noticias\/wp-content\/uploads\/2022\/05\/10120922\/Captura-de-Tela-2022-05-10-as-14.58.24-200x115.jpg 200w, https:\/\/cdn.unasp.br\/noticias\/wp-content\/uploads\/2022\/05\/10120922\/Captura-de-Tela-2022-05-10-as-14.58.24-782x450.jpg 782w\" sizes=\"(max-width: 852px) 100vw, 852px\" \/><figcaption>A expectativa \u00e9 que o curso de gradua\u00e7\u00e3o em Enfermagem em Hortol\u00e2ndia comece em 2023.<\/figcaption><\/figure>\n","protected":false},"excerpt":{"rendered":"<p>Comiss\u00e3o do MEC avalia pedido de abertura do curso de gradua\u00e7\u00e3o em Enfermagem no UNASP campus Hortol\u00e2ndia.<\/p>\n","protected":false},"author":73,"featured_media":97149,"comment_status":"open","ping_status":"open","sticky":false,"template":"","format":"standard","meta":{"footnotes":""},"categories":[9],"tags":[292],"yoast_head":"<!-- This site is optimized with the Yoast SEO plugin v23.5 - https:\/\/yoast.com\/wordpress\/plugins\/seo\/ -->\n<title>MEC avalia projeto de curso de Enfermagem no campus Hortol\u00e2ndia com nota 4<\/title>\n<meta name=\"description\" content=\"Comiss\u00e3o do MEC avalia a solicita\u00e7\u00e3o de abertura do curso de Enfermagem no UNASP campus Hortol\u00e2ndia e aprova o pedido com nota 4. % %\" \/>\n<meta name=\"robots\" content=\"index, follow, max-snippet:-1, max-image-preview:large, max-video-preview:-1\" \/>\n<link rel=\"canonical\" href=\"https:\/\/unasp.br\/noticias\/mec-avalia-abertura-do-curso-de-enfermagem-em-hortolandia\/\" \/>\n<meta property=\"og:locale\" content=\"pt_BR\" \/>\n<meta property=\"og:type\" content=\"article\" \/>\n<meta property=\"og:title\" content=\"MEC avalia projeto de curso de Enfermagem no campus Hortol\u00e2ndia com nota 4\" \/>\n<meta property=\"og:description\" content=\"Comiss\u00e3o do MEC avalia a solicita\u00e7\u00e3o de abertura do curso de Enfermagem no UNASP campus Hortol\u00e2ndia e aprova o pedido com nota 4. % %\" \/>\n<meta property=\"og:url\" content=\"https:\/\/unasp.br\/noticias\/mec-avalia-abertura-do-curso-de-enfermagem-em-hortolandia\/\" \/>\n<meta property=\"og:site_name\" content=\"UNASP Noticias\" \/>\n<meta property=\"article:published_time\" content=\"2022-05-10T18:19:48+00:00\" \/>\n<meta property=\"article:modified_time\" content=\"2022-05-11T14:44:37+00:00\" \/>\n<meta property=\"og:image\" content=\"https:\/\/cdn.unasp.br\/noticias\/wp-content\/uploads\/2022\/05\/10120922\/Captura-de-Tela-2022-05-10-as-14.58.24.jpg\" \/>\n\t<meta property=\"og:image:width\" content=\"852\" \/>\n\t<meta property=\"og:image:height\" content=\"490\" \/>\n\t<meta property=\"og:image:type\" content=\"image\/jpeg\" \/>\n<meta name=\"author\" content=\"Maria da Gl\u00f3ria Marques de Paula Barreto\" \/>\n<meta name=\"twitter:card\" content=\"summary_large_image\" \/>\n<meta name=\"twitter:label1\" content=\"Escrito por\" \/>\n\t<meta name=\"twitter:data1\" content=\"Maria da Gl\u00f3ria Marques de Paula Barreto\" \/>\n\t<meta name=\"twitter:label2\" content=\"Est. tempo de leitura\" \/>\n\t<meta name=\"twitter:data2\" content=\"3 minutos\" \/>\n<script type=\"application\/ld+json\" class=\"yoast-schema-graph\">{\"@context\":\"https:\/\/schema.org\",\"@graph\":[{\"@type\":\"Article\",\"@id\":\"https:\/\/unasp.br\/noticias\/mec-avalia-abertura-do-curso-de-enfermagem-em-hortolandia\/#article\",\"isPartOf\":{\"@id\":\"https:\/\/unasp.br\/noticias\/mec-avalia-abertura-do-curso-de-enfermagem-em-hortolandia\/\"},\"author\":{\"name\":\"Maria da Gl\u00f3ria Marques de Paula Barreto\",\"@id\":\"https:\/\/unasp.br\/noticias\/#\/schema\/person\/f3393a032491eabc46fadb3656375334\"},\"headline\":\"MEC avalia projeto de curso de Enfermagem no campus Hortol\u00e2ndia com nota 4\",\"datePublished\":\"2022-05-10T18:19:48+00:00\",\"dateModified\":\"2022-05-11T14:44:37+00:00\",\"mainEntityOfPage\":{\"@id\":\"https:\/\/unasp.br\/noticias\/mec-avalia-abertura-do-curso-de-enfermagem-em-hortolandia\/\"},\"wordCount\":404,\"commentCount\":0,\"publisher\":{\"@id\":\"https:\/\/unasp.br\/noticias\/#organization\"},\"image\":{\"@id\":\"https:\/\/unasp.br\/noticias\/mec-avalia-abertura-do-curso-de-enfermagem-em-hortolandia\/#primaryimage\"},\"thumbnailUrl\":\"https:\/\/cdn.unasp.br\/noticias\/wp-content\/uploads\/2022\/05\/10120922\/Captura-de-Tela-2022-05-10-as-14.58.24.jpg\",\"keywords\":[\"Gradua\u00e7\u00e3o\"],\"articleSection\":[\"Profiss\u00e3o e Mercado\"],\"inLanguage\":\"pt-BR\",\"potentialAction\":[{\"@type\":\"CommentAction\",\"name\":\"Comment\",\"target\":[\"https:\/\/unasp.br\/noticias\/mec-avalia-abertura-do-curso-de-enfermagem-em-hortolandia\/#respond\"]}]},{\"@type\":\"WebPage\",\"@id\":\"https:\/\/unasp.br\/noticias\/mec-avalia-abertura-do-curso-de-enfermagem-em-hortolandia\/\",\"url\":\"https:\/\/unasp.br\/noticias\/mec-avalia-abertura-do-curso-de-enfermagem-em-hortolandia\/\",\"name\":\"MEC avalia projeto de curso de Enfermagem no campus Hortol\u00e2ndia com nota 4\",\"isPartOf\":{\"@id\":\"https:\/\/unasp.br\/noticias\/#website\"},\"primaryImageOfPage\":{\"@id\":\"https:\/\/unasp.br\/noticias\/mec-avalia-abertura-do-curso-de-enfermagem-em-hortolandia\/#primaryimage\"},\"image\":{\"@id\":\"https:\/\/unasp.br\/noticias\/mec-avalia-abertura-do-curso-de-enfermagem-em-hortolandia\/#primaryimage\"},\"thumbnailUrl\":\"https:\/\/cdn.unasp.br\/noticias\/wp-content\/uploads\/2022\/05\/10120922\/Captura-de-Tela-2022-05-10-as-14.58.24.jpg\",\"datePublished\":\"2022-05-10T18:19:48+00:00\",\"dateModified\":\"2022-05-11T14:44:37+00:00\",\"description\":\"Comiss\u00e3o do MEC avalia a solicita\u00e7\u00e3o de abertura do curso de Enfermagem no UNASP campus Hortol\u00e2ndia e aprova o pedido com nota 4. % %\",\"breadcrumb\":{\"@id\":\"https:\/\/unasp.br\/noticias\/mec-avalia-abertura-do-curso-de-enfermagem-em-hortolandia\/#breadcrumb\"},\"inLanguage\":\"pt-BR\",\"potentialAction\":[{\"@type\":\"ReadAction\",\"target\":[\"https:\/\/unasp.br\/noticias\/mec-avalia-abertura-do-curso-de-enfermagem-em-hortolandia\/\"]}]},{\"@type\":\"ImageObject\",\"inLanguage\":\"pt-BR\",\"@id\":\"https:\/\/unasp.br\/noticias\/mec-avalia-abertura-do-curso-de-enfermagem-em-hortolandia\/#primaryimage\",\"url\":\"https:\/\/cdn.unasp.br\/noticias\/wp-content\/uploads\/2022\/05\/10120922\/Captura-de-Tela-2022-05-10-as-14.58.24.jpg\",\"contentUrl\":\"https:\/\/cdn.unasp.br\/noticias\/wp-content\/uploads\/2022\/05\/10120922\/Captura-de-Tela-2022-05-10-as-14.58.24.jpg\",\"width\":852,\"height\":490,\"caption\":\"A expectativa \u00e9 que o curso de gradua\u00e7\u00e3o em Enfermagem comece no campus Hortol\u00e2ndia em 2023.\"},{\"@type\":\"BreadcrumbList\",\"@id\":\"https:\/\/unasp.br\/noticias\/mec-avalia-abertura-do-curso-de-enfermagem-em-hortolandia\/#breadcrumb\",\"itemListElement\":[{\"@type\":\"ListItem\",\"position\":1,\"name\":\"In\u00edcio\",\"item\":\"https:\/\/unasp.br\/noticias\/\"},{\"@type\":\"ListItem\",\"position\":2,\"name\":\"MEC avalia projeto de curso de Enfermagem no campus Hortol\u00e2ndia com nota 4\"}]},{\"@type\":\"WebSite\",\"@id\":\"https:\/\/unasp.br\/noticias\/#website\",\"url\":\"https:\/\/unasp.br\/noticias\/\",\"name\":\"UNASP Noticias\",\"description\":\"Centro Universit\u00e1rio Adventista de S\u00e3o Paulo\",\"publisher\":{\"@id\":\"https:\/\/unasp.br\/noticias\/#organization\"},\"potentialAction\":[{\"@type\":\"SearchAction\",\"target\":{\"@type\":\"EntryPoint\",\"urlTemplate\":\"https:\/\/unasp.br\/noticias\/?s={search_term_string}\"},\"query-input\":{\"@type\":\"PropertyValueSpecification\",\"valueRequired\":true,\"valueName\":\"search_term_string\"}}],\"inLanguage\":\"pt-BR\"},{\"@type\":\"Organization\",\"@id\":\"https:\/\/unasp.br\/noticias\/#organization\",\"name\":\"UNASP Noticias\",\"url\":\"https:\/\/unasp.br\/noticias\/\",\"logo\":{\"@type\":\"ImageObject\",\"inLanguage\":\"pt-BR\",\"@id\":\"https:\/\/unasp.br\/noticias\/#\/schema\/logo\/image\/\",\"url\":\"https:\/\/cdn.unasp.br\/noticias\/wp-content\/uploads\/2021\/09\/09152724\/logo-unasp-news.png\",\"contentUrl\":\"https:\/\/cdn.unasp.br\/noticias\/wp-content\/uploads\/2021\/09\/09152724\/logo-unasp-news.png\",\"width\":240,\"height\":41,\"caption\":\"UNASP Noticias\"},\"image\":{\"@id\":\"https:\/\/unasp.br\/noticias\/#\/schema\/logo\/image\/\"}},{\"@type\":\"Person\",\"@id\":\"https:\/\/unasp.br\/noticias\/#\/schema\/person\/f3393a032491eabc46fadb3656375334\",\"name\":\"Maria da Gl\u00f3ria Marques de Paula Barreto\",\"image\":{\"@type\":\"ImageObject\",\"inLanguage\":\"pt-BR\",\"@id\":\"https:\/\/unasp.br\/noticias\/#\/schema\/person\/image\/\",\"url\":\"https:\/\/secure.gravatar.com\/avatar\/3c23babfa2a847f4ce1e1403fe341fa3?s=96&d=mm&r=g\",\"contentUrl\":\"https:\/\/secure.gravatar.com\/avatar\/3c23babfa2a847f4ce1e1403fe341fa3?s=96&d=mm&r=g\",\"caption\":\"Maria da Gl\u00f3ria Marques de Paula Barreto\"},\"url\":\"https:\/\/unasp.br\/noticias\/author\/gloria-barretoadventistas-org\/\"}]}<\/script>\n<!-- \/ Yoast SEO plugin. -->","yoast_head_json":{"title":"MEC avalia projeto de curso de Enfermagem no campus Hortol\u00e2ndia com nota 4","description":"Comiss\u00e3o do MEC avalia a solicita\u00e7\u00e3o de abertura do curso de Enfermagem no UNASP campus Hortol\u00e2ndia e aprova o pedido com nota 4. % %","robots":{"index":"index","follow":"follow","max-snippet":"max-snippet:-1","max-image-preview":"max-image-preview:large","max-video-preview":"max-video-preview:-1"},"canonical":"https:\/\/unasp.br\/noticias\/mec-avalia-abertura-do-curso-de-enfermagem-em-hortolandia\/","og_locale":"pt_BR","og_type":"article","og_title":"MEC avalia projeto de curso de Enfermagem no campus Hortol\u00e2ndia com nota 4","og_description":"Comiss\u00e3o do MEC avalia a solicita\u00e7\u00e3o de abertura do curso de Enfermagem no UNASP campus Hortol\u00e2ndia e aprova o pedido com nota 4. % %","og_url":"https:\/\/unasp.br\/noticias\/mec-avalia-abertura-do-curso-de-enfermagem-em-hortolandia\/","og_site_name":"UNASP Noticias","article_published_time":"2022-05-10T18:19:48+00:00","article_modified_time":"2022-05-11T14:44:37+00:00","og_image":[{"width":852,"height":490,"url":"https:\/\/cdn.unasp.br\/noticias\/wp-content\/uploads\/2022\/05\/10120922\/Captura-de-Tela-2022-05-10-as-14.58.24.jpg","type":"image\/jpeg"}],"author":"Maria da Gl\u00f3ria Marques de Paula Barreto","twitter_card":"summary_large_image","twitter_misc":{"Escrito por":"Maria da Gl\u00f3ria Marques de Paula Barreto","Est. tempo de leitura":"3 minutos"},"schema":{"@context":"https:\/\/schema.org","@graph":[{"@type":"Article","@id":"https:\/\/unasp.br\/noticias\/mec-avalia-abertura-do-curso-de-enfermagem-em-hortolandia\/#article","isPartOf":{"@id":"https:\/\/unasp.br\/noticias\/mec-avalia-abertura-do-curso-de-enfermagem-em-hortolandia\/"},"author":{"name":"Maria da Gl\u00f3ria Marques de Paula Barreto","@id":"https:\/\/unasp.br\/noticias\/#\/schema\/person\/f3393a032491eabc46fadb3656375334"},"headline":"MEC avalia projeto de curso de Enfermagem no campus Hortol\u00e2ndia com nota 4","datePublished":"2022-05-10T18:19:48+00:00","dateModified":"2022-05-11T14:44:37+00:00","mainEntityOfPage":{"@id":"https:\/\/unasp.br\/noticias\/mec-avalia-abertura-do-curso-de-enfermagem-em-hortolandia\/"},"wordCount":404,"commentCount":0,"publisher":{"@id":"https:\/\/unasp.br\/noticias\/#organization"},"image":{"@id":"https:\/\/unasp.br\/noticias\/mec-avalia-abertura-do-curso-de-enfermagem-em-hortolandia\/#primaryimage"},"thumbnailUrl":"https:\/\/cdn.unasp.br\/noticias\/wp-content\/uploads\/2022\/05\/10120922\/Captura-de-Tela-2022-05-10-as-14.58.24.jpg","keywords":["Gradua\u00e7\u00e3o"],"articleSection":["Profiss\u00e3o e Mercado"],"inLanguage":"pt-BR","potentialAction":[{"@type":"CommentAction","name":"Comment","target":["https:\/\/unasp.br\/noticias\/mec-avalia-abertura-do-curso-de-enfermagem-em-hortolandia\/#respond"]}]},{"@type":"WebPage","@id":"https:\/\/unasp.br\/noticias\/mec-avalia-abertura-do-curso-de-enfermagem-em-hortolandia\/","url":"https:\/\/unasp.br\/noticias\/mec-avalia-abertura-do-curso-de-enfermagem-em-hortolandia\/","name":"MEC avalia projeto de curso de Enfermagem no campus Hortol\u00e2ndia com nota 4","isPartOf":{"@id":"https:\/\/unasp.br\/noticias\/#website"},"primaryImageOfPage":{"@id":"https:\/\/unasp.br\/noticias\/mec-avalia-abertura-do-curso-de-enfermagem-em-hortolandia\/#primaryimage"},"image":{"@id":"https:\/\/unasp.br\/noticias\/mec-avalia-abertura-do-curso-de-enfermagem-em-hortolandia\/#primaryimage"},"thumbnailUrl":"https:\/\/cdn.unasp.br\/noticias\/wp-content\/uploads\/2022\/05\/10120922\/Captura-de-Tela-2022-05-10-as-14.58.24.jpg","datePublished":"2022-05-10T18:19:48+00:00","dateModified":"2022-05-11T14:44:37+00:00","description":"Comiss\u00e3o do MEC avalia a solicita\u00e7\u00e3o de abertura do curso de Enfermagem no UNASP campus Hortol\u00e2ndia e aprova o pedido com nota 4. % %","breadcrumb":{"@id":"https:\/\/unasp.br\/noticias\/mec-avalia-abertura-do-curso-de-enfermagem-em-hortolandia\/#breadcrumb"},"inLanguage":"pt-BR","potentialAction":[{"@type":"ReadAction","target":["https:\/\/unasp.br\/noticias\/mec-avalia-abertura-do-curso-de-enfermagem-em-hortolandia\/"]}]},{"@type":"ImageObject","inLanguage":"pt-BR","@id":"https:\/\/unasp.br\/noticias\/mec-avalia-abertura-do-curso-de-enfermagem-em-hortolandia\/#primaryimage","url":"https:\/\/cdn.unasp.br\/noticias\/wp-content\/uploads\/2022\/05\/10120922\/Captura-de-Tela-2022-05-10-as-14.58.24.jpg","contentUrl":"https:\/\/cdn.unasp.br\/noticias\/wp-content\/uploads\/2022\/05\/10120922\/Captura-de-Tela-2022-05-10-as-14.58.24.jpg","width":852,"height":490,"caption":"A expectativa \u00e9 que o curso de gradua\u00e7\u00e3o em Enfermagem comece no campus Hortol\u00e2ndia em 2023."},{"@type":"BreadcrumbList","@id":"https:\/\/unasp.br\/noticias\/mec-avalia-abertura-do-curso-de-enfermagem-em-hortolandia\/#breadcrumb","itemListElement":[{"@type":"ListItem","position":1,"name":"In\u00edcio","item":"https:\/\/unasp.br\/noticias\/"},{"@type":"ListItem","position":2,"name":"MEC avalia projeto de curso de Enfermagem no campus Hortol\u00e2ndia com nota 4"}]},{"@type":"WebSite","@id":"https:\/\/unasp.br\/noticias\/#website","url":"https:\/\/unasp.br\/noticias\/","name":"UNASP Noticias","description":"Centro Universit\u00e1rio Adventista de S\u00e3o Paulo","publisher":{"@id":"https:\/\/unasp.br\/noticias\/#organization"},"potentialAction":[{"@type":"SearchAction","target":{"@type":"EntryPoint","urlTemplate":"https:\/\/unasp.br\/noticias\/?s={search_term_string}"},"query-input":{"@type":"PropertyValueSpecification","valueRequired":true,"valueName":"search_term_string"}}],"inLanguage":"pt-BR"},{"@type":"Organization","@id":"https:\/\/unasp.br\/noticias\/#organization","name":"UNASP Noticias","url":"https:\/\/unasp.br\/noticias\/","logo":{"@type":"ImageObject","inLanguage":"pt-BR","@id":"https:\/\/unasp.br\/noticias\/#\/schema\/logo\/image\/","url":"https:\/\/cdn.unasp.br\/noticias\/wp-content\/uploads\/2021\/09\/09152724\/logo-unasp-news.png","contentUrl":"https:\/\/cdn.unasp.br\/noticias\/wp-content\/uploads\/2021\/09\/09152724\/logo-unasp-news.png","width":240,"height":41,"caption":"UNASP Noticias"},"image":{"@id":"https:\/\/unasp.br\/noticias\/#\/schema\/logo\/image\/"}},{"@type":"Person","@id":"https:\/\/unasp.br\/noticias\/#\/schema\/person\/f3393a032491eabc46fadb3656375334","name":"Maria da Gl\u00f3ria Marques de Paula Barreto","image":{"@type":"ImageObject","inLanguage":"pt-BR","@id":"https:\/\/unasp.br\/noticias\/#\/schema\/person\/image\/","url":"https:\/\/secure.gravatar.com\/avatar\/3c23babfa2a847f4ce1e1403fe341fa3?s=96&d=mm&r=g","contentUrl":"https:\/\/secure.gravatar.com\/avatar\/3c23babfa2a847f4ce1e1403fe341fa3?s=96&d=mm&r=g","caption":"Maria da Gl\u00f3ria Marques de Paula Barreto"},"url":"https:\/\/unasp.br\/noticias\/author\/gloria-barretoadventistas-org\/"}]}},"_links":{"self":[{"href":"https:\/\/unasp.br\/noticias\/wp-json\/wp\/v2\/posts\/97148"}],"collection":[{"href":"https:\/\/unasp.br\/noticias\/wp-json\/wp\/v2\/posts"}],"about":[{"href":"https:\/\/unasp.br\/noticias\/wp-json\/wp\/v2\/types\/post"}],"author":[{"embeddable":true,"href":"https:\/\/unasp.br\/noticias\/wp-json\/wp\/v2\/users\/73"}],"replies":[{"embeddable":true,"href":"https:\/\/unasp.br\/noticias\/wp-json\/wp\/v2\/comments?post=97148"}],"version-history":[{"count":7,"href":"https:\/\/unasp.br\/noticias\/wp-json\/wp\/v2\/posts\/97148\/revisions"}],"predecessor-version":[{"id":97176,"href":"https:\/\/unasp.br\/noticias\/wp-json\/wp\/v2\/posts\/97148\/revisions\/97176"}],"wp:featuredmedia":[{"embeddable":true,"href":"https:\/\/unasp.br\/noticias\/wp-json\/wp\/v2\/media\/97149"}],"wp:attachment":[{"href":"https:\/\/unasp.br\/noticias\/wp-json\/wp\/v2\/media?parent=97148"}],"wp:term":[{"taxonomy":"category","embeddable":true,"href":"https:\/\/unasp.br\/noticias\/wp-json\/wp\/v2\/categories?post=97148"},{"taxonomy":"post_tag","embeddable":true,"href":"https:\/\/unasp.br\/noticias\/wp-json\/wp\/v2\/tags?post=97148"}],"curies":[{"name":"wp","href":"https:\/\/api.w.org\/{rel}","templated":true}]}}