{"id":98371,"date":"2022-08-23T18:47:08","date_gmt":"2022-08-23T21:47:08","guid":{"rendered":"https:\/\/www.unasp.br\/noticias\/?p=98371"},"modified":"2022-08-23T18:47:09","modified_gmt":"2022-08-23T21:47:09","slug":"semana-da-lingua-portuguesa-incentiva-leitura-e-escrita","status":"publish","type":"post","link":"https:\/\/unasp.br\/noticias\/semana-da-lingua-portuguesa-incentiva-leitura-e-escrita\/","title":{"rendered":"Semana da L\u00edngua Portuguesa incentiva leitura e escrita"},"content":{"rendered":"\n<p>Entre os dias 15 a 19 de agosto o <a href=\"https:\/\/colegio.unasp.br\/\">Col\u00e9gio UNASP<\/a>, unidade <a href=\"https:\/\/colegio.unasp.br\/unidade-sao-paulo\/\">S\u00e3o Paulo<\/a>, realizou a Semana da L\u00edngua Portuguesa, com o tema \u201cQuem d\u00e1 asas \u00e0 imagina\u00e7\u00e3o, liberta a palavra e viaja no infinito\u201d. Os dias foram marcados por muito aprendizado em sala de aula e entre os colegas.\u00a0<\/p>\n\n\n\n<p>Para colocarem em pr\u00e1tica as v\u00e1rias faces da l\u00edngua portuguesa, os professores planejaram v\u00e1rias atividades para os alunos como, utilizarem verbos atrav\u00e9s de mimicas, visitar \u00e0 biblioteca, trocas de livros, aula sobre a hist\u00f3ria da escrita, feira de livros e finalizaram a semana com o concurso de reda\u00e7\u00e3o.\u00a0<\/p>\n\n\n\n<p>A aluna Ra\u00edssa Machado, participou pela primeira vez na Semana da L\u00edngua Portuguesa e teve a oportunidade de indicar livros para os colegas durante as aulas. \u201cFoi uma experi\u00eancia nova que me ajudou a perder um pouco da vergonha de falar em p\u00fablico. Essa semana tamb\u00e9m me influenciou em muitas coisas, al\u00e9m da leitura\u201d, relata.\u00a0<\/p>\n\n\n\n<p>Essa foi a primeira edi\u00e7\u00e3o da Semana da L\u00edngua Portuguesa p\u00f3s pandemia. Segundo a coordenadora pedag\u00f3gica, professora Elaine Bertazo, o intuito da semana \u00e9 influenciar o interesse dos alunos na leitura e escrita. \u201cNosso objetivo \u00e9 tentar resgatar nos alunos a vontade pela leitura, a experi\u00eancia de manusear um livro e o incentivo de doar livros que eles j\u00e1 n\u00e3o usam mais para conhecerem outros livros doados pelos colegas. Nessa semana eles tanto leram como escreveram e a criatividade permeou por todos os dias da semana&#8221;, afirma. <\/p>\n\n\n\n<figure class=\"wp-block-image size-large\"><img loading=\"lazy\" decoding=\"async\" width=\"1024\" height=\"683\" src=\"https:\/\/www.unasp.br\/noticias\/wp-content\/uploads\/2022\/08\/IMG_9772-1024x683.jpg\" alt=\"\" class=\"wp-image-98387\" srcset=\"https:\/\/cdn.unasp.br\/unasp-noticias\/2022\/08\/26010702\/IMG_9772-1024x683.jpg 1024w, https:\/\/cdn.unasp.br\/unasp-noticias\/2022\/08\/26010702\/IMG_9772-300x200.jpg 300w, https:\/\/cdn.unasp.br\/unasp-noticias\/2022\/08\/26010702\/IMG_9772-768x512.jpg 768w, https:\/\/cdn.unasp.br\/unasp-noticias\/2022\/08\/26010702\/IMG_9772-1536x1024.jpg 1536w, https:\/\/cdn.unasp.br\/unasp-noticias\/2022\/08\/26010702\/IMG_9772-900x600.jpg 900w, https:\/\/cdn.unasp.br\/unasp-noticias\/2022\/08\/26010702\/IMG_9772-1200x800.jpg 1200w, https:\/\/cdn.unasp.br\/unasp-noticias\/2022\/08\/26010702\/IMG_9772-1080x720.jpg 1080w, https:\/\/cdn.unasp.br\/unasp-noticias\/2022\/08\/26010702\/IMG_9772-800x533.jpg 800w, https:\/\/cdn.unasp.br\/unasp-noticias\/2022\/08\/26010702\/IMG_9772-750x500.jpg 750w, https:\/\/cdn.unasp.br\/unasp-noticias\/2022\/08\/26010702\/IMG_9772-720x480.jpg 720w, https:\/\/cdn.unasp.br\/unasp-noticias\/2022\/08\/26010702\/IMG_9772-420x280.jpg 420w, https:\/\/cdn.unasp.br\/unasp-noticias\/2022\/08\/26010702\/IMG_9772-500x333.jpg 500w, https:\/\/cdn.unasp.br\/unasp-noticias\/2022\/08\/26010702\/IMG_9772-400x267.jpg 400w, https:\/\/cdn.unasp.br\/unasp-noticias\/2022\/08\/26010702\/IMG_9772-225x150.jpg 225w, https:\/\/cdn.unasp.br\/unasp-noticias\/2022\/08\/26010702\/IMG_9772-175x117.jpg 175w, https:\/\/cdn.unasp.br\/unasp-noticias\/2022\/08\/26010702\/IMG_9772-200x133.jpg 200w, https:\/\/cdn.unasp.br\/unasp-noticias\/2022\/08\/26010702\/IMG_9772-675x450.jpg 675w, https:\/\/cdn.unasp.br\/unasp-noticias\/2022\/08\/26010702\/IMG_9772-390x260.jpg 390w, https:\/\/cdn.unasp.br\/unasp-noticias\/2022\/08\/26010702\/IMG_9772.jpg 2048w\" sizes=\"(max-width: 1024px) 100vw, 1024px\" \/><\/figure>\n","protected":false},"excerpt":{"rendered":"<p>Durante a semana os alunos vivenciaram experi\u00eancias criativas e tiveram momentos de muito aprendizado. <\/p>\n","protected":false},"author":72,"featured_media":98386,"comment_status":"open","ping_status":"open","sticky":false,"template":"","format":"standard","meta":{"footnotes":""},"categories":[6],"tags":[259,102,60],"yoast_head":"<!-- This site is optimized with the Yoast SEO plugin v23.5 - https:\/\/yoast.com\/wordpress\/plugins\/seo\/ -->\n<title>Semana da L\u00edngua Portuguesa incentiva leitura e escrita - UNASP Noticias<\/title>\n<meta name=\"description\" content=\"Alunos o Col\u00e9gio UNASP s\u00e3o incentivados a desenvolverem o h\u00e1bito pela leitura e escrita durante a semana da L\u00edngua Portuguesa.\" \/>\n<meta name=\"robots\" content=\"index, follow, max-snippet:-1, max-image-preview:large, max-video-preview:-1\" \/>\n<link rel=\"canonical\" href=\"https:\/\/unasp.br\/noticias\/semana-da-lingua-portuguesa-incentiva-leitura-e-escrita\/\" \/>\n<meta property=\"og:locale\" content=\"pt_BR\" \/>\n<meta property=\"og:type\" content=\"article\" \/>\n<meta property=\"og:title\" content=\"Semana da L\u00edngua Portuguesa incentiva leitura e escrita - UNASP Noticias\" \/>\n<meta property=\"og:description\" content=\"Alunos o Col\u00e9gio UNASP s\u00e3o incentivados a desenvolverem o h\u00e1bito pela leitura e escrita durante a semana da L\u00edngua Portuguesa.\" \/>\n<meta property=\"og:url\" content=\"https:\/\/unasp.br\/noticias\/semana-da-lingua-portuguesa-incentiva-leitura-e-escrita\/\" \/>\n<meta property=\"og:site_name\" content=\"UNASP Noticias\" \/>\n<meta property=\"article:published_time\" content=\"2022-08-23T21:47:08+00:00\" \/>\n<meta property=\"article:modified_time\" content=\"2022-08-23T21:47:09+00:00\" \/>\n<meta property=\"og:image\" content=\"https:\/\/cdn.unasp.br\/unasp-noticias\/2022\/08\/26010702\/IMG_9761.jpg\" \/>\n\t<meta property=\"og:image:width\" content=\"2048\" \/>\n\t<meta property=\"og:image:height\" content=\"1365\" \/>\n\t<meta property=\"og:image:type\" content=\"image\/jpeg\" \/>\n<meta name=\"author\" content=\"Thais Fowler de Oliveira Schimmak\" \/>\n<meta name=\"twitter:card\" content=\"summary_large_image\" \/>\n<meta name=\"twitter:label1\" content=\"Escrito por\" \/>\n\t<meta name=\"twitter:data1\" content=\"Thais Fowler de Oliveira Schimmak\" \/>\n\t<meta name=\"twitter:label2\" content=\"Est. tempo de leitura\" \/>\n\t<meta name=\"twitter:data2\" content=\"2 minutos\" \/>\n<script type=\"application\/ld+json\" class=\"yoast-schema-graph\">{\"@context\":\"https:\/\/schema.org\",\"@graph\":[{\"@type\":\"Article\",\"@id\":\"https:\/\/unasp.br\/noticias\/semana-da-lingua-portuguesa-incentiva-leitura-e-escrita\/#article\",\"isPartOf\":{\"@id\":\"https:\/\/unasp.br\/noticias\/semana-da-lingua-portuguesa-incentiva-leitura-e-escrita\/\"},\"author\":{\"name\":\"Thais Fowler de Oliveira Schimmak\",\"@id\":\"https:\/\/unasp.br\/noticias\/#\/schema\/person\/12a35c1b0ad29e4b5f57a45236f754b9\"},\"headline\":\"Semana da L\u00edngua Portuguesa incentiva leitura e escrita\",\"datePublished\":\"2022-08-23T21:47:08+00:00\",\"dateModified\":\"2022-08-23T21:47:09+00:00\",\"mainEntityOfPage\":{\"@id\":\"https:\/\/unasp.br\/noticias\/semana-da-lingua-portuguesa-incentiva-leitura-e-escrita\/\"},\"wordCount\":266,\"commentCount\":0,\"publisher\":{\"@id\":\"https:\/\/unasp.br\/noticias\/#organization\"},\"image\":{\"@id\":\"https:\/\/unasp.br\/noticias\/semana-da-lingua-portuguesa-incentiva-leitura-e-escrita\/#primaryimage\"},\"thumbnailUrl\":\"https:\/\/cdn.unasp.br\/unasp-noticias\/2022\/08\/26010702\/IMG_9761.jpg\",\"keywords\":[\"Col\u00e9gio UNASP\",\"educa\u00e7\u00e3o\",\"UNASP\"],\"articleSection\":[\"Acontece no UNASP\"],\"inLanguage\":\"pt-BR\",\"potentialAction\":[{\"@type\":\"CommentAction\",\"name\":\"Comment\",\"target\":[\"https:\/\/unasp.br\/noticias\/semana-da-lingua-portuguesa-incentiva-leitura-e-escrita\/#respond\"]}]},{\"@type\":\"WebPage\",\"@id\":\"https:\/\/unasp.br\/noticias\/semana-da-lingua-portuguesa-incentiva-leitura-e-escrita\/\",\"url\":\"https:\/\/unasp.br\/noticias\/semana-da-lingua-portuguesa-incentiva-leitura-e-escrita\/\",\"name\":\"Semana da L\u00edngua Portuguesa incentiva leitura e escrita - UNASP Noticias\",\"isPartOf\":{\"@id\":\"https:\/\/unasp.br\/noticias\/#website\"},\"primaryImageOfPage\":{\"@id\":\"https:\/\/unasp.br\/noticias\/semana-da-lingua-portuguesa-incentiva-leitura-e-escrita\/#primaryimage\"},\"image\":{\"@id\":\"https:\/\/unasp.br\/noticias\/semana-da-lingua-portuguesa-incentiva-leitura-e-escrita\/#primaryimage\"},\"thumbnailUrl\":\"https:\/\/cdn.unasp.br\/unasp-noticias\/2022\/08\/26010702\/IMG_9761.jpg\",\"datePublished\":\"2022-08-23T21:47:08+00:00\",\"dateModified\":\"2022-08-23T21:47:09+00:00\",\"description\":\"Alunos o Col\u00e9gio UNASP s\u00e3o incentivados a desenvolverem o h\u00e1bito pela leitura e escrita durante a semana da L\u00edngua Portuguesa.\",\"breadcrumb\":{\"@id\":\"https:\/\/unasp.br\/noticias\/semana-da-lingua-portuguesa-incentiva-leitura-e-escrita\/#breadcrumb\"},\"inLanguage\":\"pt-BR\",\"potentialAction\":[{\"@type\":\"ReadAction\",\"target\":[\"https:\/\/unasp.br\/noticias\/semana-da-lingua-portuguesa-incentiva-leitura-e-escrita\/\"]}]},{\"@type\":\"ImageObject\",\"inLanguage\":\"pt-BR\",\"@id\":\"https:\/\/unasp.br\/noticias\/semana-da-lingua-portuguesa-incentiva-leitura-e-escrita\/#primaryimage\",\"url\":\"https:\/\/cdn.unasp.br\/unasp-noticias\/2022\/08\/26010702\/IMG_9761.jpg\",\"contentUrl\":\"https:\/\/cdn.unasp.br\/unasp-noticias\/2022\/08\/26010702\/IMG_9761.jpg\",\"width\":2048,\"height\":1365,\"caption\":\"semana da l\u00edngua portuguesa\"},{\"@type\":\"BreadcrumbList\",\"@id\":\"https:\/\/unasp.br\/noticias\/semana-da-lingua-portuguesa-incentiva-leitura-e-escrita\/#breadcrumb\",\"itemListElement\":[{\"@type\":\"ListItem\",\"position\":1,\"name\":\"In\u00edcio\",\"item\":\"https:\/\/unasp.br\/noticias\/\"},{\"@type\":\"ListItem\",\"position\":2,\"name\":\"Semana da L\u00edngua Portuguesa incentiva leitura e escrita\"}]},{\"@type\":\"WebSite\",\"@id\":\"https:\/\/unasp.br\/noticias\/#website\",\"url\":\"https:\/\/unasp.br\/noticias\/\",\"name\":\"UNASP Noticias\",\"description\":\"Centro Universit\u00e1rio Adventista de S\u00e3o Paulo\",\"publisher\":{\"@id\":\"https:\/\/unasp.br\/noticias\/#organization\"},\"potentialAction\":[{\"@type\":\"SearchAction\",\"target\":{\"@type\":\"EntryPoint\",\"urlTemplate\":\"https:\/\/unasp.br\/noticias\/?s={search_term_string}\"},\"query-input\":{\"@type\":\"PropertyValueSpecification\",\"valueRequired\":true,\"valueName\":\"search_term_string\"}}],\"inLanguage\":\"pt-BR\"},{\"@type\":\"Organization\",\"@id\":\"https:\/\/unasp.br\/noticias\/#organization\",\"name\":\"UNASP Noticias\",\"url\":\"https:\/\/unasp.br\/noticias\/\",\"logo\":{\"@type\":\"ImageObject\",\"inLanguage\":\"pt-BR\",\"@id\":\"https:\/\/unasp.br\/noticias\/#\/schema\/logo\/image\/\",\"url\":\"https:\/\/cdn.unasp.br\/noticias\/wp-content\/uploads\/2021\/09\/09152724\/logo-unasp-news.png\",\"contentUrl\":\"https:\/\/cdn.unasp.br\/noticias\/wp-content\/uploads\/2021\/09\/09152724\/logo-unasp-news.png\",\"width\":240,\"height\":41,\"caption\":\"UNASP Noticias\"},\"image\":{\"@id\":\"https:\/\/unasp.br\/noticias\/#\/schema\/logo\/image\/\"}},{\"@type\":\"Person\",\"@id\":\"https:\/\/unasp.br\/noticias\/#\/schema\/person\/12a35c1b0ad29e4b5f57a45236f754b9\",\"name\":\"Thais Fowler de Oliveira Schimmak\",\"image\":{\"@type\":\"ImageObject\",\"inLanguage\":\"pt-BR\",\"@id\":\"https:\/\/unasp.br\/noticias\/#\/schema\/person\/image\/\",\"url\":\"https:\/\/secure.gravatar.com\/avatar\/73a0165b6170e6856ee1353d89761cdc?s=96&d=mm&r=g\",\"contentUrl\":\"https:\/\/secure.gravatar.com\/avatar\/73a0165b6170e6856ee1353d89761cdc?s=96&d=mm&r=g\",\"caption\":\"Thais Fowler de Oliveira Schimmak\"},\"url\":\"https:\/\/unasp.br\/noticias\/author\/thais-fowleradventistas-org\/\"}]}<\/script>\n<!-- \/ Yoast SEO plugin. -->","yoast_head_json":{"title":"Semana da L\u00edngua Portuguesa incentiva leitura e escrita - UNASP Noticias","description":"Alunos o Col\u00e9gio UNASP s\u00e3o incentivados a desenvolverem o h\u00e1bito pela leitura e escrita durante a semana da L\u00edngua Portuguesa.","robots":{"index":"index","follow":"follow","max-snippet":"max-snippet:-1","max-image-preview":"max-image-preview:large","max-video-preview":"max-video-preview:-1"},"canonical":"https:\/\/unasp.br\/noticias\/semana-da-lingua-portuguesa-incentiva-leitura-e-escrita\/","og_locale":"pt_BR","og_type":"article","og_title":"Semana da L\u00edngua Portuguesa incentiva leitura e escrita - UNASP Noticias","og_description":"Alunos o Col\u00e9gio UNASP s\u00e3o incentivados a desenvolverem o h\u00e1bito pela leitura e escrita durante a semana da L\u00edngua Portuguesa.","og_url":"https:\/\/unasp.br\/noticias\/semana-da-lingua-portuguesa-incentiva-leitura-e-escrita\/","og_site_name":"UNASP Noticias","article_published_time":"2022-08-23T21:47:08+00:00","article_modified_time":"2022-08-23T21:47:09+00:00","og_image":[{"width":2048,"height":1365,"url":"https:\/\/cdn.unasp.br\/unasp-noticias\/2022\/08\/26010702\/IMG_9761.jpg","type":"image\/jpeg"}],"author":"Thais Fowler de Oliveira Schimmak","twitter_card":"summary_large_image","twitter_misc":{"Escrito por":"Thais Fowler de Oliveira Schimmak","Est. tempo de leitura":"2 minutos"},"schema":{"@context":"https:\/\/schema.org","@graph":[{"@type":"Article","@id":"https:\/\/unasp.br\/noticias\/semana-da-lingua-portuguesa-incentiva-leitura-e-escrita\/#article","isPartOf":{"@id":"https:\/\/unasp.br\/noticias\/semana-da-lingua-portuguesa-incentiva-leitura-e-escrita\/"},"author":{"name":"Thais Fowler de Oliveira Schimmak","@id":"https:\/\/unasp.br\/noticias\/#\/schema\/person\/12a35c1b0ad29e4b5f57a45236f754b9"},"headline":"Semana da L\u00edngua Portuguesa incentiva leitura e escrita","datePublished":"2022-08-23T21:47:08+00:00","dateModified":"2022-08-23T21:47:09+00:00","mainEntityOfPage":{"@id":"https:\/\/unasp.br\/noticias\/semana-da-lingua-portuguesa-incentiva-leitura-e-escrita\/"},"wordCount":266,"commentCount":0,"publisher":{"@id":"https:\/\/unasp.br\/noticias\/#organization"},"image":{"@id":"https:\/\/unasp.br\/noticias\/semana-da-lingua-portuguesa-incentiva-leitura-e-escrita\/#primaryimage"},"thumbnailUrl":"https:\/\/cdn.unasp.br\/unasp-noticias\/2022\/08\/26010702\/IMG_9761.jpg","keywords":["Col\u00e9gio UNASP","educa\u00e7\u00e3o","UNASP"],"articleSection":["Acontece no UNASP"],"inLanguage":"pt-BR","potentialAction":[{"@type":"CommentAction","name":"Comment","target":["https:\/\/unasp.br\/noticias\/semana-da-lingua-portuguesa-incentiva-leitura-e-escrita\/#respond"]}]},{"@type":"WebPage","@id":"https:\/\/unasp.br\/noticias\/semana-da-lingua-portuguesa-incentiva-leitura-e-escrita\/","url":"https:\/\/unasp.br\/noticias\/semana-da-lingua-portuguesa-incentiva-leitura-e-escrita\/","name":"Semana da L\u00edngua Portuguesa incentiva leitura e escrita - UNASP Noticias","isPartOf":{"@id":"https:\/\/unasp.br\/noticias\/#website"},"primaryImageOfPage":{"@id":"https:\/\/unasp.br\/noticias\/semana-da-lingua-portuguesa-incentiva-leitura-e-escrita\/#primaryimage"},"image":{"@id":"https:\/\/unasp.br\/noticias\/semana-da-lingua-portuguesa-incentiva-leitura-e-escrita\/#primaryimage"},"thumbnailUrl":"https:\/\/cdn.unasp.br\/unasp-noticias\/2022\/08\/26010702\/IMG_9761.jpg","datePublished":"2022-08-23T21:47:08+00:00","dateModified":"2022-08-23T21:47:09+00:00","description":"Alunos o Col\u00e9gio UNASP s\u00e3o incentivados a desenvolverem o h\u00e1bito pela leitura e escrita durante a semana da L\u00edngua Portuguesa.","breadcrumb":{"@id":"https:\/\/unasp.br\/noticias\/semana-da-lingua-portuguesa-incentiva-leitura-e-escrita\/#breadcrumb"},"inLanguage":"pt-BR","potentialAction":[{"@type":"ReadAction","target":["https:\/\/unasp.br\/noticias\/semana-da-lingua-portuguesa-incentiva-leitura-e-escrita\/"]}]},{"@type":"ImageObject","inLanguage":"pt-BR","@id":"https:\/\/unasp.br\/noticias\/semana-da-lingua-portuguesa-incentiva-leitura-e-escrita\/#primaryimage","url":"https:\/\/cdn.unasp.br\/unasp-noticias\/2022\/08\/26010702\/IMG_9761.jpg","contentUrl":"https:\/\/cdn.unasp.br\/unasp-noticias\/2022\/08\/26010702\/IMG_9761.jpg","width":2048,"height":1365,"caption":"semana da l\u00edngua portuguesa"},{"@type":"BreadcrumbList","@id":"https:\/\/unasp.br\/noticias\/semana-da-lingua-portuguesa-incentiva-leitura-e-escrita\/#breadcrumb","itemListElement":[{"@type":"ListItem","position":1,"name":"In\u00edcio","item":"https:\/\/unasp.br\/noticias\/"},{"@type":"ListItem","position":2,"name":"Semana da L\u00edngua Portuguesa incentiva leitura e escrita"}]},{"@type":"WebSite","@id":"https:\/\/unasp.br\/noticias\/#website","url":"https:\/\/unasp.br\/noticias\/","name":"UNASP Noticias","description":"Centro Universit\u00e1rio Adventista de S\u00e3o Paulo","publisher":{"@id":"https:\/\/unasp.br\/noticias\/#organization"},"potentialAction":[{"@type":"SearchAction","target":{"@type":"EntryPoint","urlTemplate":"https:\/\/unasp.br\/noticias\/?s={search_term_string}"},"query-input":{"@type":"PropertyValueSpecification","valueRequired":true,"valueName":"search_term_string"}}],"inLanguage":"pt-BR"},{"@type":"Organization","@id":"https:\/\/unasp.br\/noticias\/#organization","name":"UNASP Noticias","url":"https:\/\/unasp.br\/noticias\/","logo":{"@type":"ImageObject","inLanguage":"pt-BR","@id":"https:\/\/unasp.br\/noticias\/#\/schema\/logo\/image\/","url":"https:\/\/cdn.unasp.br\/noticias\/wp-content\/uploads\/2021\/09\/09152724\/logo-unasp-news.png","contentUrl":"https:\/\/cdn.unasp.br\/noticias\/wp-content\/uploads\/2021\/09\/09152724\/logo-unasp-news.png","width":240,"height":41,"caption":"UNASP Noticias"},"image":{"@id":"https:\/\/unasp.br\/noticias\/#\/schema\/logo\/image\/"}},{"@type":"Person","@id":"https:\/\/unasp.br\/noticias\/#\/schema\/person\/12a35c1b0ad29e4b5f57a45236f754b9","name":"Thais Fowler de Oliveira Schimmak","image":{"@type":"ImageObject","inLanguage":"pt-BR","@id":"https:\/\/unasp.br\/noticias\/#\/schema\/person\/image\/","url":"https:\/\/secure.gravatar.com\/avatar\/73a0165b6170e6856ee1353d89761cdc?s=96&d=mm&r=g","contentUrl":"https:\/\/secure.gravatar.com\/avatar\/73a0165b6170e6856ee1353d89761cdc?s=96&d=mm&r=g","caption":"Thais Fowler de Oliveira Schimmak"},"url":"https:\/\/unasp.br\/noticias\/author\/thais-fowleradventistas-org\/"}]}},"_links":{"self":[{"href":"https:\/\/unasp.br\/noticias\/wp-json\/wp\/v2\/posts\/98371"}],"collection":[{"href":"https:\/\/unasp.br\/noticias\/wp-json\/wp\/v2\/posts"}],"about":[{"href":"https:\/\/unasp.br\/noticias\/wp-json\/wp\/v2\/types\/post"}],"author":[{"embeddable":true,"href":"https:\/\/unasp.br\/noticias\/wp-json\/wp\/v2\/users\/72"}],"replies":[{"embeddable":true,"href":"https:\/\/unasp.br\/noticias\/wp-json\/wp\/v2\/comments?post=98371"}],"version-history":[{"count":1,"href":"https:\/\/unasp.br\/noticias\/wp-json\/wp\/v2\/posts\/98371\/revisions"}],"predecessor-version":[{"id":98388,"href":"https:\/\/unasp.br\/noticias\/wp-json\/wp\/v2\/posts\/98371\/revisions\/98388"}],"wp:featuredmedia":[{"embeddable":true,"href":"https:\/\/unasp.br\/noticias\/wp-json\/wp\/v2\/media\/98386"}],"wp:attachment":[{"href":"https:\/\/unasp.br\/noticias\/wp-json\/wp\/v2\/media?parent=98371"}],"wp:term":[{"taxonomy":"category","embeddable":true,"href":"https:\/\/unasp.br\/noticias\/wp-json\/wp\/v2\/categories?post=98371"},{"taxonomy":"post_tag","embeddable":true,"href":"https:\/\/unasp.br\/noticias\/wp-json\/wp\/v2\/tags?post=98371"}],"curies":[{"name":"wp","href":"https:\/\/api.w.org\/{rel}","templated":true}]}}