{"id":98414,"date":"2022-08-29T14:19:01","date_gmt":"2022-08-29T17:19:01","guid":{"rendered":"https:\/\/www.unasp.br\/noticias\/?p=98414"},"modified":"2022-08-29T14:29:29","modified_gmt":"2022-08-29T17:29:29","slug":"eleicao-colegio-unasp","status":"publish","type":"post","link":"https:\/\/unasp.br\/noticias\/eleicao-colegio-unasp\/","title":{"rendered":"Col\u00e9gio UNASP conscientiza alunos sobre elei\u00e7\u00f5es"},"content":{"rendered":"\n<p>Na \u00faltima quinta-feira (25) os alunos do Ensino Fundamental II e Ensino M\u00e9dio do <a href=\"https:\/\/colegio.unasp.br\/\">Col\u00e9gio UNASP<\/a> participaram de uma elei\u00e7\u00e3o presidencial fict\u00edcia. Durante a campanha eleitoral, os estudantes criaram partidos pol\u00edticos, desenvolveram propostas, com\u00edcios, hor\u00e1rio eleitoral e no \u00faltimo dia da atividade, participaram da vota\u00e7\u00e3o.<\/p>\n\n\n\n<figure class=\"wp-block-image size-large\"><img loading=\"lazy\" decoding=\"async\" width=\"1024\" height=\"683\" src=\"https:\/\/www.unasp.br\/noticias\/wp-content\/uploads\/2022\/08\/IMG_1051-1024x683.jpg\" alt=\"\" class=\"wp-image-98417\" srcset=\"https:\/\/cdn.unasp.br\/unasp-noticias\/2022\/08\/04112813\/IMG_1051-1024x683.jpg 1024w, https:\/\/cdn.unasp.br\/unasp-noticias\/2022\/08\/04112813\/IMG_1051-300x200.jpg 300w, https:\/\/cdn.unasp.br\/unasp-noticias\/2022\/08\/04112813\/IMG_1051-768x512.jpg 768w, https:\/\/cdn.unasp.br\/unasp-noticias\/2022\/08\/04112813\/IMG_1051-1536x1024.jpg 1536w, https:\/\/cdn.unasp.br\/unasp-noticias\/2022\/08\/04112813\/IMG_1051-900x600.jpg 900w, https:\/\/cdn.unasp.br\/unasp-noticias\/2022\/08\/04112813\/IMG_1051-1200x800.jpg 1200w, https:\/\/cdn.unasp.br\/unasp-noticias\/2022\/08\/04112813\/IMG_1051-1080x720.jpg 1080w, https:\/\/cdn.unasp.br\/unasp-noticias\/2022\/08\/04112813\/IMG_1051-800x533.jpg 800w, https:\/\/cdn.unasp.br\/unasp-noticias\/2022\/08\/04112813\/IMG_1051-750x500.jpg 750w, https:\/\/cdn.unasp.br\/unasp-noticias\/2022\/08\/04112813\/IMG_1051-720x480.jpg 720w, https:\/\/cdn.unasp.br\/unasp-noticias\/2022\/08\/04112813\/IMG_1051-420x280.jpg 420w, https:\/\/cdn.unasp.br\/unasp-noticias\/2022\/08\/04112813\/IMG_1051-500x333.jpg 500w, https:\/\/cdn.unasp.br\/unasp-noticias\/2022\/08\/04112813\/IMG_1051-400x267.jpg 400w, https:\/\/cdn.unasp.br\/unasp-noticias\/2022\/08\/04112813\/IMG_1051-225x150.jpg 225w, https:\/\/cdn.unasp.br\/unasp-noticias\/2022\/08\/04112813\/IMG_1051-175x117.jpg 175w, https:\/\/cdn.unasp.br\/unasp-noticias\/2022\/08\/04112813\/IMG_1051-200x133.jpg 200w, https:\/\/cdn.unasp.br\/unasp-noticias\/2022\/08\/04112813\/IMG_1051-675x450.jpg 675w, https:\/\/cdn.unasp.br\/unasp-noticias\/2022\/08\/04112813\/IMG_1051-390x260.jpg 390w, https:\/\/cdn.unasp.br\/unasp-noticias\/2022\/08\/04112813\/IMG_1051.jpg 2048w\" sizes=\"(max-width: 1024px) 100vw, 1024px\" \/><\/figure>\n\n\n\n<p>A a\u00e7\u00e3o idealizada pela professora de geografia, Vania Miranda, conscientizou os alunos durante as aulas sobre a import\u00e2ncia do voto e o respeito pela democracia. &#8220;Dentro desse momento em que estamos vivendo, onde eles come\u00e7am a ouvir bastante sobre as elei\u00e7\u00f5es, \u00e9 importante eles vivenciarem todo esse processo eleitoral de perto, pois eles s\u00e3o a voz e o futuro. Ent\u00e3o, quanto mais eles estiverem inseridos dentro desse processo democr\u00e1tico, melhor&#8221;, explica.<\/p>\n\n\n\n<p>Partido dos esportes, dos ritmos musicais, das profiss\u00f5es, das festas populares e do folclore, s\u00e3o os partidos criados para o projeto. Os alunos tamb\u00e9m tiveram liberdade para desenvolverem propostas e conquistarem os colegas eleitores.<\/p>\n\n\n\n<p>&#8220;Queremos tornar o tempo que o aluno passa aqui na escola a melhor experi\u00eancia. Nossas propostas s\u00e3o mais aulas ao ar livre, poder usar celular nas aulas e ter menos li\u00e7\u00e3o de casa&#8221;, compartilha a candidata \u00e0 Governadora do partido das profiss\u00f5es, Beatriz Kiss.<\/p>\n\n\n\n<h2 class=\"wp-block-heading\">Vivenciando a elei\u00e7\u00e3o<\/h2>\n\n\n\n<p>Com direito a t\u00edtulo de eleitor e urnas eletr\u00f4nicas de verdade, os alunos experimentaram na pr\u00e1tica o poder de exercer o voto. Alguns alunos do Ensino M\u00e9dio j\u00e1 possuem idade para votar. Como o caso do aluno, Jo\u00e3o Pedro Albuquerque, que pela primeira vez participar\u00e1 da elei\u00e7\u00e3o presidencial do pa\u00eds. &#8220;O meu voto pode transformar o Brasil e os jovens tamb\u00e9m precisam se envolver neste momento&#8221;, acredita.<\/p>\n\n\n\n<figure class=\"wp-block-image size-large\"><img loading=\"lazy\" decoding=\"async\" width=\"1024\" height=\"683\" src=\"https:\/\/www.unasp.br\/noticias\/wp-content\/uploads\/2022\/08\/IMG_0504-1024x683.jpg\" alt=\"\" class=\"wp-image-98418\" srcset=\"https:\/\/cdn.unasp.br\/unasp-noticias\/2022\/08\/04112808\/IMG_0504-1024x683.jpg 1024w, https:\/\/cdn.unasp.br\/unasp-noticias\/2022\/08\/04112808\/IMG_0504-300x200.jpg 300w, https:\/\/cdn.unasp.br\/unasp-noticias\/2022\/08\/04112808\/IMG_0504-768x512.jpg 768w, https:\/\/cdn.unasp.br\/unasp-noticias\/2022\/08\/04112808\/IMG_0504-1536x1024.jpg 1536w, https:\/\/cdn.unasp.br\/unasp-noticias\/2022\/08\/04112808\/IMG_0504-900x600.jpg 900w, https:\/\/cdn.unasp.br\/unasp-noticias\/2022\/08\/04112808\/IMG_0504-1200x800.jpg 1200w, https:\/\/cdn.unasp.br\/unasp-noticias\/2022\/08\/04112808\/IMG_0504-1080x720.jpg 1080w, https:\/\/cdn.unasp.br\/unasp-noticias\/2022\/08\/04112808\/IMG_0504-800x533.jpg 800w, https:\/\/cdn.unasp.br\/unasp-noticias\/2022\/08\/04112808\/IMG_0504-750x500.jpg 750w, https:\/\/cdn.unasp.br\/unasp-noticias\/2022\/08\/04112808\/IMG_0504-720x480.jpg 720w, https:\/\/cdn.unasp.br\/unasp-noticias\/2022\/08\/04112808\/IMG_0504-420x280.jpg 420w, https:\/\/cdn.unasp.br\/unasp-noticias\/2022\/08\/04112808\/IMG_0504-500x333.jpg 500w, https:\/\/cdn.unasp.br\/unasp-noticias\/2022\/08\/04112808\/IMG_0504-400x267.jpg 400w, https:\/\/cdn.unasp.br\/unasp-noticias\/2022\/08\/04112808\/IMG_0504-225x150.jpg 225w, https:\/\/cdn.unasp.br\/unasp-noticias\/2022\/08\/04112808\/IMG_0504-175x117.jpg 175w, https:\/\/cdn.unasp.br\/unasp-noticias\/2022\/08\/04112808\/IMG_0504-200x133.jpg 200w, https:\/\/cdn.unasp.br\/unasp-noticias\/2022\/08\/04112808\/IMG_0504-675x450.jpg 675w, https:\/\/cdn.unasp.br\/unasp-noticias\/2022\/08\/04112808\/IMG_0504-390x260.jpg 390w, https:\/\/cdn.unasp.br\/unasp-noticias\/2022\/08\/04112808\/IMG_0504.jpg 2048w\" sizes=\"(max-width: 1024px) 100vw, 1024px\" \/><\/figure>\n\n\n\n<p>Desta vez a vota\u00e7\u00e3o na urna eletr\u00f4nica n\u00e3o passou de uma brincadeira, mas com um objetivo super s\u00e9rio. O equipamento chegou no UNASP pelo <a href=\"https:\/\/www.tre-sp.jus.br\/\">Tribunal Regional Eleitoral<\/a>. &#8220;A gente v\u00ea com bons olhos essa fomenta\u00e7\u00e3o do debate pol\u00edtico na escola e trouxemos as urnas para que esse simulado do processo eleitoral se tornasse mais real poss\u00edvel&#8221;, relata Ernandes de Moraes, servidor da Justi\u00e7a Eleitoral.<\/p>\n\n\n\n<p>Segundo o diretor escolar, Marcel Barreto, a a\u00e7\u00e3o trouxe muitos aprendizados para os estudantes. &#8220;Entender a democracia \u00e9 a coisa mais importante no mundo em que vivemos. Com isso, nossos alunos v\u00e3o entender como devem agir e se posicionarem nas decis\u00f5es da vida&#8221;, afirma.<\/p>\n\n\n\n<p>Ao passo que a a\u00e7\u00e3o energizou os alunos a se envolverem com o tema, ela tamb\u00e9m ganhou destaque em grandes ve\u00edculos de comunica\u00e7\u00e3o como, Globo News, Jornal SPTV da Globo, CNN e Novo Tempo. <\/p>\n\n\n\n<figure class=\"wp-block-image size-large\"><img loading=\"lazy\" decoding=\"async\" width=\"1024\" height=\"683\" src=\"https:\/\/www.unasp.br\/noticias\/wp-content\/uploads\/2022\/08\/IMG_0239-1024x683.jpg\" alt=\"\" class=\"wp-image-98420\" srcset=\"https:\/\/cdn.unasp.br\/unasp-noticias\/2022\/08\/04112803\/IMG_0239-1024x683.jpg 1024w, https:\/\/cdn.unasp.br\/unasp-noticias\/2022\/08\/04112803\/IMG_0239-300x200.jpg 300w, https:\/\/cdn.unasp.br\/unasp-noticias\/2022\/08\/04112803\/IMG_0239-768x512.jpg 768w, https:\/\/cdn.unasp.br\/unasp-noticias\/2022\/08\/04112803\/IMG_0239-1536x1024.jpg 1536w, https:\/\/cdn.unasp.br\/unasp-noticias\/2022\/08\/04112803\/IMG_0239-900x600.jpg 900w, https:\/\/cdn.unasp.br\/unasp-noticias\/2022\/08\/04112803\/IMG_0239-1200x800.jpg 1200w, https:\/\/cdn.unasp.br\/unasp-noticias\/2022\/08\/04112803\/IMG_0239-1080x720.jpg 1080w, https:\/\/cdn.unasp.br\/unasp-noticias\/2022\/08\/04112803\/IMG_0239-800x533.jpg 800w, https:\/\/cdn.unasp.br\/unasp-noticias\/2022\/08\/04112803\/IMG_0239-750x500.jpg 750w, https:\/\/cdn.unasp.br\/unasp-noticias\/2022\/08\/04112803\/IMG_0239-720x480.jpg 720w, https:\/\/cdn.unasp.br\/unasp-noticias\/2022\/08\/04112803\/IMG_0239-420x280.jpg 420w, https:\/\/cdn.unasp.br\/unasp-noticias\/2022\/08\/04112803\/IMG_0239-500x333.jpg 500w, https:\/\/cdn.unasp.br\/unasp-noticias\/2022\/08\/04112803\/IMG_0239-400x267.jpg 400w, https:\/\/cdn.unasp.br\/unasp-noticias\/2022\/08\/04112803\/IMG_0239-225x150.jpg 225w, https:\/\/cdn.unasp.br\/unasp-noticias\/2022\/08\/04112803\/IMG_0239-175x117.jpg 175w, https:\/\/cdn.unasp.br\/unasp-noticias\/2022\/08\/04112803\/IMG_0239-200x133.jpg 200w, https:\/\/cdn.unasp.br\/unasp-noticias\/2022\/08\/04112803\/IMG_0239-675x450.jpg 675w, https:\/\/cdn.unasp.br\/unasp-noticias\/2022\/08\/04112803\/IMG_0239-390x260.jpg 390w, https:\/\/cdn.unasp.br\/unasp-noticias\/2022\/08\/04112803\/IMG_0239.jpg 2048w\" sizes=\"(max-width: 1024px) 100vw, 1024px\" \/><\/figure>\n","protected":false},"excerpt":{"rendered":"<p>Com\u00edcios, campanha eleitoral, t\u00edtulo de eleitor e urnas eletr\u00f4nicas tornam a experi\u00eancia mais real poss\u00edvel para os alunos.<\/p>\n","protected":false},"author":72,"featured_media":98415,"comment_status":"open","ping_status":"open","sticky":false,"template":"","format":"standard","meta":{"footnotes":""},"categories":[6],"tags":[259,102,60],"yoast_head":"<!-- This site is optimized with the Yoast SEO plugin v23.5 - https:\/\/yoast.com\/wordpress\/plugins\/seo\/ -->\n<title>Col\u00e9gio UNASP conscientiza alunos sobre elei\u00e7\u00f5es - UNASP Noticias<\/title>\n<meta name=\"description\" content=\"Alunos do col\u00e9gio UNASP vivenciam uma elei\u00e7\u00e3o fict\u00edcia e aprendem a import\u00e2ncia da democracia no pa\u00eds, atrav\u00e9s da escolha do voto.\" \/>\n<meta name=\"robots\" content=\"index, follow, max-snippet:-1, max-image-preview:large, max-video-preview:-1\" \/>\n<link rel=\"canonical\" href=\"https:\/\/unasp.br\/noticias\/eleicao-colegio-unasp\/\" \/>\n<meta property=\"og:locale\" content=\"pt_BR\" \/>\n<meta property=\"og:type\" content=\"article\" \/>\n<meta property=\"og:title\" content=\"Col\u00e9gio UNASP conscientiza alunos sobre elei\u00e7\u00f5es - UNASP Noticias\" \/>\n<meta property=\"og:description\" content=\"Alunos do col\u00e9gio UNASP vivenciam uma elei\u00e7\u00e3o fict\u00edcia e aprendem a import\u00e2ncia da democracia no pa\u00eds, atrav\u00e9s da escolha do voto.\" \/>\n<meta property=\"og:url\" content=\"https:\/\/unasp.br\/noticias\/eleicao-colegio-unasp\/\" \/>\n<meta property=\"og:site_name\" content=\"UNASP Noticias\" \/>\n<meta property=\"article:published_time\" content=\"2022-08-29T17:19:01+00:00\" \/>\n<meta property=\"article:modified_time\" content=\"2022-08-29T17:29:29+00:00\" \/>\n<meta property=\"og:image\" content=\"https:\/\/unasp.br\/noticias\/wp-content\/uploads\/2022\/08\/IMG_0515.jpg\" \/>\n\t<meta property=\"og:image:width\" content=\"2048\" \/>\n\t<meta property=\"og:image:height\" content=\"1365\" \/>\n\t<meta property=\"og:image:type\" content=\"image\/jpeg\" \/>\n<meta name=\"author\" content=\"Thais Fowler de Oliveira Schimmak\" \/>\n<meta name=\"twitter:card\" content=\"summary_large_image\" \/>\n<meta name=\"twitter:label1\" content=\"Escrito por\" \/>\n\t<meta name=\"twitter:data1\" content=\"Thais Fowler de Oliveira Schimmak\" \/>\n\t<meta name=\"twitter:label2\" content=\"Est. tempo de leitura\" \/>\n\t<meta name=\"twitter:data2\" content=\"3 minutos\" \/>\n<script type=\"application\/ld+json\" class=\"yoast-schema-graph\">{\"@context\":\"https:\/\/schema.org\",\"@graph\":[{\"@type\":\"Article\",\"@id\":\"https:\/\/unasp.br\/noticias\/eleicao-colegio-unasp\/#article\",\"isPartOf\":{\"@id\":\"https:\/\/unasp.br\/noticias\/eleicao-colegio-unasp\/\"},\"author\":{\"name\":\"Thais Fowler de Oliveira Schimmak\",\"@id\":\"https:\/\/unasp.br\/noticias\/#\/schema\/person\/12a35c1b0ad29e4b5f57a45236f754b9\"},\"headline\":\"Col\u00e9gio UNASP conscientiza alunos sobre elei\u00e7\u00f5es\",\"datePublished\":\"2022-08-29T17:19:01+00:00\",\"dateModified\":\"2022-08-29T17:29:29+00:00\",\"mainEntityOfPage\":{\"@id\":\"https:\/\/unasp.br\/noticias\/eleicao-colegio-unasp\/\"},\"wordCount\":456,\"commentCount\":0,\"publisher\":{\"@id\":\"https:\/\/unasp.br\/noticias\/#organization\"},\"image\":{\"@id\":\"https:\/\/unasp.br\/noticias\/eleicao-colegio-unasp\/#primaryimage\"},\"thumbnailUrl\":\"https:\/\/cdn.unasp.br\/unasp-noticias\/2022\/08\/04112822\/IMG_0515.jpg\",\"keywords\":[\"Col\u00e9gio UNASP\",\"educa\u00e7\u00e3o\",\"UNASP\"],\"articleSection\":[\"Acontece no UNASP\"],\"inLanguage\":\"pt-BR\",\"potentialAction\":[{\"@type\":\"CommentAction\",\"name\":\"Comment\",\"target\":[\"https:\/\/unasp.br\/noticias\/eleicao-colegio-unasp\/#respond\"]}]},{\"@type\":\"WebPage\",\"@id\":\"https:\/\/unasp.br\/noticias\/eleicao-colegio-unasp\/\",\"url\":\"https:\/\/unasp.br\/noticias\/eleicao-colegio-unasp\/\",\"name\":\"Col\u00e9gio UNASP conscientiza alunos sobre elei\u00e7\u00f5es - UNASP Noticias\",\"isPartOf\":{\"@id\":\"https:\/\/unasp.br\/noticias\/#website\"},\"primaryImageOfPage\":{\"@id\":\"https:\/\/unasp.br\/noticias\/eleicao-colegio-unasp\/#primaryimage\"},\"image\":{\"@id\":\"https:\/\/unasp.br\/noticias\/eleicao-colegio-unasp\/#primaryimage\"},\"thumbnailUrl\":\"https:\/\/cdn.unasp.br\/unasp-noticias\/2022\/08\/04112822\/IMG_0515.jpg\",\"datePublished\":\"2022-08-29T17:19:01+00:00\",\"dateModified\":\"2022-08-29T17:29:29+00:00\",\"description\":\"Alunos do col\u00e9gio UNASP vivenciam uma elei\u00e7\u00e3o fict\u00edcia e aprendem a import\u00e2ncia da democracia no pa\u00eds, atrav\u00e9s da escolha do voto.\",\"breadcrumb\":{\"@id\":\"https:\/\/unasp.br\/noticias\/eleicao-colegio-unasp\/#breadcrumb\"},\"inLanguage\":\"pt-BR\",\"potentialAction\":[{\"@type\":\"ReadAction\",\"target\":[\"https:\/\/unasp.br\/noticias\/eleicao-colegio-unasp\/\"]}]},{\"@type\":\"ImageObject\",\"inLanguage\":\"pt-BR\",\"@id\":\"https:\/\/unasp.br\/noticias\/eleicao-colegio-unasp\/#primaryimage\",\"url\":\"https:\/\/cdn.unasp.br\/unasp-noticias\/2022\/08\/04112822\/IMG_0515.jpg\",\"contentUrl\":\"https:\/\/cdn.unasp.br\/unasp-noticias\/2022\/08\/04112822\/IMG_0515.jpg\",\"width\":2048,\"height\":1365,\"caption\":\"elei\u00e7\u00e3o\"},{\"@type\":\"BreadcrumbList\",\"@id\":\"https:\/\/unasp.br\/noticias\/eleicao-colegio-unasp\/#breadcrumb\",\"itemListElement\":[{\"@type\":\"ListItem\",\"position\":1,\"name\":\"In\u00edcio\",\"item\":\"https:\/\/unasp.br\/noticias\/\"},{\"@type\":\"ListItem\",\"position\":2,\"name\":\"Col\u00e9gio UNASP conscientiza alunos sobre elei\u00e7\u00f5es\"}]},{\"@type\":\"WebSite\",\"@id\":\"https:\/\/unasp.br\/noticias\/#website\",\"url\":\"https:\/\/unasp.br\/noticias\/\",\"name\":\"UNASP Noticias\",\"description\":\"Centro Universit\u00e1rio Adventista de S\u00e3o Paulo\",\"publisher\":{\"@id\":\"https:\/\/unasp.br\/noticias\/#organization\"},\"potentialAction\":[{\"@type\":\"SearchAction\",\"target\":{\"@type\":\"EntryPoint\",\"urlTemplate\":\"https:\/\/unasp.br\/noticias\/?s={search_term_string}\"},\"query-input\":{\"@type\":\"PropertyValueSpecification\",\"valueRequired\":true,\"valueName\":\"search_term_string\"}}],\"inLanguage\":\"pt-BR\"},{\"@type\":\"Organization\",\"@id\":\"https:\/\/unasp.br\/noticias\/#organization\",\"name\":\"UNASP Noticias\",\"url\":\"https:\/\/unasp.br\/noticias\/\",\"logo\":{\"@type\":\"ImageObject\",\"inLanguage\":\"pt-BR\",\"@id\":\"https:\/\/unasp.br\/noticias\/#\/schema\/logo\/image\/\",\"url\":\"https:\/\/cdn.unasp.br\/noticias\/wp-content\/uploads\/2021\/09\/09152724\/logo-unasp-news.png\",\"contentUrl\":\"https:\/\/cdn.unasp.br\/noticias\/wp-content\/uploads\/2021\/09\/09152724\/logo-unasp-news.png\",\"width\":240,\"height\":41,\"caption\":\"UNASP Noticias\"},\"image\":{\"@id\":\"https:\/\/unasp.br\/noticias\/#\/schema\/logo\/image\/\"}},{\"@type\":\"Person\",\"@id\":\"https:\/\/unasp.br\/noticias\/#\/schema\/person\/12a35c1b0ad29e4b5f57a45236f754b9\",\"name\":\"Thais Fowler de Oliveira Schimmak\",\"image\":{\"@type\":\"ImageObject\",\"inLanguage\":\"pt-BR\",\"@id\":\"https:\/\/unasp.br\/noticias\/#\/schema\/person\/image\/\",\"url\":\"https:\/\/secure.gravatar.com\/avatar\/73a0165b6170e6856ee1353d89761cdc?s=96&d=mm&r=g\",\"contentUrl\":\"https:\/\/secure.gravatar.com\/avatar\/73a0165b6170e6856ee1353d89761cdc?s=96&d=mm&r=g\",\"caption\":\"Thais Fowler de Oliveira Schimmak\"},\"url\":\"https:\/\/unasp.br\/noticias\/author\/thais-fowleradventistas-org\/\"}]}<\/script>\n<!-- \/ Yoast SEO plugin. -->","yoast_head_json":{"title":"Col\u00e9gio UNASP conscientiza alunos sobre elei\u00e7\u00f5es - UNASP Noticias","description":"Alunos do col\u00e9gio UNASP vivenciam uma elei\u00e7\u00e3o fict\u00edcia e aprendem a import\u00e2ncia da democracia no pa\u00eds, atrav\u00e9s da escolha do voto.","robots":{"index":"index","follow":"follow","max-snippet":"max-snippet:-1","max-image-preview":"max-image-preview:large","max-video-preview":"max-video-preview:-1"},"canonical":"https:\/\/unasp.br\/noticias\/eleicao-colegio-unasp\/","og_locale":"pt_BR","og_type":"article","og_title":"Col\u00e9gio UNASP conscientiza alunos sobre elei\u00e7\u00f5es - UNASP Noticias","og_description":"Alunos do col\u00e9gio UNASP vivenciam uma elei\u00e7\u00e3o fict\u00edcia e aprendem a import\u00e2ncia da democracia no pa\u00eds, atrav\u00e9s da escolha do voto.","og_url":"https:\/\/unasp.br\/noticias\/eleicao-colegio-unasp\/","og_site_name":"UNASP Noticias","article_published_time":"2022-08-29T17:19:01+00:00","article_modified_time":"2022-08-29T17:29:29+00:00","og_image":[{"width":2048,"height":1365,"url":"https:\/\/unasp.br\/noticias\/wp-content\/uploads\/2022\/08\/IMG_0515.jpg","type":"image\/jpeg"}],"author":"Thais Fowler de Oliveira Schimmak","twitter_card":"summary_large_image","twitter_misc":{"Escrito por":"Thais Fowler de Oliveira Schimmak","Est. tempo de leitura":"3 minutos"},"schema":{"@context":"https:\/\/schema.org","@graph":[{"@type":"Article","@id":"https:\/\/unasp.br\/noticias\/eleicao-colegio-unasp\/#article","isPartOf":{"@id":"https:\/\/unasp.br\/noticias\/eleicao-colegio-unasp\/"},"author":{"name":"Thais Fowler de Oliveira Schimmak","@id":"https:\/\/unasp.br\/noticias\/#\/schema\/person\/12a35c1b0ad29e4b5f57a45236f754b9"},"headline":"Col\u00e9gio UNASP conscientiza alunos sobre elei\u00e7\u00f5es","datePublished":"2022-08-29T17:19:01+00:00","dateModified":"2022-08-29T17:29:29+00:00","mainEntityOfPage":{"@id":"https:\/\/unasp.br\/noticias\/eleicao-colegio-unasp\/"},"wordCount":456,"commentCount":0,"publisher":{"@id":"https:\/\/unasp.br\/noticias\/#organization"},"image":{"@id":"https:\/\/unasp.br\/noticias\/eleicao-colegio-unasp\/#primaryimage"},"thumbnailUrl":"https:\/\/cdn.unasp.br\/unasp-noticias\/2022\/08\/04112822\/IMG_0515.jpg","keywords":["Col\u00e9gio UNASP","educa\u00e7\u00e3o","UNASP"],"articleSection":["Acontece no UNASP"],"inLanguage":"pt-BR","potentialAction":[{"@type":"CommentAction","name":"Comment","target":["https:\/\/unasp.br\/noticias\/eleicao-colegio-unasp\/#respond"]}]},{"@type":"WebPage","@id":"https:\/\/unasp.br\/noticias\/eleicao-colegio-unasp\/","url":"https:\/\/unasp.br\/noticias\/eleicao-colegio-unasp\/","name":"Col\u00e9gio UNASP conscientiza alunos sobre elei\u00e7\u00f5es - UNASP Noticias","isPartOf":{"@id":"https:\/\/unasp.br\/noticias\/#website"},"primaryImageOfPage":{"@id":"https:\/\/unasp.br\/noticias\/eleicao-colegio-unasp\/#primaryimage"},"image":{"@id":"https:\/\/unasp.br\/noticias\/eleicao-colegio-unasp\/#primaryimage"},"thumbnailUrl":"https:\/\/cdn.unasp.br\/unasp-noticias\/2022\/08\/04112822\/IMG_0515.jpg","datePublished":"2022-08-29T17:19:01+00:00","dateModified":"2022-08-29T17:29:29+00:00","description":"Alunos do col\u00e9gio UNASP vivenciam uma elei\u00e7\u00e3o fict\u00edcia e aprendem a import\u00e2ncia da democracia no pa\u00eds, atrav\u00e9s da escolha do voto.","breadcrumb":{"@id":"https:\/\/unasp.br\/noticias\/eleicao-colegio-unasp\/#breadcrumb"},"inLanguage":"pt-BR","potentialAction":[{"@type":"ReadAction","target":["https:\/\/unasp.br\/noticias\/eleicao-colegio-unasp\/"]}]},{"@type":"ImageObject","inLanguage":"pt-BR","@id":"https:\/\/unasp.br\/noticias\/eleicao-colegio-unasp\/#primaryimage","url":"https:\/\/cdn.unasp.br\/unasp-noticias\/2022\/08\/04112822\/IMG_0515.jpg","contentUrl":"https:\/\/cdn.unasp.br\/unasp-noticias\/2022\/08\/04112822\/IMG_0515.jpg","width":2048,"height":1365,"caption":"elei\u00e7\u00e3o"},{"@type":"BreadcrumbList","@id":"https:\/\/unasp.br\/noticias\/eleicao-colegio-unasp\/#breadcrumb","itemListElement":[{"@type":"ListItem","position":1,"name":"In\u00edcio","item":"https:\/\/unasp.br\/noticias\/"},{"@type":"ListItem","position":2,"name":"Col\u00e9gio UNASP conscientiza alunos sobre elei\u00e7\u00f5es"}]},{"@type":"WebSite","@id":"https:\/\/unasp.br\/noticias\/#website","url":"https:\/\/unasp.br\/noticias\/","name":"UNASP Noticias","description":"Centro Universit\u00e1rio Adventista de S\u00e3o Paulo","publisher":{"@id":"https:\/\/unasp.br\/noticias\/#organization"},"potentialAction":[{"@type":"SearchAction","target":{"@type":"EntryPoint","urlTemplate":"https:\/\/unasp.br\/noticias\/?s={search_term_string}"},"query-input":{"@type":"PropertyValueSpecification","valueRequired":true,"valueName":"search_term_string"}}],"inLanguage":"pt-BR"},{"@type":"Organization","@id":"https:\/\/unasp.br\/noticias\/#organization","name":"UNASP Noticias","url":"https:\/\/unasp.br\/noticias\/","logo":{"@type":"ImageObject","inLanguage":"pt-BR","@id":"https:\/\/unasp.br\/noticias\/#\/schema\/logo\/image\/","url":"https:\/\/cdn.unasp.br\/noticias\/wp-content\/uploads\/2021\/09\/09152724\/logo-unasp-news.png","contentUrl":"https:\/\/cdn.unasp.br\/noticias\/wp-content\/uploads\/2021\/09\/09152724\/logo-unasp-news.png","width":240,"height":41,"caption":"UNASP Noticias"},"image":{"@id":"https:\/\/unasp.br\/noticias\/#\/schema\/logo\/image\/"}},{"@type":"Person","@id":"https:\/\/unasp.br\/noticias\/#\/schema\/person\/12a35c1b0ad29e4b5f57a45236f754b9","name":"Thais Fowler de Oliveira Schimmak","image":{"@type":"ImageObject","inLanguage":"pt-BR","@id":"https:\/\/unasp.br\/noticias\/#\/schema\/person\/image\/","url":"https:\/\/secure.gravatar.com\/avatar\/73a0165b6170e6856ee1353d89761cdc?s=96&d=mm&r=g","contentUrl":"https:\/\/secure.gravatar.com\/avatar\/73a0165b6170e6856ee1353d89761cdc?s=96&d=mm&r=g","caption":"Thais Fowler de Oliveira Schimmak"},"url":"https:\/\/unasp.br\/noticias\/author\/thais-fowleradventistas-org\/"}]}},"_links":{"self":[{"href":"https:\/\/unasp.br\/noticias\/wp-json\/wp\/v2\/posts\/98414"}],"collection":[{"href":"https:\/\/unasp.br\/noticias\/wp-json\/wp\/v2\/posts"}],"about":[{"href":"https:\/\/unasp.br\/noticias\/wp-json\/wp\/v2\/types\/post"}],"author":[{"embeddable":true,"href":"https:\/\/unasp.br\/noticias\/wp-json\/wp\/v2\/users\/72"}],"replies":[{"embeddable":true,"href":"https:\/\/unasp.br\/noticias\/wp-json\/wp\/v2\/comments?post=98414"}],"version-history":[{"count":3,"href":"https:\/\/unasp.br\/noticias\/wp-json\/wp\/v2\/posts\/98414\/revisions"}],"predecessor-version":[{"id":98422,"href":"https:\/\/unasp.br\/noticias\/wp-json\/wp\/v2\/posts\/98414\/revisions\/98422"}],"wp:featuredmedia":[{"embeddable":true,"href":"https:\/\/unasp.br\/noticias\/wp-json\/wp\/v2\/media\/98415"}],"wp:attachment":[{"href":"https:\/\/unasp.br\/noticias\/wp-json\/wp\/v2\/media?parent=98414"}],"wp:term":[{"taxonomy":"category","embeddable":true,"href":"https:\/\/unasp.br\/noticias\/wp-json\/wp\/v2\/categories?post=98414"},{"taxonomy":"post_tag","embeddable":true,"href":"https:\/\/unasp.br\/noticias\/wp-json\/wp\/v2\/tags?post=98414"}],"curies":[{"name":"wp","href":"https:\/\/api.w.org\/{rel}","templated":true}]}}