{"id":98446,"date":"2022-08-30T09:45:09","date_gmt":"2022-08-30T12:45:09","guid":{"rendered":"https:\/\/www.unasp.br\/noticias\/?p=98446"},"modified":"2022-08-30T09:45:11","modified_gmt":"2022-08-30T12:45:11","slug":"encontro-nacional-das-escolas-e-servicos-penais-sera-no-unasp","status":"publish","type":"post","link":"https:\/\/unasp.br\/noticias\/encontro-nacional-das-escolas-e-servicos-penais-sera-no-unasp\/","title":{"rendered":"Encontro Nacional das Escolas e Servi\u00e7os Penais ser\u00e1 no UNASP"},"content":{"rendered":"\n<p>O VI Encontro Nacional das Escolas e Servi\u00e7os Penais vai ser sediado pelo <a href=\"https:\/\/www.unasp.br\/\">UNASP<\/a> campus S\u00e3o Paulo, nos dias 06, 07 e 08 de dezembro. A decis\u00e3o foi confirmada durante a \u00faltima reuni\u00e3o entre a equipe da p\u00f3s-gradua\u00e7\u00e3o de Direito do UNASP campus S\u00e3o Paulo, representantes do<a href=\"https:\/\/www.gov.br\/mj\/pt-br\"> Minist\u00e9rio de Justi\u00e7a e Seguran\u00e7a P\u00fablica<\/a> e membros do\u00a0 <a href=\"https:\/\/www.gov.br\/depen\/pt-br\" target=\"_blank\" rel=\"noreferrer noopener\">Departamento Penitenci\u00e1rio Nacional<\/a>\/Escola Nacional de Servi\u00e7os Penais, que aconteceu on-line no dia 12 de agosto.<\/p>\n\n\n\n<p>Segundo o coordenador da p\u00f3s-gradua\u00e7\u00e3o em Direito do campus S\u00e3o Paulo,\u00a0 Cl\u00e1udio Tucci Junior, o evento \u00e9 resultado do termo de acordo de coopera\u00e7\u00e3o t\u00e9cnica com o<a href=\"https:\/\/www.gov.br\/mj\/pt-br\" target=\"_blank\" rel=\"noreferrer noopener\"> Minist\u00e9rio da Justi\u00e7a e Seguran\u00e7a P\u00fablica,<\/a> o <a href=\"https:\/\/www.gov.br\/depen\/pt-br\">Departamento Penitenci\u00e1rio Nacional e Escola Nacional de Servi\u00e7os Penai<\/a>s, que foi firmado h\u00e1 um ano e tem trazido in\u00fameros benef\u00edcios aos envolvidos, uma vez que discute a melhoria da gest\u00e3o p\u00fablica no sistema de seguran\u00e7a prisional.<\/p>\n\n\n\n<h2 class=\"wp-block-heading\"><strong>Encontro de Escolas de Servi\u00e7os Penais<\/strong><\/h2>\n\n\n\n<p>Durante a reuni\u00e3o tamb\u00e9m foram discutidas a\u00e7\u00f5es estaduais nas tem\u00e1ticas de legisla\u00e7\u00e3o e atividade da gest\u00e3o p\u00fablica voltadas ao sistema prisional e apontou uma pr\u00e9via do que acontecer\u00e1 no VI Encontro Nacional das Escolas e Servi\u00e7os Penais. Uma das decis\u00f5es \u00e9 que o evento seja aberto ao p\u00fablico, por\u00e9m com vagas limitadas, uma vez que contar\u00e1 com representantes de Escolas de Servi\u00e7os Penais de todos os estados.<\/p>\n\n\n\n<figure class=\"wp-block-image size-full\"><img loading=\"lazy\" decoding=\"async\" width=\"946\" height=\"527\" src=\"https:\/\/www.unasp.br\/noticias\/wp-content\/uploads\/2022\/08\/WhatsApp-Image-2022-08-30-at-09.22.05.jpeg\" alt=\"Imagem dos participantes na plataforma Zoom\" class=\"wp-image-98448\" srcset=\"https:\/\/cdn.unasp.br\/unasp-noticias\/2022\/08\/04112731\/WhatsApp-Image-2022-08-30-at-09.22.05.jpeg 946w, https:\/\/cdn.unasp.br\/unasp-noticias\/2022\/08\/04112731\/WhatsApp-Image-2022-08-30-at-09.22.05-300x167.jpeg 300w, https:\/\/cdn.unasp.br\/unasp-noticias\/2022\/08\/04112731\/WhatsApp-Image-2022-08-30-at-09.22.05-768x428.jpeg 768w, https:\/\/cdn.unasp.br\/unasp-noticias\/2022\/08\/04112731\/WhatsApp-Image-2022-08-30-at-09.22.05-800x446.jpeg 800w, https:\/\/cdn.unasp.br\/unasp-noticias\/2022\/08\/04112731\/WhatsApp-Image-2022-08-30-at-09.22.05-750x418.jpeg 750w, https:\/\/cdn.unasp.br\/unasp-noticias\/2022\/08\/04112731\/WhatsApp-Image-2022-08-30-at-09.22.05-720x401.jpeg 720w, https:\/\/cdn.unasp.br\/unasp-noticias\/2022\/08\/04112731\/WhatsApp-Image-2022-08-30-at-09.22.05-503x280.jpeg 503w, https:\/\/cdn.unasp.br\/unasp-noticias\/2022\/08\/04112731\/WhatsApp-Image-2022-08-30-at-09.22.05-500x279.jpeg 500w, https:\/\/cdn.unasp.br\/unasp-noticias\/2022\/08\/04112731\/WhatsApp-Image-2022-08-30-at-09.22.05-400x223.jpeg 400w, https:\/\/cdn.unasp.br\/unasp-noticias\/2022\/08\/04112731\/WhatsApp-Image-2022-08-30-at-09.22.05-359x200.jpeg 359w, https:\/\/cdn.unasp.br\/unasp-noticias\/2022\/08\/04112731\/WhatsApp-Image-2022-08-30-at-09.22.05-269x150.jpeg 269w, https:\/\/cdn.unasp.br\/unasp-noticias\/2022\/08\/04112731\/WhatsApp-Image-2022-08-30-at-09.22.05-175x97.jpeg 175w, https:\/\/cdn.unasp.br\/unasp-noticias\/2022\/08\/04112731\/WhatsApp-Image-2022-08-30-at-09.22.05-200x111.jpeg 200w, https:\/\/cdn.unasp.br\/unasp-noticias\/2022\/08\/04112731\/WhatsApp-Image-2022-08-30-at-09.22.05-808x450.jpeg 808w\" sizes=\"(max-width: 946px) 100vw, 946px\" \/><figcaption>O Encontro envolvendo as Escolas de Servi\u00e7os Penais aconteceu on-line, na plataforma Zoom.<\/figcaption><\/figure>\n\n\n\n<p>\u201cHoje o sistema prisional comporta em S\u00e3o Paulo um ter\u00e7o da popula\u00e7\u00e3o prisional, ou seja mais de 230 mil presos.\u00a0 E n\u00f3s sabemos que as mudan\u00e7as v\u00eam atrav\u00e9s da educa\u00e7\u00e3o. Esse \u00e9 o melhor instrumento de investimento e melhoria\u201d, destacou Tucci.<\/p>\n\n\n\n<h2 class=\"wp-block-heading\"><strong>MBA em Pol\u00edtica Criminal e Gest\u00e3o Penitenci\u00e1ria<\/strong><\/h2>\n\n\n\n<p>A<a href=\"https:\/\/unasp.br\/pos\/\" target=\"_blank\" rel=\"noreferrer noopener\"> p\u00f3s-gradua\u00e7\u00e3o do UNASP <\/a>campus S\u00e3o Paulo tem sido pioneira ao estimular a pesquisa, aprofundamento e propondo melhorias no sistema prisional. O <a href=\"https:\/\/unasp.br\/pos\/cursos\/politica-criminal-e-gestao-penitenciaria-mba\/\" target=\"_blank\" rel=\"noreferrer noopener\">MBA em Pol\u00edtica Criminal e Gest\u00e3o Penitenci\u00e1ria,<\/a> \u00e9 um exemplo deste apoio, uma vez que se trata de um curso in\u00e9dito e est\u00e1 envolvido na realiza\u00e7\u00e3o do encontro nacional.<\/p>\n\n\n\n<p>\u201cEstamos promovendo estudos aprofundados em uma \u00e1rea t\u00e3o sens\u00edvel e pouco discutida em nossa sociedade. Proporcionando um conhecimento aos nossos alunos e uma presta\u00e7\u00e3o de servi\u00e7os \u00e0 nossa sociedade\u201d, evidencia o coordenador.<\/p>\n\n\n\n<figure class=\"wp-block-image size-large is-resized\"><img loading=\"lazy\" decoding=\"async\" src=\"https:\/\/www.unasp.br\/noticias\/wp-content\/uploads\/2022\/08\/Captura-de-tela-2022-08-30-093158-1024x682.png\" alt=\"Arte de divulga\u00e7\u00e3o do MBA em Gest\u00e3o Pol\u00edtica Criminal e Gest\u00e3o Penitenci\u00e1ria do UNASP SP\" class=\"wp-image-98449\" width=\"768\" height=\"512\" srcset=\"https:\/\/cdn.unasp.br\/unasp-noticias\/2022\/08\/04112725\/Captura-de-tela-2022-08-30-093158-1024x682.png 1024w, https:\/\/cdn.unasp.br\/unasp-noticias\/2022\/08\/04112725\/Captura-de-tela-2022-08-30-093158-300x200.png 300w, https:\/\/cdn.unasp.br\/unasp-noticias\/2022\/08\/04112725\/Captura-de-tela-2022-08-30-093158-768x511.png 768w, https:\/\/cdn.unasp.br\/unasp-noticias\/2022\/08\/04112725\/Captura-de-tela-2022-08-30-093158-901x600.png 901w, https:\/\/cdn.unasp.br\/unasp-noticias\/2022\/08\/04112725\/Captura-de-tela-2022-08-30-093158-1081x720.png 1081w, https:\/\/cdn.unasp.br\/unasp-noticias\/2022\/08\/04112725\/Captura-de-tela-2022-08-30-093158-800x533.png 800w, https:\/\/cdn.unasp.br\/unasp-noticias\/2022\/08\/04112725\/Captura-de-tela-2022-08-30-093158-750x500.png 750w, https:\/\/cdn.unasp.br\/unasp-noticias\/2022\/08\/04112725\/Captura-de-tela-2022-08-30-093158-720x480.png 720w, https:\/\/cdn.unasp.br\/unasp-noticias\/2022\/08\/04112725\/Captura-de-tela-2022-08-30-093158-421x280.png 421w, https:\/\/cdn.unasp.br\/unasp-noticias\/2022\/08\/04112725\/Captura-de-tela-2022-08-30-093158-500x333.png 500w, https:\/\/cdn.unasp.br\/unasp-noticias\/2022\/08\/04112725\/Captura-de-tela-2022-08-30-093158-400x266.png 400w, https:\/\/cdn.unasp.br\/unasp-noticias\/2022\/08\/04112725\/Captura-de-tela-2022-08-30-093158-225x150.png 225w, https:\/\/cdn.unasp.br\/unasp-noticias\/2022\/08\/04112725\/Captura-de-tela-2022-08-30-093158-175x117.png 175w, https:\/\/cdn.unasp.br\/unasp-noticias\/2022\/08\/04112725\/Captura-de-tela-2022-08-30-093158-200x133.png 200w, https:\/\/cdn.unasp.br\/unasp-noticias\/2022\/08\/04112725\/Captura-de-tela-2022-08-30-093158-676x450.png 676w, https:\/\/cdn.unasp.br\/unasp-noticias\/2022\/08\/04112725\/Captura-de-tela-2022-08-30-093158-390x260.png 390w, https:\/\/cdn.unasp.br\/unasp-noticias\/2022\/08\/04112725\/Captura-de-tela-2022-08-30-093158.png 1188w\" sizes=\"(max-width: 768px) 100vw, 768px\" \/><figcaption>MBA em Gest\u00e3o Pol\u00edtica Criminal e Gest\u00e3o Penitenci\u00e1ria estar\u00e1 envolvido no  VI Encontro Nacional das Escolas e Servi\u00e7os Penais<\/figcaption><\/figure>\n\n\n\n<p>Durante o terceiro dia do VI Encontro Nacional das Escolas e Servi\u00e7os Penais, 08 de dezembro, acontecer\u00e3o semin\u00e1rios, mesas redondas de discuss\u00f5es, com a presen\u00e7a de autoridades na \u00e1rea de seguran\u00e7a, \u00e1rea do direito, acad\u00eamicos e estudiosos do assunto. Finalizando com a cerim\u00f4nia de conclus\u00e3o do <a href=\"https:\/\/unasp.br\/pos\/cursos\/politica-criminal-e-gestao-penitenciaria-mba\/\" target=\"_blank\" rel=\"noreferrer noopener\">MBA em Pol\u00edtica Criminal e Gest\u00e3o Penitenci\u00e1ri<\/a>a e o lan\u00e7amento de um livro composto por artigos dos alunos que est\u00e3o concluindo o MBA.<\/p>\n","protected":false},"excerpt":{"rendered":"<p>O evento acontecer\u00e1 no UNASP campus S\u00e3o Paulo por causa da parceria entre a p\u00f3s-gradua\u00e7\u00e3o de Direito do UNASP, Minist\u00e9rio da Justi\u00e7a e Departamento Penitenci\u00e1rio Nacional<\/p>\n","protected":false},"author":72,"featured_media":98451,"comment_status":"open","ping_status":"open","sticky":false,"template":"","format":"standard","meta":{"footnotes":""},"categories":[6],"tags":[],"yoast_head":"<!-- This site is optimized with the Yoast SEO plugin v23.5 - https:\/\/yoast.com\/wordpress\/plugins\/seo\/ -->\n<title>Encontro Nacional das Escolas e Servi\u00e7os Penais ser\u00e1 no UNASP - UNASP Noticias<\/title>\n<meta name=\"description\" content=\"UNASP campus S\u00e3o Paulo sediara o VI Encontro Nacional de Escolas e Servi\u00e7os Penais que vai acontecer em dezembro de 2022\" \/>\n<meta name=\"robots\" content=\"index, follow, max-snippet:-1, max-image-preview:large, max-video-preview:-1\" \/>\n<link rel=\"canonical\" href=\"https:\/\/unasp.br\/noticias\/encontro-nacional-das-escolas-e-servicos-penais-sera-no-unasp\/\" \/>\n<meta property=\"og:locale\" content=\"pt_BR\" \/>\n<meta property=\"og:type\" content=\"article\" \/>\n<meta property=\"og:title\" content=\"Encontro Nacional das Escolas e Servi\u00e7os Penais ser\u00e1 no UNASP - UNASP Noticias\" \/>\n<meta property=\"og:description\" content=\"UNASP campus S\u00e3o Paulo sediara o VI Encontro Nacional de Escolas e Servi\u00e7os Penais que vai acontecer em dezembro de 2022\" \/>\n<meta property=\"og:url\" content=\"https:\/\/unasp.br\/noticias\/encontro-nacional-das-escolas-e-servicos-penais-sera-no-unasp\/\" \/>\n<meta property=\"og:site_name\" content=\"UNASP Noticias\" \/>\n<meta property=\"article:published_time\" content=\"2022-08-30T12:45:09+00:00\" \/>\n<meta property=\"article:modified_time\" content=\"2022-08-30T12:45:11+00:00\" \/>\n<meta property=\"og:image\" content=\"https:\/\/unasp.br\/noticias\/wp-content\/uploads\/2022\/08\/Depen.jpeg\" \/>\n\t<meta property=\"og:image:width\" content=\"768\" \/>\n\t<meta property=\"og:image:height\" content=\"576\" \/>\n\t<meta property=\"og:image:type\" content=\"image\/jpeg\" \/>\n<meta name=\"author\" content=\"Thais Fowler de Oliveira Schimmak\" \/>\n<meta name=\"twitter:card\" content=\"summary_large_image\" \/>\n<meta name=\"twitter:label1\" content=\"Escrito por\" \/>\n\t<meta name=\"twitter:data1\" content=\"Thais Fowler de Oliveira Schimmak\" \/>\n\t<meta name=\"twitter:label2\" content=\"Est. tempo de leitura\" \/>\n\t<meta name=\"twitter:data2\" content=\"3 minutos\" \/>\n<script type=\"application\/ld+json\" class=\"yoast-schema-graph\">{\"@context\":\"https:\/\/schema.org\",\"@graph\":[{\"@type\":\"Article\",\"@id\":\"https:\/\/unasp.br\/noticias\/encontro-nacional-das-escolas-e-servicos-penais-sera-no-unasp\/#article\",\"isPartOf\":{\"@id\":\"https:\/\/unasp.br\/noticias\/encontro-nacional-das-escolas-e-servicos-penais-sera-no-unasp\/\"},\"author\":{\"name\":\"Thais Fowler de Oliveira Schimmak\",\"@id\":\"https:\/\/unasp.br\/noticias\/#\/schema\/person\/12a35c1b0ad29e4b5f57a45236f754b9\"},\"headline\":\"Encontro Nacional das Escolas e Servi\u00e7os Penais ser\u00e1 no UNASP\",\"datePublished\":\"2022-08-30T12:45:09+00:00\",\"dateModified\":\"2022-08-30T12:45:11+00:00\",\"mainEntityOfPage\":{\"@id\":\"https:\/\/unasp.br\/noticias\/encontro-nacional-das-escolas-e-servicos-penais-sera-no-unasp\/\"},\"wordCount\":534,\"commentCount\":0,\"publisher\":{\"@id\":\"https:\/\/unasp.br\/noticias\/#organization\"},\"image\":{\"@id\":\"https:\/\/unasp.br\/noticias\/encontro-nacional-das-escolas-e-servicos-penais-sera-no-unasp\/#primaryimage\"},\"thumbnailUrl\":\"https:\/\/cdn.unasp.br\/unasp-noticias\/2022\/08\/04112722\/Depen.jpeg\",\"articleSection\":[\"Acontece no UNASP\"],\"inLanguage\":\"pt-BR\",\"potentialAction\":[{\"@type\":\"CommentAction\",\"name\":\"Comment\",\"target\":[\"https:\/\/unasp.br\/noticias\/encontro-nacional-das-escolas-e-servicos-penais-sera-no-unasp\/#respond\"]}]},{\"@type\":\"WebPage\",\"@id\":\"https:\/\/unasp.br\/noticias\/encontro-nacional-das-escolas-e-servicos-penais-sera-no-unasp\/\",\"url\":\"https:\/\/unasp.br\/noticias\/encontro-nacional-das-escolas-e-servicos-penais-sera-no-unasp\/\",\"name\":\"Encontro Nacional das Escolas e Servi\u00e7os Penais ser\u00e1 no UNASP - UNASP Noticias\",\"isPartOf\":{\"@id\":\"https:\/\/unasp.br\/noticias\/#website\"},\"primaryImageOfPage\":{\"@id\":\"https:\/\/unasp.br\/noticias\/encontro-nacional-das-escolas-e-servicos-penais-sera-no-unasp\/#primaryimage\"},\"image\":{\"@id\":\"https:\/\/unasp.br\/noticias\/encontro-nacional-das-escolas-e-servicos-penais-sera-no-unasp\/#primaryimage\"},\"thumbnailUrl\":\"https:\/\/cdn.unasp.br\/unasp-noticias\/2022\/08\/04112722\/Depen.jpeg\",\"datePublished\":\"2022-08-30T12:45:09+00:00\",\"dateModified\":\"2022-08-30T12:45:11+00:00\",\"description\":\"UNASP campus S\u00e3o Paulo sediara o VI Encontro Nacional de Escolas e Servi\u00e7os Penais que vai acontecer em dezembro de 2022\",\"breadcrumb\":{\"@id\":\"https:\/\/unasp.br\/noticias\/encontro-nacional-das-escolas-e-servicos-penais-sera-no-unasp\/#breadcrumb\"},\"inLanguage\":\"pt-BR\",\"potentialAction\":[{\"@type\":\"ReadAction\",\"target\":[\"https:\/\/unasp.br\/noticias\/encontro-nacional-das-escolas-e-servicos-penais-sera-no-unasp\/\"]}]},{\"@type\":\"ImageObject\",\"inLanguage\":\"pt-BR\",\"@id\":\"https:\/\/unasp.br\/noticias\/encontro-nacional-das-escolas-e-servicos-penais-sera-no-unasp\/#primaryimage\",\"url\":\"https:\/\/cdn.unasp.br\/unasp-noticias\/2022\/08\/04112722\/Depen.jpeg\",\"contentUrl\":\"https:\/\/cdn.unasp.br\/unasp-noticias\/2022\/08\/04112722\/Depen.jpeg\",\"width\":768,\"height\":576,\"caption\":\"Pr\u00e9dio sede do Departamento Penitenci\u00e1rio Nacional\"},{\"@type\":\"BreadcrumbList\",\"@id\":\"https:\/\/unasp.br\/noticias\/encontro-nacional-das-escolas-e-servicos-penais-sera-no-unasp\/#breadcrumb\",\"itemListElement\":[{\"@type\":\"ListItem\",\"position\":1,\"name\":\"In\u00edcio\",\"item\":\"https:\/\/unasp.br\/noticias\/\"},{\"@type\":\"ListItem\",\"position\":2,\"name\":\"Encontro Nacional das Escolas e Servi\u00e7os Penais ser\u00e1 no UNASP\"}]},{\"@type\":\"WebSite\",\"@id\":\"https:\/\/unasp.br\/noticias\/#website\",\"url\":\"https:\/\/unasp.br\/noticias\/\",\"name\":\"UNASP Noticias\",\"description\":\"Centro Universit\u00e1rio Adventista de S\u00e3o Paulo\",\"publisher\":{\"@id\":\"https:\/\/unasp.br\/noticias\/#organization\"},\"potentialAction\":[{\"@type\":\"SearchAction\",\"target\":{\"@type\":\"EntryPoint\",\"urlTemplate\":\"https:\/\/unasp.br\/noticias\/?s={search_term_string}\"},\"query-input\":{\"@type\":\"PropertyValueSpecification\",\"valueRequired\":true,\"valueName\":\"search_term_string\"}}],\"inLanguage\":\"pt-BR\"},{\"@type\":\"Organization\",\"@id\":\"https:\/\/unasp.br\/noticias\/#organization\",\"name\":\"UNASP Noticias\",\"url\":\"https:\/\/unasp.br\/noticias\/\",\"logo\":{\"@type\":\"ImageObject\",\"inLanguage\":\"pt-BR\",\"@id\":\"https:\/\/unasp.br\/noticias\/#\/schema\/logo\/image\/\",\"url\":\"https:\/\/cdn.unasp.br\/noticias\/wp-content\/uploads\/2021\/09\/09152724\/logo-unasp-news.png\",\"contentUrl\":\"https:\/\/cdn.unasp.br\/noticias\/wp-content\/uploads\/2021\/09\/09152724\/logo-unasp-news.png\",\"width\":240,\"height\":41,\"caption\":\"UNASP Noticias\"},\"image\":{\"@id\":\"https:\/\/unasp.br\/noticias\/#\/schema\/logo\/image\/\"}},{\"@type\":\"Person\",\"@id\":\"https:\/\/unasp.br\/noticias\/#\/schema\/person\/12a35c1b0ad29e4b5f57a45236f754b9\",\"name\":\"Thais Fowler de Oliveira Schimmak\",\"image\":{\"@type\":\"ImageObject\",\"inLanguage\":\"pt-BR\",\"@id\":\"https:\/\/unasp.br\/noticias\/#\/schema\/person\/image\/\",\"url\":\"https:\/\/secure.gravatar.com\/avatar\/73a0165b6170e6856ee1353d89761cdc?s=96&d=mm&r=g\",\"contentUrl\":\"https:\/\/secure.gravatar.com\/avatar\/73a0165b6170e6856ee1353d89761cdc?s=96&d=mm&r=g\",\"caption\":\"Thais Fowler de Oliveira Schimmak\"},\"url\":\"https:\/\/unasp.br\/noticias\/author\/thais-fowleradventistas-org\/\"}]}<\/script>\n<!-- \/ Yoast SEO plugin. -->","yoast_head_json":{"title":"Encontro Nacional das Escolas e Servi\u00e7os Penais ser\u00e1 no UNASP - UNASP Noticias","description":"UNASP campus S\u00e3o Paulo sediara o VI Encontro Nacional de Escolas e Servi\u00e7os Penais que vai acontecer em dezembro de 2022","robots":{"index":"index","follow":"follow","max-snippet":"max-snippet:-1","max-image-preview":"max-image-preview:large","max-video-preview":"max-video-preview:-1"},"canonical":"https:\/\/unasp.br\/noticias\/encontro-nacional-das-escolas-e-servicos-penais-sera-no-unasp\/","og_locale":"pt_BR","og_type":"article","og_title":"Encontro Nacional das Escolas e Servi\u00e7os Penais ser\u00e1 no UNASP - UNASP Noticias","og_description":"UNASP campus S\u00e3o Paulo sediara o VI Encontro Nacional de Escolas e Servi\u00e7os Penais que vai acontecer em dezembro de 2022","og_url":"https:\/\/unasp.br\/noticias\/encontro-nacional-das-escolas-e-servicos-penais-sera-no-unasp\/","og_site_name":"UNASP Noticias","article_published_time":"2022-08-30T12:45:09+00:00","article_modified_time":"2022-08-30T12:45:11+00:00","og_image":[{"width":768,"height":576,"url":"https:\/\/unasp.br\/noticias\/wp-content\/uploads\/2022\/08\/Depen.jpeg","type":"image\/jpeg"}],"author":"Thais Fowler de Oliveira Schimmak","twitter_card":"summary_large_image","twitter_misc":{"Escrito por":"Thais Fowler de Oliveira Schimmak","Est. tempo de leitura":"3 minutos"},"schema":{"@context":"https:\/\/schema.org","@graph":[{"@type":"Article","@id":"https:\/\/unasp.br\/noticias\/encontro-nacional-das-escolas-e-servicos-penais-sera-no-unasp\/#article","isPartOf":{"@id":"https:\/\/unasp.br\/noticias\/encontro-nacional-das-escolas-e-servicos-penais-sera-no-unasp\/"},"author":{"name":"Thais Fowler de Oliveira Schimmak","@id":"https:\/\/unasp.br\/noticias\/#\/schema\/person\/12a35c1b0ad29e4b5f57a45236f754b9"},"headline":"Encontro Nacional das Escolas e Servi\u00e7os Penais ser\u00e1 no UNASP","datePublished":"2022-08-30T12:45:09+00:00","dateModified":"2022-08-30T12:45:11+00:00","mainEntityOfPage":{"@id":"https:\/\/unasp.br\/noticias\/encontro-nacional-das-escolas-e-servicos-penais-sera-no-unasp\/"},"wordCount":534,"commentCount":0,"publisher":{"@id":"https:\/\/unasp.br\/noticias\/#organization"},"image":{"@id":"https:\/\/unasp.br\/noticias\/encontro-nacional-das-escolas-e-servicos-penais-sera-no-unasp\/#primaryimage"},"thumbnailUrl":"https:\/\/cdn.unasp.br\/unasp-noticias\/2022\/08\/04112722\/Depen.jpeg","articleSection":["Acontece no UNASP"],"inLanguage":"pt-BR","potentialAction":[{"@type":"CommentAction","name":"Comment","target":["https:\/\/unasp.br\/noticias\/encontro-nacional-das-escolas-e-servicos-penais-sera-no-unasp\/#respond"]}]},{"@type":"WebPage","@id":"https:\/\/unasp.br\/noticias\/encontro-nacional-das-escolas-e-servicos-penais-sera-no-unasp\/","url":"https:\/\/unasp.br\/noticias\/encontro-nacional-das-escolas-e-servicos-penais-sera-no-unasp\/","name":"Encontro Nacional das Escolas e Servi\u00e7os Penais ser\u00e1 no UNASP - UNASP Noticias","isPartOf":{"@id":"https:\/\/unasp.br\/noticias\/#website"},"primaryImageOfPage":{"@id":"https:\/\/unasp.br\/noticias\/encontro-nacional-das-escolas-e-servicos-penais-sera-no-unasp\/#primaryimage"},"image":{"@id":"https:\/\/unasp.br\/noticias\/encontro-nacional-das-escolas-e-servicos-penais-sera-no-unasp\/#primaryimage"},"thumbnailUrl":"https:\/\/cdn.unasp.br\/unasp-noticias\/2022\/08\/04112722\/Depen.jpeg","datePublished":"2022-08-30T12:45:09+00:00","dateModified":"2022-08-30T12:45:11+00:00","description":"UNASP campus S\u00e3o Paulo sediara o VI Encontro Nacional de Escolas e Servi\u00e7os Penais que vai acontecer em dezembro de 2022","breadcrumb":{"@id":"https:\/\/unasp.br\/noticias\/encontro-nacional-das-escolas-e-servicos-penais-sera-no-unasp\/#breadcrumb"},"inLanguage":"pt-BR","potentialAction":[{"@type":"ReadAction","target":["https:\/\/unasp.br\/noticias\/encontro-nacional-das-escolas-e-servicos-penais-sera-no-unasp\/"]}]},{"@type":"ImageObject","inLanguage":"pt-BR","@id":"https:\/\/unasp.br\/noticias\/encontro-nacional-das-escolas-e-servicos-penais-sera-no-unasp\/#primaryimage","url":"https:\/\/cdn.unasp.br\/unasp-noticias\/2022\/08\/04112722\/Depen.jpeg","contentUrl":"https:\/\/cdn.unasp.br\/unasp-noticias\/2022\/08\/04112722\/Depen.jpeg","width":768,"height":576,"caption":"Pr\u00e9dio sede do Departamento Penitenci\u00e1rio Nacional"},{"@type":"BreadcrumbList","@id":"https:\/\/unasp.br\/noticias\/encontro-nacional-das-escolas-e-servicos-penais-sera-no-unasp\/#breadcrumb","itemListElement":[{"@type":"ListItem","position":1,"name":"In\u00edcio","item":"https:\/\/unasp.br\/noticias\/"},{"@type":"ListItem","position":2,"name":"Encontro Nacional das Escolas e Servi\u00e7os Penais ser\u00e1 no UNASP"}]},{"@type":"WebSite","@id":"https:\/\/unasp.br\/noticias\/#website","url":"https:\/\/unasp.br\/noticias\/","name":"UNASP Noticias","description":"Centro Universit\u00e1rio Adventista de S\u00e3o Paulo","publisher":{"@id":"https:\/\/unasp.br\/noticias\/#organization"},"potentialAction":[{"@type":"SearchAction","target":{"@type":"EntryPoint","urlTemplate":"https:\/\/unasp.br\/noticias\/?s={search_term_string}"},"query-input":{"@type":"PropertyValueSpecification","valueRequired":true,"valueName":"search_term_string"}}],"inLanguage":"pt-BR"},{"@type":"Organization","@id":"https:\/\/unasp.br\/noticias\/#organization","name":"UNASP Noticias","url":"https:\/\/unasp.br\/noticias\/","logo":{"@type":"ImageObject","inLanguage":"pt-BR","@id":"https:\/\/unasp.br\/noticias\/#\/schema\/logo\/image\/","url":"https:\/\/cdn.unasp.br\/noticias\/wp-content\/uploads\/2021\/09\/09152724\/logo-unasp-news.png","contentUrl":"https:\/\/cdn.unasp.br\/noticias\/wp-content\/uploads\/2021\/09\/09152724\/logo-unasp-news.png","width":240,"height":41,"caption":"UNASP Noticias"},"image":{"@id":"https:\/\/unasp.br\/noticias\/#\/schema\/logo\/image\/"}},{"@type":"Person","@id":"https:\/\/unasp.br\/noticias\/#\/schema\/person\/12a35c1b0ad29e4b5f57a45236f754b9","name":"Thais Fowler de Oliveira Schimmak","image":{"@type":"ImageObject","inLanguage":"pt-BR","@id":"https:\/\/unasp.br\/noticias\/#\/schema\/person\/image\/","url":"https:\/\/secure.gravatar.com\/avatar\/73a0165b6170e6856ee1353d89761cdc?s=96&d=mm&r=g","contentUrl":"https:\/\/secure.gravatar.com\/avatar\/73a0165b6170e6856ee1353d89761cdc?s=96&d=mm&r=g","caption":"Thais Fowler de Oliveira Schimmak"},"url":"https:\/\/unasp.br\/noticias\/author\/thais-fowleradventistas-org\/"}]}},"_links":{"self":[{"href":"https:\/\/unasp.br\/noticias\/wp-json\/wp\/v2\/posts\/98446"}],"collection":[{"href":"https:\/\/unasp.br\/noticias\/wp-json\/wp\/v2\/posts"}],"about":[{"href":"https:\/\/unasp.br\/noticias\/wp-json\/wp\/v2\/types\/post"}],"author":[{"embeddable":true,"href":"https:\/\/unasp.br\/noticias\/wp-json\/wp\/v2\/users\/72"}],"replies":[{"embeddable":true,"href":"https:\/\/unasp.br\/noticias\/wp-json\/wp\/v2\/comments?post=98446"}],"version-history":[{"count":2,"href":"https:\/\/unasp.br\/noticias\/wp-json\/wp\/v2\/posts\/98446\/revisions"}],"predecessor-version":[{"id":98452,"href":"https:\/\/unasp.br\/noticias\/wp-json\/wp\/v2\/posts\/98446\/revisions\/98452"}],"wp:featuredmedia":[{"embeddable":true,"href":"https:\/\/unasp.br\/noticias\/wp-json\/wp\/v2\/media\/98451"}],"wp:attachment":[{"href":"https:\/\/unasp.br\/noticias\/wp-json\/wp\/v2\/media?parent=98446"}],"wp:term":[{"taxonomy":"category","embeddable":true,"href":"https:\/\/unasp.br\/noticias\/wp-json\/wp\/v2\/categories?post=98446"},{"taxonomy":"post_tag","embeddable":true,"href":"https:\/\/unasp.br\/noticias\/wp-json\/wp\/v2\/tags?post=98446"}],"curies":[{"name":"wp","href":"https:\/\/api.w.org\/{rel}","templated":true}]}}