{"id":98488,"date":"2022-09-01T17:47:25","date_gmt":"2022-09-01T20:47:25","guid":{"rendered":"https:\/\/www.unasp.br\/noticias\/?p=98488"},"modified":"2022-09-01T18:03:37","modified_gmt":"2022-09-01T21:03:37","slug":"corrida-contra-violencia-domestica","status":"publish","type":"post","link":"https:\/\/unasp.br\/noticias\/corrida-contra-violencia-domestica\/","title":{"rendered":"UNASP sedia corrida em combate a viol\u00eancia dom\u00e9stica\u00a0"},"content":{"rendered":"\n<p>No \u00faltimo domingo (25),  mais de 400 pessoas participaram da 3\u00aa Corrida e Caminhada <a href=\"https:\/\/quebrandoosilencio.org\" target=\"_blank\" rel=\"noreferrer noopener\">Quebrando o Sil\u00eancio<\/a>, realizada nas alamedas e estradas do <a href=\"https:\/\/www.unasp.br\/ht\/\" target=\"_blank\" rel=\"noreferrer noopener\">UNASP campus Hortol\u00e2ndia.<\/a> Os inscritos podiam escolher entre o percurso de quatro quil\u00f4metros de caminhada ou sete quil\u00f4metros de corrida. O evento al\u00e9m de dar destaque a campanha contra a viol\u00eancia dom\u00e9stica, ainda estimulou a pr\u00e1tica de exerc\u00edcios como forma de cuidar da sa\u00fade.<\/p>\n\n\n\n<figure class=\"wp-block-image size-large\"><img loading=\"lazy\" decoding=\"async\" width=\"1024\" height=\"683\" src=\"https:\/\/www.unasp.br\/noticias\/wp-content\/uploads\/2022\/09\/IMG_9360-1024x683.jpg\" alt=\"Pessoas correndo na largada da competi\u00e7\u00e3o\" class=\"wp-image-98493\" srcset=\"https:\/\/cdn.unasp.br\/unasp-noticias\/2022\/09\/04112645\/IMG_9360-1024x683.jpg 1024w, https:\/\/cdn.unasp.br\/unasp-noticias\/2022\/09\/04112645\/IMG_9360-300x200.jpg 300w, https:\/\/cdn.unasp.br\/unasp-noticias\/2022\/09\/04112645\/IMG_9360-768x512.jpg 768w, https:\/\/cdn.unasp.br\/unasp-noticias\/2022\/09\/04112645\/IMG_9360-1536x1024.jpg 1536w, https:\/\/cdn.unasp.br\/unasp-noticias\/2022\/09\/04112645\/IMG_9360-900x600.jpg 900w, https:\/\/cdn.unasp.br\/unasp-noticias\/2022\/09\/04112645\/IMG_9360-1200x800.jpg 1200w, https:\/\/cdn.unasp.br\/unasp-noticias\/2022\/09\/04112645\/IMG_9360-1080x720.jpg 1080w, https:\/\/cdn.unasp.br\/unasp-noticias\/2022\/09\/04112645\/IMG_9360-800x533.jpg 800w, https:\/\/cdn.unasp.br\/unasp-noticias\/2022\/09\/04112645\/IMG_9360-750x500.jpg 750w, https:\/\/cdn.unasp.br\/unasp-noticias\/2022\/09\/04112645\/IMG_9360-720x480.jpg 720w, https:\/\/cdn.unasp.br\/unasp-noticias\/2022\/09\/04112645\/IMG_9360-420x280.jpg 420w, https:\/\/cdn.unasp.br\/unasp-noticias\/2022\/09\/04112645\/IMG_9360-500x333.jpg 500w, https:\/\/cdn.unasp.br\/unasp-noticias\/2022\/09\/04112645\/IMG_9360-400x267.jpg 400w, https:\/\/cdn.unasp.br\/unasp-noticias\/2022\/09\/04112645\/IMG_9360-225x150.jpg 225w, https:\/\/cdn.unasp.br\/unasp-noticias\/2022\/09\/04112645\/IMG_9360-175x117.jpg 175w, https:\/\/cdn.unasp.br\/unasp-noticias\/2022\/09\/04112645\/IMG_9360-200x133.jpg 200w, https:\/\/cdn.unasp.br\/unasp-noticias\/2022\/09\/04112645\/IMG_9360-675x450.jpg 675w, https:\/\/cdn.unasp.br\/unasp-noticias\/2022\/09\/04112645\/IMG_9360-390x260.jpg 390w, https:\/\/cdn.unasp.br\/unasp-noticias\/2022\/09\/04112645\/IMG_9360.jpg 2048w\" sizes=\"(max-width: 1024px) 100vw, 1024px\" \/><figcaption>A Corrida em combate a viol\u00eancia dom\u00e9stica atraiu mais de 400 inscritos<\/figcaption><\/figure>\n\n\n\n<h2 class=\"wp-block-heading\"><strong>Esporte ou manifesta\u00e7\u00e3o?<\/strong><\/h2>\n\n\n\n<p>A Caminhada e Corrida em combate a viol\u00eancia dom\u00e9stica \u00e9 resultado da parceria entre o UNASP campus Hortol\u00e2ndia e o Minist\u00e9rio da Mulher da Igreja Adventista do bairro Jardim Santa Rita de Cassia. Segundo o organizador e coordenador do evento, Geraldo Santos, essa \u00e9 a terceira edi\u00e7\u00e3o da corrida, as duas primeiras aconteceram no parque socioambiental Chico Mendes, Hortol\u00e2ndia, SP.\u00a0<\/p>\n\n\n\n<p> A ideia de Santos foi escolher uma forma de manifesta\u00e7\u00e3o pac\u00edfica, atrav\u00e9s do esporte, em apoio a Campanha Quebrando o Sil\u00eancio. \u201cNosso objetivo \u00e9 a conscientiza\u00e7\u00e3o sobre a viol\u00eancia dom\u00e9stica. O tema esse ano trata sobre a viol\u00eancia psicol\u00f3gica\u201d.<\/p>\n\n\n\n<div class=\"wp-block-columns is-layout-flex wp-container-core-columns-layout-2 wp-block-columns-is-layout-flex\">\n<div class=\"wp-block-column is-layout-flow wp-block-column-is-layout-flow\" style=\"flex-basis:100%\">\n<div class=\"wp-block-group is-layout-flow wp-block-group-is-layout-flow\"><div class=\"wp-block-group__inner-container\">\n<div class=\"wp-block-columns is-layout-flex wp-container-core-columns-layout-1 wp-block-columns-is-layout-flex\">\n<div class=\"wp-block-column is-layout-flow wp-block-column-is-layout-flow\">\n<figure class=\"wp-block-image size-large\"><img loading=\"lazy\" decoding=\"async\" width=\"683\" height=\"1024\" src=\"https:\/\/www.unasp.br\/noticias\/wp-content\/uploads\/2022\/09\/IMG_9315-683x1024.jpg\" alt=\"\" class=\"wp-image-98495\" srcset=\"https:\/\/cdn.unasp.br\/unasp-noticias\/2022\/09\/04112636\/IMG_9315-683x1024.jpg 683w, https:\/\/cdn.unasp.br\/unasp-noticias\/2022\/09\/04112636\/IMG_9315-200x300.jpg 200w, https:\/\/cdn.unasp.br\/unasp-noticias\/2022\/09\/04112636\/IMG_9315-768x1152.jpg 768w, https:\/\/cdn.unasp.br\/unasp-noticias\/2022\/09\/04112636\/IMG_9315-1024x1536.jpg 1024w, https:\/\/cdn.unasp.br\/unasp-noticias\/2022\/09\/04112636\/IMG_9315-400x600.jpg 400w, https:\/\/cdn.unasp.br\/unasp-noticias\/2022\/09\/04112636\/IMG_9315-533x800.jpg 533w, https:\/\/cdn.unasp.br\/unasp-noticias\/2022\/09\/04112636\/IMG_9315-480x720.jpg 480w, https:\/\/cdn.unasp.br\/unasp-noticias\/2022\/09\/04112636\/IMG_9315-333x500.jpg 333w, https:\/\/cdn.unasp.br\/unasp-noticias\/2022\/09\/04112636\/IMG_9315-320x480.jpg 320w, https:\/\/cdn.unasp.br\/unasp-noticias\/2022\/09\/04112636\/IMG_9315-187x280.jpg 187w, https:\/\/cdn.unasp.br\/unasp-noticias\/2022\/09\/04112636\/IMG_9315-267x400.jpg 267w, https:\/\/cdn.unasp.br\/unasp-noticias\/2022\/09\/04112636\/IMG_9315-133x200.jpg 133w, https:\/\/cdn.unasp.br\/unasp-noticias\/2022\/09\/04112636\/IMG_9315-100x150.jpg 100w, https:\/\/cdn.unasp.br\/unasp-noticias\/2022\/09\/04112636\/IMG_9315-175x263.jpg 175w, https:\/\/cdn.unasp.br\/unasp-noticias\/2022\/09\/04112636\/IMG_9315-300x450.jpg 300w, https:\/\/cdn.unasp.br\/unasp-noticias\/2022\/09\/04112636\/IMG_9315-173x260.jpg 173w, https:\/\/cdn.unasp.br\/unasp-noticias\/2022\/09\/04112636\/IMG_9315.jpg 1365w\" sizes=\"(max-width: 683px) 100vw, 683px\" \/><figcaption>Participantes se preparando para a corrida.<\/figcaption><\/figure>\n<\/div>\n\n\n\n<div class=\"wp-block-column is-layout-flow wp-block-column-is-layout-flow\">\n<figure class=\"wp-block-image size-large\"><img loading=\"lazy\" decoding=\"async\" width=\"683\" height=\"1024\" src=\"https:\/\/www.unasp.br\/noticias\/wp-content\/uploads\/2022\/09\/IMG_9307-1-683x1024.jpg\" alt=\"\" class=\"wp-image-98496\" srcset=\"https:\/\/cdn.unasp.br\/unasp-noticias\/2022\/09\/04112632\/IMG_9307-1-683x1024.jpg 683w, https:\/\/cdn.unasp.br\/unasp-noticias\/2022\/09\/04112632\/IMG_9307-1-200x300.jpg 200w, https:\/\/cdn.unasp.br\/unasp-noticias\/2022\/09\/04112632\/IMG_9307-1-768x1152.jpg 768w, https:\/\/cdn.unasp.br\/unasp-noticias\/2022\/09\/04112632\/IMG_9307-1-1024x1536.jpg 1024w, https:\/\/cdn.unasp.br\/unasp-noticias\/2022\/09\/04112632\/IMG_9307-1-400x600.jpg 400w, https:\/\/cdn.unasp.br\/unasp-noticias\/2022\/09\/04112632\/IMG_9307-1-533x800.jpg 533w, https:\/\/cdn.unasp.br\/unasp-noticias\/2022\/09\/04112632\/IMG_9307-1-480x720.jpg 480w, https:\/\/cdn.unasp.br\/unasp-noticias\/2022\/09\/04112632\/IMG_9307-1-333x500.jpg 333w, https:\/\/cdn.unasp.br\/unasp-noticias\/2022\/09\/04112632\/IMG_9307-1-320x480.jpg 320w, https:\/\/cdn.unasp.br\/unasp-noticias\/2022\/09\/04112632\/IMG_9307-1-187x280.jpg 187w, https:\/\/cdn.unasp.br\/unasp-noticias\/2022\/09\/04112632\/IMG_9307-1-267x400.jpg 267w, https:\/\/cdn.unasp.br\/unasp-noticias\/2022\/09\/04112632\/IMG_9307-1-133x200.jpg 133w, https:\/\/cdn.unasp.br\/unasp-noticias\/2022\/09\/04112632\/IMG_9307-1-100x150.jpg 100w, https:\/\/cdn.unasp.br\/unasp-noticias\/2022\/09\/04112632\/IMG_9307-1-175x263.jpg 175w, https:\/\/cdn.unasp.br\/unasp-noticias\/2022\/09\/04112632\/IMG_9307-1-300x450.jpg 300w, https:\/\/cdn.unasp.br\/unasp-noticias\/2022\/09\/04112632\/IMG_9307-1-173x260.jpg 173w, https:\/\/cdn.unasp.br\/unasp-noticias\/2022\/09\/04112632\/IMG_9307-1.jpg 1365w\" sizes=\"(max-width: 683px) 100vw, 683px\" \/><\/figure>\n<\/div>\n<\/div>\n<\/div><\/div>\n<\/div>\n<\/div>\n\n\n\n<p>Quem n\u00e3o tem o h\u00e1bito de praticar atividades f\u00edsicas regularmente p\u00f4de apoiar o projeto caminhando por um trajeto de quatro quil\u00f4metros. Por\u00e9m, quem estava com o preparo f\u00edsico em dia como a profissional de <a href=\"https:\/\/www.unasp.br\/cursos\/ht\/graduacao\/educacao-fisica-ht\/\" target=\"_blank\" rel=\"noreferrer noopener\">educa\u00e7\u00e3o f\u00edsica<\/a>, Layana de Fran\u00e7a Santos, pode percorrer o trajeto destinado a corrida, um percurso de sete quil\u00f4metros.<\/p>\n\n\n\n<p>\u201cNa classifica\u00e7\u00e3o geral cheguei em d\u00e9cimo primeiro lugar e na classifica\u00e7\u00e3o por categoria fiquei em primeiro\u201d, comemorou Layana. Sobre o projeto de se manifestar contra a viol\u00eancia dom\u00e9stica por meio dos esportes, ela acrescentou: \u201ceu gostei muito do evento, uma \u00f3tima iniciativa para incentivar a pr\u00e1tica de atividade f\u00edsica\u201d.<\/p>\n\n\n\n<h2 class=\"wp-block-heading\"><strong>20 anos de combate a Viol\u00eancia Dom\u00e9stica<\/strong><\/h2>\n\n\n\n<p>De acordo com o site oficial, o\u00a0<a href=\"https:\/\/quebrandoosilencio.org\" target=\"_blank\" rel=\"noreferrer noopener\">Quebrando o Sil\u00eancio<\/a> \u00e9 um projeto educativo e de preven\u00e7\u00e3o contra o abuso e a viol\u00eancia dom\u00e9stica, promovido anualmente pela Igreja Adventista do S\u00e9timo Dia em oito pa\u00edses da Am\u00e9rica do Sul, (Argentina, Brasil, Bol\u00edvia, Chile, Equador, Paraguai, Peru e Uruguai) desde o ano de 2002.<\/p>\n\n\n\n<p>A campanha se desenvolve durante todo o ano, por\u00e9m as principais a\u00e7\u00f5es ocorrem no\u00a0quarto s\u00e1bado do m\u00eas de agosto. S\u00e3o centenas de iniciativas como passeatas, f\u00f3runs, escola de pais, eventos de educa\u00e7\u00e3o contra a viol\u00eancia e outras manifesta\u00e7\u00f5es na Am\u00e9rica do Sul.\u00a0A cada ano um tema \u00e9 escolhido para ser discutido e abordado com prop\u00f3sito de conscientizar a comunidade, denunciar abusadores e ajudar as v\u00edtimas.\u00a0<\/p>\n\n\n\n<p>\u201cH\u00e1 20 anos, a campanha Quebrando o Sil\u00eancio ajuda no combate \u00e0 viol\u00eancia e na constru\u00e7\u00e3o de fam\u00edlias emocionalmente mais saud\u00e1veis. Que nossa voz quebre o sil\u00eancio em favor dos oprimidos\u201d, destacou a coordenadora do Quebrando o Sil\u00eancio na Am\u00e9rica do Sul, Jeanete Lima.<\/p>\n\n\n\n<p><strong>Assista os melhores momentos da 3\u00aa Corrida e Caminhada Quebrando o Sil\u00eancio<\/strong><\/p>\n\n\n\n<figure class=\"wp-block-embed is-type-video is-provider-youtube wp-block-embed-youtube wp-embed-aspect-16-9 wp-has-aspect-ratio\"><div class=\"wp-block-embed__wrapper\">\n<iframe loading=\"lazy\" title=\"3\u00ba corrida quebrando o sil\u00eancio\" width=\"900\" height=\"506\" src=\"https:\/\/www.youtube.com\/embed\/jgS7Fh6tTN8?feature=oembed\" frameborder=\"0\" allow=\"accelerometer; autoplay; clipboard-write; encrypted-media; gyroscope; picture-in-picture; web-share\" referrerpolicy=\"strict-origin-when-cross-origin\" allowfullscreen><\/iframe>\n<\/div><figcaption>Melhores momentos da 3\u00aa Corrida e Caminhada Quebrando o Sil\u00eancio<\/figcaption><\/figure>\n","protected":false},"excerpt":{"rendered":"<p>O evento esportivo que apoia a campanha Quebrando o Sil\u00eancio atraiu centenas de pessoas. <\/p>\n","protected":false},"author":73,"featured_media":98495,"comment_status":"open","ping_status":"open","sticky":false,"template":"","format":"standard","meta":{"footnotes":""},"categories":[6],"tags":[],"yoast_head":"<!-- This site is optimized with the Yoast SEO plugin v23.5 - https:\/\/yoast.com\/wordpress\/plugins\/seo\/ -->\n<title>UNASP sedia corrida em combate a viol\u00eancia dom\u00e9stica\u00a0 - UNASP Noticias<\/title>\n<meta name=\"description\" content=\"Mais de 400 pessoas participaram da 3\u00aa Corrida e Caminhada Quebrando o Sil\u00eancio em manifesta\u00e7\u00e3o contra a Viol\u00eancia Dom\u00e9stica\" \/>\n<meta name=\"robots\" content=\"index, follow, max-snippet:-1, max-image-preview:large, max-video-preview:-1\" \/>\n<link rel=\"canonical\" href=\"https:\/\/unasp.br\/noticias\/corrida-contra-violencia-domestica\/\" \/>\n<meta property=\"og:locale\" content=\"pt_BR\" \/>\n<meta property=\"og:type\" content=\"article\" \/>\n<meta property=\"og:title\" content=\"UNASP sedia corrida em combate a viol\u00eancia dom\u00e9stica\u00a0 - UNASP Noticias\" \/>\n<meta property=\"og:description\" content=\"Mais de 400 pessoas participaram da 3\u00aa Corrida e Caminhada Quebrando o Sil\u00eancio em manifesta\u00e7\u00e3o contra a Viol\u00eancia Dom\u00e9stica\" \/>\n<meta property=\"og:url\" content=\"https:\/\/unasp.br\/noticias\/corrida-contra-violencia-domestica\/\" \/>\n<meta property=\"og:site_name\" content=\"UNASP Noticias\" \/>\n<meta property=\"article:published_time\" content=\"2022-09-01T20:47:25+00:00\" \/>\n<meta property=\"article:modified_time\" content=\"2022-09-01T21:03:37+00:00\" \/>\n<meta property=\"og:image\" content=\"https:\/\/unasp.br\/noticias\/wp-content\/uploads\/2022\/09\/IMG_9315.jpg\" \/>\n\t<meta property=\"og:image:width\" content=\"1365\" \/>\n\t<meta property=\"og:image:height\" content=\"2048\" \/>\n\t<meta property=\"og:image:type\" content=\"image\/jpeg\" \/>\n<meta name=\"author\" content=\"Maria da Gl\u00f3ria Marques de Paula Barreto\" \/>\n<meta name=\"twitter:card\" content=\"summary_large_image\" \/>\n<meta name=\"twitter:label1\" content=\"Escrito por\" \/>\n\t<meta name=\"twitter:data1\" content=\"Maria da Gl\u00f3ria Marques de Paula Barreto\" \/>\n\t<meta name=\"twitter:label2\" content=\"Est. tempo de leitura\" \/>\n\t<meta name=\"twitter:data2\" content=\"4 minutos\" \/>\n<script type=\"application\/ld+json\" class=\"yoast-schema-graph\">{\"@context\":\"https:\/\/schema.org\",\"@graph\":[{\"@type\":\"Article\",\"@id\":\"https:\/\/unasp.br\/noticias\/corrida-contra-violencia-domestica\/#article\",\"isPartOf\":{\"@id\":\"https:\/\/unasp.br\/noticias\/corrida-contra-violencia-domestica\/\"},\"author\":{\"name\":\"Maria da Gl\u00f3ria Marques de Paula Barreto\",\"@id\":\"https:\/\/unasp.br\/noticias\/#\/schema\/person\/f3393a032491eabc46fadb3656375334\"},\"headline\":\"UNASP sedia corrida em combate a viol\u00eancia dom\u00e9stica\u00a0\",\"datePublished\":\"2022-09-01T20:47:25+00:00\",\"dateModified\":\"2022-09-01T21:03:37+00:00\",\"mainEntityOfPage\":{\"@id\":\"https:\/\/unasp.br\/noticias\/corrida-contra-violencia-domestica\/\"},\"wordCount\":560,\"commentCount\":0,\"publisher\":{\"@id\":\"https:\/\/unasp.br\/noticias\/#organization\"},\"image\":{\"@id\":\"https:\/\/unasp.br\/noticias\/corrida-contra-violencia-domestica\/#primaryimage\"},\"thumbnailUrl\":\"https:\/\/cdn.unasp.br\/unasp-noticias\/2022\/09\/04112636\/IMG_9315.jpg\",\"articleSection\":[\"Acontece no UNASP\"],\"inLanguage\":\"pt-BR\",\"potentialAction\":[{\"@type\":\"CommentAction\",\"name\":\"Comment\",\"target\":[\"https:\/\/unasp.br\/noticias\/corrida-contra-violencia-domestica\/#respond\"]}]},{\"@type\":\"WebPage\",\"@id\":\"https:\/\/unasp.br\/noticias\/corrida-contra-violencia-domestica\/\",\"url\":\"https:\/\/unasp.br\/noticias\/corrida-contra-violencia-domestica\/\",\"name\":\"UNASP sedia corrida em combate a viol\u00eancia dom\u00e9stica\u00a0 - UNASP Noticias\",\"isPartOf\":{\"@id\":\"https:\/\/unasp.br\/noticias\/#website\"},\"primaryImageOfPage\":{\"@id\":\"https:\/\/unasp.br\/noticias\/corrida-contra-violencia-domestica\/#primaryimage\"},\"image\":{\"@id\":\"https:\/\/unasp.br\/noticias\/corrida-contra-violencia-domestica\/#primaryimage\"},\"thumbnailUrl\":\"https:\/\/cdn.unasp.br\/unasp-noticias\/2022\/09\/04112636\/IMG_9315.jpg\",\"datePublished\":\"2022-09-01T20:47:25+00:00\",\"dateModified\":\"2022-09-01T21:03:37+00:00\",\"description\":\"Mais de 400 pessoas participaram da 3\u00aa Corrida e Caminhada Quebrando o Sil\u00eancio em manifesta\u00e7\u00e3o contra a Viol\u00eancia Dom\u00e9stica\",\"breadcrumb\":{\"@id\":\"https:\/\/unasp.br\/noticias\/corrida-contra-violencia-domestica\/#breadcrumb\"},\"inLanguage\":\"pt-BR\",\"potentialAction\":[{\"@type\":\"ReadAction\",\"target\":[\"https:\/\/unasp.br\/noticias\/corrida-contra-violencia-domestica\/\"]}]},{\"@type\":\"ImageObject\",\"inLanguage\":\"pt-BR\",\"@id\":\"https:\/\/unasp.br\/noticias\/corrida-contra-violencia-domestica\/#primaryimage\",\"url\":\"https:\/\/cdn.unasp.br\/unasp-noticias\/2022\/09\/04112636\/IMG_9315.jpg\",\"contentUrl\":\"https:\/\/cdn.unasp.br\/unasp-noticias\/2022\/09\/04112636\/IMG_9315.jpg\",\"width\":1365,\"height\":2048},{\"@type\":\"BreadcrumbList\",\"@id\":\"https:\/\/unasp.br\/noticias\/corrida-contra-violencia-domestica\/#breadcrumb\",\"itemListElement\":[{\"@type\":\"ListItem\",\"position\":1,\"name\":\"In\u00edcio\",\"item\":\"https:\/\/unasp.br\/noticias\/\"},{\"@type\":\"ListItem\",\"position\":2,\"name\":\"UNASP sedia corrida em combate a viol\u00eancia dom\u00e9stica\u00a0\"}]},{\"@type\":\"WebSite\",\"@id\":\"https:\/\/unasp.br\/noticias\/#website\",\"url\":\"https:\/\/unasp.br\/noticias\/\",\"name\":\"UNASP Noticias\",\"description\":\"Centro Universit\u00e1rio Adventista de S\u00e3o Paulo\",\"publisher\":{\"@id\":\"https:\/\/unasp.br\/noticias\/#organization\"},\"potentialAction\":[{\"@type\":\"SearchAction\",\"target\":{\"@type\":\"EntryPoint\",\"urlTemplate\":\"https:\/\/unasp.br\/noticias\/?s={search_term_string}\"},\"query-input\":{\"@type\":\"PropertyValueSpecification\",\"valueRequired\":true,\"valueName\":\"search_term_string\"}}],\"inLanguage\":\"pt-BR\"},{\"@type\":\"Organization\",\"@id\":\"https:\/\/unasp.br\/noticias\/#organization\",\"name\":\"UNASP Noticias\",\"url\":\"https:\/\/unasp.br\/noticias\/\",\"logo\":{\"@type\":\"ImageObject\",\"inLanguage\":\"pt-BR\",\"@id\":\"https:\/\/unasp.br\/noticias\/#\/schema\/logo\/image\/\",\"url\":\"https:\/\/cdn.unasp.br\/noticias\/wp-content\/uploads\/2021\/09\/09152724\/logo-unasp-news.png\",\"contentUrl\":\"https:\/\/cdn.unasp.br\/noticias\/wp-content\/uploads\/2021\/09\/09152724\/logo-unasp-news.png\",\"width\":240,\"height\":41,\"caption\":\"UNASP Noticias\"},\"image\":{\"@id\":\"https:\/\/unasp.br\/noticias\/#\/schema\/logo\/image\/\"}},{\"@type\":\"Person\",\"@id\":\"https:\/\/unasp.br\/noticias\/#\/schema\/person\/f3393a032491eabc46fadb3656375334\",\"name\":\"Maria da Gl\u00f3ria Marques de Paula Barreto\",\"image\":{\"@type\":\"ImageObject\",\"inLanguage\":\"pt-BR\",\"@id\":\"https:\/\/unasp.br\/noticias\/#\/schema\/person\/image\/\",\"url\":\"https:\/\/secure.gravatar.com\/avatar\/3c23babfa2a847f4ce1e1403fe341fa3?s=96&d=mm&r=g\",\"contentUrl\":\"https:\/\/secure.gravatar.com\/avatar\/3c23babfa2a847f4ce1e1403fe341fa3?s=96&d=mm&r=g\",\"caption\":\"Maria da Gl\u00f3ria Marques de Paula Barreto\"},\"url\":\"https:\/\/unasp.br\/noticias\/author\/gloria-barretoadventistas-org\/\"}]}<\/script>\n<!-- \/ Yoast SEO plugin. -->","yoast_head_json":{"title":"UNASP sedia corrida em combate a viol\u00eancia dom\u00e9stica\u00a0 - UNASP Noticias","description":"Mais de 400 pessoas participaram da 3\u00aa Corrida e Caminhada Quebrando o Sil\u00eancio em manifesta\u00e7\u00e3o contra a Viol\u00eancia Dom\u00e9stica","robots":{"index":"index","follow":"follow","max-snippet":"max-snippet:-1","max-image-preview":"max-image-preview:large","max-video-preview":"max-video-preview:-1"},"canonical":"https:\/\/unasp.br\/noticias\/corrida-contra-violencia-domestica\/","og_locale":"pt_BR","og_type":"article","og_title":"UNASP sedia corrida em combate a viol\u00eancia dom\u00e9stica\u00a0 - UNASP Noticias","og_description":"Mais de 400 pessoas participaram da 3\u00aa Corrida e Caminhada Quebrando o Sil\u00eancio em manifesta\u00e7\u00e3o contra a Viol\u00eancia Dom\u00e9stica","og_url":"https:\/\/unasp.br\/noticias\/corrida-contra-violencia-domestica\/","og_site_name":"UNASP Noticias","article_published_time":"2022-09-01T20:47:25+00:00","article_modified_time":"2022-09-01T21:03:37+00:00","og_image":[{"width":1365,"height":2048,"url":"https:\/\/unasp.br\/noticias\/wp-content\/uploads\/2022\/09\/IMG_9315.jpg","type":"image\/jpeg"}],"author":"Maria da Gl\u00f3ria Marques de Paula Barreto","twitter_card":"summary_large_image","twitter_misc":{"Escrito por":"Maria da Gl\u00f3ria Marques de Paula Barreto","Est. tempo de leitura":"4 minutos"},"schema":{"@context":"https:\/\/schema.org","@graph":[{"@type":"Article","@id":"https:\/\/unasp.br\/noticias\/corrida-contra-violencia-domestica\/#article","isPartOf":{"@id":"https:\/\/unasp.br\/noticias\/corrida-contra-violencia-domestica\/"},"author":{"name":"Maria da Gl\u00f3ria Marques de Paula Barreto","@id":"https:\/\/unasp.br\/noticias\/#\/schema\/person\/f3393a032491eabc46fadb3656375334"},"headline":"UNASP sedia corrida em combate a viol\u00eancia dom\u00e9stica\u00a0","datePublished":"2022-09-01T20:47:25+00:00","dateModified":"2022-09-01T21:03:37+00:00","mainEntityOfPage":{"@id":"https:\/\/unasp.br\/noticias\/corrida-contra-violencia-domestica\/"},"wordCount":560,"commentCount":0,"publisher":{"@id":"https:\/\/unasp.br\/noticias\/#organization"},"image":{"@id":"https:\/\/unasp.br\/noticias\/corrida-contra-violencia-domestica\/#primaryimage"},"thumbnailUrl":"https:\/\/cdn.unasp.br\/unasp-noticias\/2022\/09\/04112636\/IMG_9315.jpg","articleSection":["Acontece no UNASP"],"inLanguage":"pt-BR","potentialAction":[{"@type":"CommentAction","name":"Comment","target":["https:\/\/unasp.br\/noticias\/corrida-contra-violencia-domestica\/#respond"]}]},{"@type":"WebPage","@id":"https:\/\/unasp.br\/noticias\/corrida-contra-violencia-domestica\/","url":"https:\/\/unasp.br\/noticias\/corrida-contra-violencia-domestica\/","name":"UNASP sedia corrida em combate a viol\u00eancia dom\u00e9stica\u00a0 - UNASP Noticias","isPartOf":{"@id":"https:\/\/unasp.br\/noticias\/#website"},"primaryImageOfPage":{"@id":"https:\/\/unasp.br\/noticias\/corrida-contra-violencia-domestica\/#primaryimage"},"image":{"@id":"https:\/\/unasp.br\/noticias\/corrida-contra-violencia-domestica\/#primaryimage"},"thumbnailUrl":"https:\/\/cdn.unasp.br\/unasp-noticias\/2022\/09\/04112636\/IMG_9315.jpg","datePublished":"2022-09-01T20:47:25+00:00","dateModified":"2022-09-01T21:03:37+00:00","description":"Mais de 400 pessoas participaram da 3\u00aa Corrida e Caminhada Quebrando o Sil\u00eancio em manifesta\u00e7\u00e3o contra a Viol\u00eancia Dom\u00e9stica","breadcrumb":{"@id":"https:\/\/unasp.br\/noticias\/corrida-contra-violencia-domestica\/#breadcrumb"},"inLanguage":"pt-BR","potentialAction":[{"@type":"ReadAction","target":["https:\/\/unasp.br\/noticias\/corrida-contra-violencia-domestica\/"]}]},{"@type":"ImageObject","inLanguage":"pt-BR","@id":"https:\/\/unasp.br\/noticias\/corrida-contra-violencia-domestica\/#primaryimage","url":"https:\/\/cdn.unasp.br\/unasp-noticias\/2022\/09\/04112636\/IMG_9315.jpg","contentUrl":"https:\/\/cdn.unasp.br\/unasp-noticias\/2022\/09\/04112636\/IMG_9315.jpg","width":1365,"height":2048},{"@type":"BreadcrumbList","@id":"https:\/\/unasp.br\/noticias\/corrida-contra-violencia-domestica\/#breadcrumb","itemListElement":[{"@type":"ListItem","position":1,"name":"In\u00edcio","item":"https:\/\/unasp.br\/noticias\/"},{"@type":"ListItem","position":2,"name":"UNASP sedia corrida em combate a viol\u00eancia dom\u00e9stica\u00a0"}]},{"@type":"WebSite","@id":"https:\/\/unasp.br\/noticias\/#website","url":"https:\/\/unasp.br\/noticias\/","name":"UNASP Noticias","description":"Centro Universit\u00e1rio Adventista de S\u00e3o Paulo","publisher":{"@id":"https:\/\/unasp.br\/noticias\/#organization"},"potentialAction":[{"@type":"SearchAction","target":{"@type":"EntryPoint","urlTemplate":"https:\/\/unasp.br\/noticias\/?s={search_term_string}"},"query-input":{"@type":"PropertyValueSpecification","valueRequired":true,"valueName":"search_term_string"}}],"inLanguage":"pt-BR"},{"@type":"Organization","@id":"https:\/\/unasp.br\/noticias\/#organization","name":"UNASP Noticias","url":"https:\/\/unasp.br\/noticias\/","logo":{"@type":"ImageObject","inLanguage":"pt-BR","@id":"https:\/\/unasp.br\/noticias\/#\/schema\/logo\/image\/","url":"https:\/\/cdn.unasp.br\/noticias\/wp-content\/uploads\/2021\/09\/09152724\/logo-unasp-news.png","contentUrl":"https:\/\/cdn.unasp.br\/noticias\/wp-content\/uploads\/2021\/09\/09152724\/logo-unasp-news.png","width":240,"height":41,"caption":"UNASP Noticias"},"image":{"@id":"https:\/\/unasp.br\/noticias\/#\/schema\/logo\/image\/"}},{"@type":"Person","@id":"https:\/\/unasp.br\/noticias\/#\/schema\/person\/f3393a032491eabc46fadb3656375334","name":"Maria da Gl\u00f3ria Marques de Paula Barreto","image":{"@type":"ImageObject","inLanguage":"pt-BR","@id":"https:\/\/unasp.br\/noticias\/#\/schema\/person\/image\/","url":"https:\/\/secure.gravatar.com\/avatar\/3c23babfa2a847f4ce1e1403fe341fa3?s=96&d=mm&r=g","contentUrl":"https:\/\/secure.gravatar.com\/avatar\/3c23babfa2a847f4ce1e1403fe341fa3?s=96&d=mm&r=g","caption":"Maria da Gl\u00f3ria Marques de Paula Barreto"},"url":"https:\/\/unasp.br\/noticias\/author\/gloria-barretoadventistas-org\/"}]}},"_links":{"self":[{"href":"https:\/\/unasp.br\/noticias\/wp-json\/wp\/v2\/posts\/98488"}],"collection":[{"href":"https:\/\/unasp.br\/noticias\/wp-json\/wp\/v2\/posts"}],"about":[{"href":"https:\/\/unasp.br\/noticias\/wp-json\/wp\/v2\/types\/post"}],"author":[{"embeddable":true,"href":"https:\/\/unasp.br\/noticias\/wp-json\/wp\/v2\/users\/73"}],"replies":[{"embeddable":true,"href":"https:\/\/unasp.br\/noticias\/wp-json\/wp\/v2\/comments?post=98488"}],"version-history":[{"count":4,"href":"https:\/\/unasp.br\/noticias\/wp-json\/wp\/v2\/posts\/98488\/revisions"}],"predecessor-version":[{"id":98545,"href":"https:\/\/unasp.br\/noticias\/wp-json\/wp\/v2\/posts\/98488\/revisions\/98545"}],"wp:featuredmedia":[{"embeddable":true,"href":"https:\/\/unasp.br\/noticias\/wp-json\/wp\/v2\/media\/98495"}],"wp:attachment":[{"href":"https:\/\/unasp.br\/noticias\/wp-json\/wp\/v2\/media?parent=98488"}],"wp:term":[{"taxonomy":"category","embeddable":true,"href":"https:\/\/unasp.br\/noticias\/wp-json\/wp\/v2\/categories?post=98488"},{"taxonomy":"post_tag","embeddable":true,"href":"https:\/\/unasp.br\/noticias\/wp-json\/wp\/v2\/tags?post=98488"}],"curies":[{"name":"wp","href":"https:\/\/api.w.org\/{rel}","templated":true}]}}