{"id":98664,"date":"2022-09-14T12:13:00","date_gmt":"2022-09-14T15:13:00","guid":{"rendered":"https:\/\/www.unasp.br\/noticias\/?p=98664"},"modified":"2022-09-14T12:13:01","modified_gmt":"2022-09-14T15:13:01","slug":"colegio-unasp-realiza-desfile-civico","status":"publish","type":"post","link":"https:\/\/unasp.br\/noticias\/colegio-unasp-realiza-desfile-civico\/","title":{"rendered":"Col\u00e9gio UNASP realiza desfile c\u00edvico"},"content":{"rendered":"\n<p>Em comemora\u00e7\u00e3o aos 200 anos da independ\u00eancia do Brasil o <a href=\"https:\/\/colegio.unasp.br\/\">Col\u00e9gio UNASP<\/a>, S\u00e3o Paulo, realizou o desfile c\u00edvico na \u00faltima quinta-feira (8), pelas alamedas da unidade. Alunos do ber\u00e7\u00e1rio ao Ensino Fundamental I vivenciaram uma experi\u00eancia \u00fanica ao lado de pais e professores.<\/p>\n\n\n\n<figure class=\"wp-block-image size-large\"><img loading=\"lazy\" decoding=\"async\" width=\"1024\" height=\"683\" src=\"https:\/\/www.unasp.br\/noticias\/wp-content\/uploads\/2022\/09\/52352858438_05db85b0a8_o-1024x683.jpg\" alt=\"\" class=\"wp-image-98668\" srcset=\"https:\/\/cdn.unasp.br\/unasp-noticias\/2022\/09\/04112242\/52352858438_05db85b0a8_o-1024x683.jpg 1024w, https:\/\/cdn.unasp.br\/unasp-noticias\/2022\/09\/04112242\/52352858438_05db85b0a8_o-300x200.jpg 300w, https:\/\/cdn.unasp.br\/unasp-noticias\/2022\/09\/04112242\/52352858438_05db85b0a8_o-768x512.jpg 768w, https:\/\/cdn.unasp.br\/unasp-noticias\/2022\/09\/04112242\/52352858438_05db85b0a8_o-1536x1024.jpg 1536w, https:\/\/cdn.unasp.br\/unasp-noticias\/2022\/09\/04112242\/52352858438_05db85b0a8_o-900x600.jpg 900w, https:\/\/cdn.unasp.br\/unasp-noticias\/2022\/09\/04112242\/52352858438_05db85b0a8_o-1200x800.jpg 1200w, https:\/\/cdn.unasp.br\/unasp-noticias\/2022\/09\/04112242\/52352858438_05db85b0a8_o-1080x720.jpg 1080w, https:\/\/cdn.unasp.br\/unasp-noticias\/2022\/09\/04112242\/52352858438_05db85b0a8_o-800x533.jpg 800w, https:\/\/cdn.unasp.br\/unasp-noticias\/2022\/09\/04112242\/52352858438_05db85b0a8_o-750x500.jpg 750w, https:\/\/cdn.unasp.br\/unasp-noticias\/2022\/09\/04112242\/52352858438_05db85b0a8_o-720x480.jpg 720w, https:\/\/cdn.unasp.br\/unasp-noticias\/2022\/09\/04112242\/52352858438_05db85b0a8_o-420x280.jpg 420w, https:\/\/cdn.unasp.br\/unasp-noticias\/2022\/09\/04112242\/52352858438_05db85b0a8_o-500x333.jpg 500w, https:\/\/cdn.unasp.br\/unasp-noticias\/2022\/09\/04112242\/52352858438_05db85b0a8_o-400x267.jpg 400w, https:\/\/cdn.unasp.br\/unasp-noticias\/2022\/09\/04112242\/52352858438_05db85b0a8_o-225x150.jpg 225w, https:\/\/cdn.unasp.br\/unasp-noticias\/2022\/09\/04112242\/52352858438_05db85b0a8_o-175x117.jpg 175w, https:\/\/cdn.unasp.br\/unasp-noticias\/2022\/09\/04112242\/52352858438_05db85b0a8_o-200x133.jpg 200w, https:\/\/cdn.unasp.br\/unasp-noticias\/2022\/09\/04112242\/52352858438_05db85b0a8_o-675x450.jpg 675w, https:\/\/cdn.unasp.br\/unasp-noticias\/2022\/09\/04112242\/52352858438_05db85b0a8_o-390x260.jpg 390w, https:\/\/cdn.unasp.br\/unasp-noticias\/2022\/09\/04112242\/52352858438_05db85b0a8_o.jpg 2048w\" sizes=\"(max-width: 1024px) 100vw, 1024px\" \/><\/figure>\n\n\n\n<p>O 7 de setembro \u00e9 uma das datas comemorativas mais importantes do Brasil, pois nela est\u00e1 gravada um dos principais acontecimentos da hist\u00f3ria do pa\u00eds. Reviver essa mem\u00f3ria e valorizar esse marco \u00e9 o objetivo desse evento. Os alunos desfilaram pelas alamedas com bandeiras, camisetas do Brasil, rostos pintados e muita anima\u00e7\u00e3o ao som da fanfarra do clube de Desbravadores \u2018Pioneiros da Colina\u2019.<\/p>\n\n\n\n<p>A prepara\u00e7\u00e3o para esse dia contou com atividades realizadas em sala de aula. Segundo a diretora Marlene Lehr, h\u00e1 uma s\u00e9rie de quest\u00f5es pedag\u00f3gicas envolvidas. Desenvolvimento das habilidades manuais e art\u00edsticas, al\u00e9m do envolvimento dos professores com os alunos. \u201cDurante a semana da p\u00e1tria os alunos se aprofundam e aprendem mais sobre a independ\u00eancia do Brasil. Al\u00e9m disso, a maioria dos acess\u00f3rios que os alunos utilizaram foram confeccionados por eles, como tambores, viseiras, arcos, la\u00e7os, entre outros\u201d, afirma. &nbsp;<\/p>\n\n\n\n<p>Para a m\u00e3e dos alunos Pedro, 5\u00ba ano, e Matheus, 3\u00ba ano do Fundamental I, Keila Rezende, esse \u00e9 um momento muito aguardado na escola. \u201cN\u00f3s est\u00e1vamos muito ansiosos. Viver esse momento traz aquele sentimento de patriotismo que nos foi ensinado no passado. Acho importante relembrar essa data e a import\u00e2ncia de todos os s\u00edmbolos\u201d, conta.<\/p>\n\n\n\n<h2 class=\"wp-block-heading\"><strong>Desfile \u00e9 tradi\u00e7\u00e3o no UNASP<\/strong><\/h2>\n\n\n\n<p>O desfile c\u00edvico j\u00e1 \u00e9 uma tradi\u00e7\u00e3o do campus S\u00e3o Paulo. De acordo com os arquivos do Centro de Mem\u00f3rias UNASP, os primeiros registros dessa atividade iniciaram em 1940. Ao longo desses 107 anos muitas gera\u00e7\u00f5es de alunos j\u00e1 participaram dos desfiles em comemora\u00e7\u00e3o a independ\u00eancia.<\/p>\n\n\n\n<p>&#8220;H\u00e1 uma tradi\u00e7\u00e3o no UNASP dos desfiles para o 7 de setembro. Quando eu fui aluna desse campus, no magist\u00e9rio, em 1970, n\u00f3s j\u00e1 desfil\u00e1vamos. E desde quando comecei a trabalhar aqui em 2016, a gente fez o desfile todos os anos com as crian\u00e7as&#8221; acrescenta Marlene. <\/p>\n\n\n\n<figure class=\"wp-block-image size-large\"><img loading=\"lazy\" decoding=\"async\" width=\"1024\" height=\"683\" src=\"https:\/\/www.unasp.br\/noticias\/wp-content\/uploads\/2022\/09\/1972-Desfile-1-1024x683.jpg\" alt=\"\" class=\"wp-image-98667\" srcset=\"https:\/\/cdn.unasp.br\/unasp-noticias\/2022\/09\/04112246\/1972-Desfile-1-1024x683.jpg 1024w, https:\/\/cdn.unasp.br\/unasp-noticias\/2022\/09\/04112246\/1972-Desfile-1-300x200.jpg 300w, https:\/\/cdn.unasp.br\/unasp-noticias\/2022\/09\/04112246\/1972-Desfile-1-768x512.jpg 768w, https:\/\/cdn.unasp.br\/unasp-noticias\/2022\/09\/04112246\/1972-Desfile-1-1536x1024.jpg 1536w, https:\/\/cdn.unasp.br\/unasp-noticias\/2022\/09\/04112246\/1972-Desfile-1-900x600.jpg 900w, https:\/\/cdn.unasp.br\/unasp-noticias\/2022\/09\/04112246\/1972-Desfile-1-1200x800.jpg 1200w, https:\/\/cdn.unasp.br\/unasp-noticias\/2022\/09\/04112246\/1972-Desfile-1-1080x720.jpg 1080w, https:\/\/cdn.unasp.br\/unasp-noticias\/2022\/09\/04112246\/1972-Desfile-1-800x533.jpg 800w, https:\/\/cdn.unasp.br\/unasp-noticias\/2022\/09\/04112246\/1972-Desfile-1-750x500.jpg 750w, https:\/\/cdn.unasp.br\/unasp-noticias\/2022\/09\/04112246\/1972-Desfile-1-720x480.jpg 720w, https:\/\/cdn.unasp.br\/unasp-noticias\/2022\/09\/04112246\/1972-Desfile-1-420x280.jpg 420w, https:\/\/cdn.unasp.br\/unasp-noticias\/2022\/09\/04112246\/1972-Desfile-1-500x333.jpg 500w, https:\/\/cdn.unasp.br\/unasp-noticias\/2022\/09\/04112246\/1972-Desfile-1-400x267.jpg 400w, https:\/\/cdn.unasp.br\/unasp-noticias\/2022\/09\/04112246\/1972-Desfile-1-225x150.jpg 225w, https:\/\/cdn.unasp.br\/unasp-noticias\/2022\/09\/04112246\/1972-Desfile-1-175x117.jpg 175w, https:\/\/cdn.unasp.br\/unasp-noticias\/2022\/09\/04112246\/1972-Desfile-1-200x133.jpg 200w, https:\/\/cdn.unasp.br\/unasp-noticias\/2022\/09\/04112246\/1972-Desfile-1-675x450.jpg 675w, https:\/\/cdn.unasp.br\/unasp-noticias\/2022\/09\/04112246\/1972-Desfile-1-390x260.jpg 390w, https:\/\/cdn.unasp.br\/unasp-noticias\/2022\/09\/04112246\/1972-Desfile-1.jpg 2048w\" sizes=\"(max-width: 1024px) 100vw, 1024px\" \/><figcaption>Foto do arquivo do Centro de Mem\u00f3ria UNASP, campus S\u00e3o Paulo<\/figcaption><\/figure>\n","protected":false},"excerpt":{"rendered":"<p>Alunos da pr\u00e9-escola e fundamental I do Col\u00e9gio UNASP participam de desfile c\u00edvico em comemora\u00e7\u00e3o aos 200 anos da independ\u00eancia do Brasil.<\/p>\n","protected":false},"author":72,"featured_media":98669,"comment_status":"open","ping_status":"open","sticky":false,"template":"","format":"standard","meta":{"footnotes":""},"categories":[6],"tags":[3331,259,102,3332,60],"yoast_head":"<!-- This site is optimized with the Yoast SEO plugin v23.5 - https:\/\/yoast.com\/wordpress\/plugins\/seo\/ -->\n<title>Col\u00e9gio UNASP realiza desfile c\u00edvico - UNASP Noticias<\/title>\n<meta name=\"description\" content=\"Alunos da pr\u00e9-escola e fundamental I do Col\u00e9gio UNASP participam de desfile c\u00edvico em comemora\u00e7\u00e3o aos 200 anos da independ\u00eancia do Brasil.\" \/>\n<meta name=\"robots\" content=\"index, follow, max-snippet:-1, max-image-preview:large, max-video-preview:-1\" \/>\n<link rel=\"canonical\" href=\"https:\/\/unasp.br\/noticias\/colegio-unasp-realiza-desfile-civico\/\" \/>\n<meta property=\"og:locale\" content=\"pt_BR\" \/>\n<meta property=\"og:type\" content=\"article\" \/>\n<meta property=\"og:title\" content=\"Col\u00e9gio UNASP realiza desfile c\u00edvico - UNASP Noticias\" \/>\n<meta property=\"og:description\" content=\"Alunos da pr\u00e9-escola e fundamental I do Col\u00e9gio UNASP participam de desfile c\u00edvico em comemora\u00e7\u00e3o aos 200 anos da independ\u00eancia do Brasil.\" \/>\n<meta property=\"og:url\" content=\"https:\/\/unasp.br\/noticias\/colegio-unasp-realiza-desfile-civico\/\" \/>\n<meta property=\"og:site_name\" content=\"UNASP Noticias\" \/>\n<meta property=\"article:published_time\" content=\"2022-09-14T15:13:00+00:00\" \/>\n<meta property=\"article:modified_time\" content=\"2022-09-14T15:13:01+00:00\" \/>\n<meta property=\"og:image\" content=\"https:\/\/unasp.br\/noticias\/wp-content\/uploads\/2022\/09\/52352942004_3255d7c939_o.jpg\" \/>\n\t<meta property=\"og:image:width\" content=\"2048\" \/>\n\t<meta property=\"og:image:height\" content=\"1365\" \/>\n\t<meta property=\"og:image:type\" content=\"image\/jpeg\" \/>\n<meta name=\"author\" content=\"Thais Fowler de Oliveira Schimmak\" \/>\n<meta name=\"twitter:card\" content=\"summary_large_image\" \/>\n<meta name=\"twitter:label1\" content=\"Escrito por\" \/>\n\t<meta name=\"twitter:data1\" content=\"Thais Fowler de Oliveira Schimmak\" \/>\n\t<meta name=\"twitter:label2\" content=\"Est. tempo de leitura\" \/>\n\t<meta name=\"twitter:data2\" content=\"3 minutos\" \/>\n<script type=\"application\/ld+json\" class=\"yoast-schema-graph\">{\"@context\":\"https:\/\/schema.org\",\"@graph\":[{\"@type\":\"Article\",\"@id\":\"https:\/\/unasp.br\/noticias\/colegio-unasp-realiza-desfile-civico\/#article\",\"isPartOf\":{\"@id\":\"https:\/\/unasp.br\/noticias\/colegio-unasp-realiza-desfile-civico\/\"},\"author\":{\"name\":\"Thais Fowler de Oliveira Schimmak\",\"@id\":\"https:\/\/unasp.br\/noticias\/#\/schema\/person\/12a35c1b0ad29e4b5f57a45236f754b9\"},\"headline\":\"Col\u00e9gio UNASP realiza desfile c\u00edvico\",\"datePublished\":\"2022-09-14T15:13:00+00:00\",\"dateModified\":\"2022-09-14T15:13:01+00:00\",\"mainEntityOfPage\":{\"@id\":\"https:\/\/unasp.br\/noticias\/colegio-unasp-realiza-desfile-civico\/\"},\"wordCount\":384,\"commentCount\":0,\"publisher\":{\"@id\":\"https:\/\/unasp.br\/noticias\/#organization\"},\"image\":{\"@id\":\"https:\/\/unasp.br\/noticias\/colegio-unasp-realiza-desfile-civico\/#primaryimage\"},\"thumbnailUrl\":\"https:\/\/cdn.unasp.br\/unasp-noticias\/2022\/09\/04112238\/52352942004_3255d7c939_o.jpg\",\"keywords\":[\"7 de setembro\",\"Col\u00e9gio UNASP\",\"educa\u00e7\u00e3o\",\"independ\u00eancia do Brasil\",\"UNASP\"],\"articleSection\":[\"Acontece no UNASP\"],\"inLanguage\":\"pt-BR\",\"potentialAction\":[{\"@type\":\"CommentAction\",\"name\":\"Comment\",\"target\":[\"https:\/\/unasp.br\/noticias\/colegio-unasp-realiza-desfile-civico\/#respond\"]}]},{\"@type\":\"WebPage\",\"@id\":\"https:\/\/unasp.br\/noticias\/colegio-unasp-realiza-desfile-civico\/\",\"url\":\"https:\/\/unasp.br\/noticias\/colegio-unasp-realiza-desfile-civico\/\",\"name\":\"Col\u00e9gio UNASP realiza desfile c\u00edvico - UNASP Noticias\",\"isPartOf\":{\"@id\":\"https:\/\/unasp.br\/noticias\/#website\"},\"primaryImageOfPage\":{\"@id\":\"https:\/\/unasp.br\/noticias\/colegio-unasp-realiza-desfile-civico\/#primaryimage\"},\"image\":{\"@id\":\"https:\/\/unasp.br\/noticias\/colegio-unasp-realiza-desfile-civico\/#primaryimage\"},\"thumbnailUrl\":\"https:\/\/cdn.unasp.br\/unasp-noticias\/2022\/09\/04112238\/52352942004_3255d7c939_o.jpg\",\"datePublished\":\"2022-09-14T15:13:00+00:00\",\"dateModified\":\"2022-09-14T15:13:01+00:00\",\"description\":\"Alunos da pr\u00e9-escola e fundamental I do Col\u00e9gio UNASP participam de desfile c\u00edvico em comemora\u00e7\u00e3o aos 200 anos da independ\u00eancia do Brasil.\",\"breadcrumb\":{\"@id\":\"https:\/\/unasp.br\/noticias\/colegio-unasp-realiza-desfile-civico\/#breadcrumb\"},\"inLanguage\":\"pt-BR\",\"potentialAction\":[{\"@type\":\"ReadAction\",\"target\":[\"https:\/\/unasp.br\/noticias\/colegio-unasp-realiza-desfile-civico\/\"]}]},{\"@type\":\"ImageObject\",\"inLanguage\":\"pt-BR\",\"@id\":\"https:\/\/unasp.br\/noticias\/colegio-unasp-realiza-desfile-civico\/#primaryimage\",\"url\":\"https:\/\/cdn.unasp.br\/unasp-noticias\/2022\/09\/04112238\/52352942004_3255d7c939_o.jpg\",\"contentUrl\":\"https:\/\/cdn.unasp.br\/unasp-noticias\/2022\/09\/04112238\/52352942004_3255d7c939_o.jpg\",\"width\":2048,\"height\":1365,\"caption\":\"7 de setembro\"},{\"@type\":\"BreadcrumbList\",\"@id\":\"https:\/\/unasp.br\/noticias\/colegio-unasp-realiza-desfile-civico\/#breadcrumb\",\"itemListElement\":[{\"@type\":\"ListItem\",\"position\":1,\"name\":\"In\u00edcio\",\"item\":\"https:\/\/unasp.br\/noticias\/\"},{\"@type\":\"ListItem\",\"position\":2,\"name\":\"Col\u00e9gio UNASP realiza desfile c\u00edvico\"}]},{\"@type\":\"WebSite\",\"@id\":\"https:\/\/unasp.br\/noticias\/#website\",\"url\":\"https:\/\/unasp.br\/noticias\/\",\"name\":\"UNASP Noticias\",\"description\":\"Centro Universit\u00e1rio Adventista de S\u00e3o Paulo\",\"publisher\":{\"@id\":\"https:\/\/unasp.br\/noticias\/#organization\"},\"potentialAction\":[{\"@type\":\"SearchAction\",\"target\":{\"@type\":\"EntryPoint\",\"urlTemplate\":\"https:\/\/unasp.br\/noticias\/?s={search_term_string}\"},\"query-input\":{\"@type\":\"PropertyValueSpecification\",\"valueRequired\":true,\"valueName\":\"search_term_string\"}}],\"inLanguage\":\"pt-BR\"},{\"@type\":\"Organization\",\"@id\":\"https:\/\/unasp.br\/noticias\/#organization\",\"name\":\"UNASP Noticias\",\"url\":\"https:\/\/unasp.br\/noticias\/\",\"logo\":{\"@type\":\"ImageObject\",\"inLanguage\":\"pt-BR\",\"@id\":\"https:\/\/unasp.br\/noticias\/#\/schema\/logo\/image\/\",\"url\":\"https:\/\/cdn.unasp.br\/noticias\/wp-content\/uploads\/2021\/09\/09152724\/logo-unasp-news.png\",\"contentUrl\":\"https:\/\/cdn.unasp.br\/noticias\/wp-content\/uploads\/2021\/09\/09152724\/logo-unasp-news.png\",\"width\":240,\"height\":41,\"caption\":\"UNASP Noticias\"},\"image\":{\"@id\":\"https:\/\/unasp.br\/noticias\/#\/schema\/logo\/image\/\"}},{\"@type\":\"Person\",\"@id\":\"https:\/\/unasp.br\/noticias\/#\/schema\/person\/12a35c1b0ad29e4b5f57a45236f754b9\",\"name\":\"Thais Fowler de Oliveira Schimmak\",\"image\":{\"@type\":\"ImageObject\",\"inLanguage\":\"pt-BR\",\"@id\":\"https:\/\/unasp.br\/noticias\/#\/schema\/person\/image\/\",\"url\":\"https:\/\/secure.gravatar.com\/avatar\/73a0165b6170e6856ee1353d89761cdc?s=96&d=mm&r=g\",\"contentUrl\":\"https:\/\/secure.gravatar.com\/avatar\/73a0165b6170e6856ee1353d89761cdc?s=96&d=mm&r=g\",\"caption\":\"Thais Fowler de Oliveira Schimmak\"},\"url\":\"https:\/\/unasp.br\/noticias\/author\/thais-fowleradventistas-org\/\"}]}<\/script>\n<!-- \/ Yoast SEO plugin. -->","yoast_head_json":{"title":"Col\u00e9gio UNASP realiza desfile c\u00edvico - UNASP Noticias","description":"Alunos da pr\u00e9-escola e fundamental I do Col\u00e9gio UNASP participam de desfile c\u00edvico em comemora\u00e7\u00e3o aos 200 anos da independ\u00eancia do Brasil.","robots":{"index":"index","follow":"follow","max-snippet":"max-snippet:-1","max-image-preview":"max-image-preview:large","max-video-preview":"max-video-preview:-1"},"canonical":"https:\/\/unasp.br\/noticias\/colegio-unasp-realiza-desfile-civico\/","og_locale":"pt_BR","og_type":"article","og_title":"Col\u00e9gio UNASP realiza desfile c\u00edvico - UNASP Noticias","og_description":"Alunos da pr\u00e9-escola e fundamental I do Col\u00e9gio UNASP participam de desfile c\u00edvico em comemora\u00e7\u00e3o aos 200 anos da independ\u00eancia do Brasil.","og_url":"https:\/\/unasp.br\/noticias\/colegio-unasp-realiza-desfile-civico\/","og_site_name":"UNASP Noticias","article_published_time":"2022-09-14T15:13:00+00:00","article_modified_time":"2022-09-14T15:13:01+00:00","og_image":[{"width":2048,"height":1365,"url":"https:\/\/unasp.br\/noticias\/wp-content\/uploads\/2022\/09\/52352942004_3255d7c939_o.jpg","type":"image\/jpeg"}],"author":"Thais Fowler de Oliveira Schimmak","twitter_card":"summary_large_image","twitter_misc":{"Escrito por":"Thais Fowler de Oliveira Schimmak","Est. tempo de leitura":"3 minutos"},"schema":{"@context":"https:\/\/schema.org","@graph":[{"@type":"Article","@id":"https:\/\/unasp.br\/noticias\/colegio-unasp-realiza-desfile-civico\/#article","isPartOf":{"@id":"https:\/\/unasp.br\/noticias\/colegio-unasp-realiza-desfile-civico\/"},"author":{"name":"Thais Fowler de Oliveira Schimmak","@id":"https:\/\/unasp.br\/noticias\/#\/schema\/person\/12a35c1b0ad29e4b5f57a45236f754b9"},"headline":"Col\u00e9gio UNASP realiza desfile c\u00edvico","datePublished":"2022-09-14T15:13:00+00:00","dateModified":"2022-09-14T15:13:01+00:00","mainEntityOfPage":{"@id":"https:\/\/unasp.br\/noticias\/colegio-unasp-realiza-desfile-civico\/"},"wordCount":384,"commentCount":0,"publisher":{"@id":"https:\/\/unasp.br\/noticias\/#organization"},"image":{"@id":"https:\/\/unasp.br\/noticias\/colegio-unasp-realiza-desfile-civico\/#primaryimage"},"thumbnailUrl":"https:\/\/cdn.unasp.br\/unasp-noticias\/2022\/09\/04112238\/52352942004_3255d7c939_o.jpg","keywords":["7 de setembro","Col\u00e9gio UNASP","educa\u00e7\u00e3o","independ\u00eancia do Brasil","UNASP"],"articleSection":["Acontece no UNASP"],"inLanguage":"pt-BR","potentialAction":[{"@type":"CommentAction","name":"Comment","target":["https:\/\/unasp.br\/noticias\/colegio-unasp-realiza-desfile-civico\/#respond"]}]},{"@type":"WebPage","@id":"https:\/\/unasp.br\/noticias\/colegio-unasp-realiza-desfile-civico\/","url":"https:\/\/unasp.br\/noticias\/colegio-unasp-realiza-desfile-civico\/","name":"Col\u00e9gio UNASP realiza desfile c\u00edvico - UNASP Noticias","isPartOf":{"@id":"https:\/\/unasp.br\/noticias\/#website"},"primaryImageOfPage":{"@id":"https:\/\/unasp.br\/noticias\/colegio-unasp-realiza-desfile-civico\/#primaryimage"},"image":{"@id":"https:\/\/unasp.br\/noticias\/colegio-unasp-realiza-desfile-civico\/#primaryimage"},"thumbnailUrl":"https:\/\/cdn.unasp.br\/unasp-noticias\/2022\/09\/04112238\/52352942004_3255d7c939_o.jpg","datePublished":"2022-09-14T15:13:00+00:00","dateModified":"2022-09-14T15:13:01+00:00","description":"Alunos da pr\u00e9-escola e fundamental I do Col\u00e9gio UNASP participam de desfile c\u00edvico em comemora\u00e7\u00e3o aos 200 anos da independ\u00eancia do Brasil.","breadcrumb":{"@id":"https:\/\/unasp.br\/noticias\/colegio-unasp-realiza-desfile-civico\/#breadcrumb"},"inLanguage":"pt-BR","potentialAction":[{"@type":"ReadAction","target":["https:\/\/unasp.br\/noticias\/colegio-unasp-realiza-desfile-civico\/"]}]},{"@type":"ImageObject","inLanguage":"pt-BR","@id":"https:\/\/unasp.br\/noticias\/colegio-unasp-realiza-desfile-civico\/#primaryimage","url":"https:\/\/cdn.unasp.br\/unasp-noticias\/2022\/09\/04112238\/52352942004_3255d7c939_o.jpg","contentUrl":"https:\/\/cdn.unasp.br\/unasp-noticias\/2022\/09\/04112238\/52352942004_3255d7c939_o.jpg","width":2048,"height":1365,"caption":"7 de setembro"},{"@type":"BreadcrumbList","@id":"https:\/\/unasp.br\/noticias\/colegio-unasp-realiza-desfile-civico\/#breadcrumb","itemListElement":[{"@type":"ListItem","position":1,"name":"In\u00edcio","item":"https:\/\/unasp.br\/noticias\/"},{"@type":"ListItem","position":2,"name":"Col\u00e9gio UNASP realiza desfile c\u00edvico"}]},{"@type":"WebSite","@id":"https:\/\/unasp.br\/noticias\/#website","url":"https:\/\/unasp.br\/noticias\/","name":"UNASP Noticias","description":"Centro Universit\u00e1rio Adventista de S\u00e3o Paulo","publisher":{"@id":"https:\/\/unasp.br\/noticias\/#organization"},"potentialAction":[{"@type":"SearchAction","target":{"@type":"EntryPoint","urlTemplate":"https:\/\/unasp.br\/noticias\/?s={search_term_string}"},"query-input":{"@type":"PropertyValueSpecification","valueRequired":true,"valueName":"search_term_string"}}],"inLanguage":"pt-BR"},{"@type":"Organization","@id":"https:\/\/unasp.br\/noticias\/#organization","name":"UNASP Noticias","url":"https:\/\/unasp.br\/noticias\/","logo":{"@type":"ImageObject","inLanguage":"pt-BR","@id":"https:\/\/unasp.br\/noticias\/#\/schema\/logo\/image\/","url":"https:\/\/cdn.unasp.br\/noticias\/wp-content\/uploads\/2021\/09\/09152724\/logo-unasp-news.png","contentUrl":"https:\/\/cdn.unasp.br\/noticias\/wp-content\/uploads\/2021\/09\/09152724\/logo-unasp-news.png","width":240,"height":41,"caption":"UNASP Noticias"},"image":{"@id":"https:\/\/unasp.br\/noticias\/#\/schema\/logo\/image\/"}},{"@type":"Person","@id":"https:\/\/unasp.br\/noticias\/#\/schema\/person\/12a35c1b0ad29e4b5f57a45236f754b9","name":"Thais Fowler de Oliveira Schimmak","image":{"@type":"ImageObject","inLanguage":"pt-BR","@id":"https:\/\/unasp.br\/noticias\/#\/schema\/person\/image\/","url":"https:\/\/secure.gravatar.com\/avatar\/73a0165b6170e6856ee1353d89761cdc?s=96&d=mm&r=g","contentUrl":"https:\/\/secure.gravatar.com\/avatar\/73a0165b6170e6856ee1353d89761cdc?s=96&d=mm&r=g","caption":"Thais Fowler de Oliveira Schimmak"},"url":"https:\/\/unasp.br\/noticias\/author\/thais-fowleradventistas-org\/"}]}},"_links":{"self":[{"href":"https:\/\/unasp.br\/noticias\/wp-json\/wp\/v2\/posts\/98664"}],"collection":[{"href":"https:\/\/unasp.br\/noticias\/wp-json\/wp\/v2\/posts"}],"about":[{"href":"https:\/\/unasp.br\/noticias\/wp-json\/wp\/v2\/types\/post"}],"author":[{"embeddable":true,"href":"https:\/\/unasp.br\/noticias\/wp-json\/wp\/v2\/users\/72"}],"replies":[{"embeddable":true,"href":"https:\/\/unasp.br\/noticias\/wp-json\/wp\/v2\/comments?post=98664"}],"version-history":[{"count":2,"href":"https:\/\/unasp.br\/noticias\/wp-json\/wp\/v2\/posts\/98664\/revisions"}],"predecessor-version":[{"id":98671,"href":"https:\/\/unasp.br\/noticias\/wp-json\/wp\/v2\/posts\/98664\/revisions\/98671"}],"wp:featuredmedia":[{"embeddable":true,"href":"https:\/\/unasp.br\/noticias\/wp-json\/wp\/v2\/media\/98669"}],"wp:attachment":[{"href":"https:\/\/unasp.br\/noticias\/wp-json\/wp\/v2\/media?parent=98664"}],"wp:term":[{"taxonomy":"category","embeddable":true,"href":"https:\/\/unasp.br\/noticias\/wp-json\/wp\/v2\/categories?post=98664"},{"taxonomy":"post_tag","embeddable":true,"href":"https:\/\/unasp.br\/noticias\/wp-json\/wp\/v2\/tags?post=98664"}],"curies":[{"name":"wp","href":"https:\/\/api.w.org\/{rel}","templated":true}]}}