{"id":98816,"date":"2022-09-28T11:05:49","date_gmt":"2022-09-28T14:05:49","guid":{"rendered":"https:\/\/unasp.br\/noticias\/?p=98816"},"modified":"2022-09-28T11:56:14","modified_gmt":"2022-09-28T14:56:14","slug":"novo-diretor-do-colegio-unasp-unidade-de-engenheiro-coelho-assume-atividades","status":"publish","type":"post","link":"https:\/\/unasp.br\/noticias\/novo-diretor-do-colegio-unasp-unidade-de-engenheiro-coelho-assume-atividades\/","title":{"rendered":"Novo diretor do Col\u00e9gio UNASP unidade de Engenheiro Coelho assume atividades"},"content":{"rendered":"\n<p>A Comiss\u00e3o Diretiva da Uni\u00e3o Central Brasileira (UCB), escrit\u00f3rio administrativo da Igreja Adventista do S\u00e9timo Dia para o Estado de S\u00e3o Paulo, nomeou o novo diretor do <a href=\"https:\/\/colegio.unasp.br\/unidade-engenheiro-coelho\/\">Col\u00e9gio UNASP unidade de Engenheiro Coelho<\/a>. O professor Donato da Silva assume a fun\u00e7\u00e3o ocupada anteriormente pelo professor Henrique Romanelli.<\/p>\n\n\n\n<h2 class=\"wp-block-heading\"><strong>Conhe\u00e7a o novo diretor<\/strong><\/h2>\n\n\n<div class=\"wp-block-image\">\n<figure class=\"alignleft size-full is-resized\"><img loading=\"lazy\" decoding=\"async\" src=\"https:\/\/cdn.unasp.br\/unasp-noticias\/2022\/09\/28080228\/donato_direot.jpg\" alt=\"\" class=\"wp-image-98823\" width=\"286\" height=\"286\" srcset=\"https:\/\/cdn.unasp.br\/unasp-noticias\/2022\/09\/28080228\/donato_direot.jpg 285w, https:\/\/cdn.unasp.br\/unasp-noticias\/2022\/09\/28080228\/donato_direot-150x150.jpg 150w, https:\/\/cdn.unasp.br\/unasp-noticias\/2022\/09\/28080228\/donato_direot-280x280.jpg 280w, https:\/\/cdn.unasp.br\/unasp-noticias\/2022\/09\/28080228\/donato_direot-200x200.jpg 200w, https:\/\/cdn.unasp.br\/unasp-noticias\/2022\/09\/28080228\/donato_direot-175x175.jpg 175w, https:\/\/cdn.unasp.br\/unasp-noticias\/2022\/09\/28080228\/donato_direot-260x260.jpg 260w\" sizes=\"(max-width: 286px) 100vw, 286px\" \/><figcaption>Com vasta experi\u00eancia, o professor assume a dire\u00e7\u00e3o do <a href=\"https:\/\/colegio.unasp.br\/unidade-engenheiro-coelho\/\">Col\u00e9gio UNASP unidade de Engenheiro Coelho<\/a>. Foto: Reprodu\u00e7\u00e3o <\/figcaption><\/figure><\/div>\n\n\n<p>Donato da Silva \u00e9 formado em Educa\u00e7\u00e3o F\u00edsica (2006) pela Universidade Paulista, em Comunica\u00e7\u00e3o Social com \u00eanfase em Publicidade e Propaganda (2011) pela Universidade de Araraquara, em Pedagogia e p\u00f3s-gradua\u00e7\u00e3o em Gest\u00e3o Escolar (2015) pela Universidade de Santo Amaro. Come\u00e7ou na Rede Adventista como professor de Educa\u00e7\u00e3o F\u00edsica em 2004 nas unidades da regi\u00e3o de Araraquara e S\u00e3o Carlos e permaneceu nessa fun\u00e7\u00e3o at\u00e9 2011, quando assumiu a vice-dire\u00e7\u00e3o da unidade de S\u00e3o Carlos.<\/p>\n\n\n\n<p>Em 2015, aceitou o desafio de reativar a unidade de Fernand\u00f3polis com atividades pausadas nos 10 anos anteriores. A miss\u00e3o funcionou e foi o primeiro diretor da escola nessa nova etapa. Ap\u00f3s esse per\u00edodo, retornou para S\u00e3o Carlos como diretor da unidade de ensino e permaneceu atuante at\u00e9 o chamado para o Col\u00e9gio UNASP em Engenheiro Coelho.<\/p>\n\n\n\n<p>Donato \u00e9 casado com Juliana Gon\u00e7alves Andrade da Silva. Sua esposa \u00e9 formada em Economia e p\u00f3s-graduada em Gest\u00e3o de Pessoas. Ela sempre atuou na \u00e1rea de finan\u00e7as e organiza\u00e7\u00f5es. Os filhos Alice Andrade da Silva de 8 anos e Lucas Andrade da Silva de 7 anos acompanham os pais na nova trajet\u00f3ria.<\/p>\n\n\n\n<p>Quando perguntado sobre sua expectativa, o professor Donato refor\u00e7a que \u201csente o frio na barriga, mas tamb\u00e9m a confian\u00e7a em Deus pelo seu chamado e capacita\u00e7\u00e3o\u201d. O professor foi apresentado aos alunos e pretende atuar com veem\u00eancia na dire\u00e7\u00e3o do <a href=\"https:\/\/colegio.unasp.br\/\">Col\u00e9gio<\/a>. \u201cEspero que Deus use a minha fam\u00edlia, somando aos colaboradores, para expandir o reino\u201d, finaliza.<\/p>\n\n\n<div class=\"wp-block-image\">\n<figure class=\"aligncenter size-large\"><img loading=\"lazy\" decoding=\"async\" width=\"1024\" height=\"1024\" src=\"https:\/\/cdn.unasp.br\/unasp-noticias\/2022\/09\/28080201\/donato_novo_diretor-1-1024x1024.jpg\" alt=\"\" class=\"wp-image-98822\" srcset=\"https:\/\/cdn.unasp.br\/unasp-noticias\/2022\/09\/28080201\/donato_novo_diretor-1-1024x1024.jpg 1024w, https:\/\/cdn.unasp.br\/unasp-noticias\/2022\/09\/28080201\/donato_novo_diretor-1-300x300.jpg 300w, https:\/\/cdn.unasp.br\/unasp-noticias\/2022\/09\/28080201\/donato_novo_diretor-1-150x150.jpg 150w, https:\/\/cdn.unasp.br\/unasp-noticias\/2022\/09\/28080201\/donato_novo_diretor-1-768x768.jpg 768w, https:\/\/cdn.unasp.br\/unasp-noticias\/2022\/09\/28080201\/donato_novo_diretor-1-600x600.jpg 600w, https:\/\/cdn.unasp.br\/unasp-noticias\/2022\/09\/28080201\/donato_novo_diretor-1-800x800.jpg 800w, https:\/\/cdn.unasp.br\/unasp-noticias\/2022\/09\/28080201\/donato_novo_diretor-1-720x720.jpg 720w, https:\/\/cdn.unasp.br\/unasp-noticias\/2022\/09\/28080201\/donato_novo_diretor-1-500x500.jpg 500w, https:\/\/cdn.unasp.br\/unasp-noticias\/2022\/09\/28080201\/donato_novo_diretor-1-480x480.jpg 480w, https:\/\/cdn.unasp.br\/unasp-noticias\/2022\/09\/28080201\/donato_novo_diretor-1-280x280.jpg 280w, https:\/\/cdn.unasp.br\/unasp-noticias\/2022\/09\/28080201\/donato_novo_diretor-1-400x400.jpg 400w, https:\/\/cdn.unasp.br\/unasp-noticias\/2022\/09\/28080201\/donato_novo_diretor-1-200x200.jpg 200w, https:\/\/cdn.unasp.br\/unasp-noticias\/2022\/09\/28080201\/donato_novo_diretor-1-175x175.jpg 175w, https:\/\/cdn.unasp.br\/unasp-noticias\/2022\/09\/28080201\/donato_novo_diretor-1-450x450.jpg 450w, https:\/\/cdn.unasp.br\/unasp-noticias\/2022\/09\/28080201\/donato_novo_diretor-1-260x260.jpg 260w, https:\/\/cdn.unasp.br\/unasp-noticias\/2022\/09\/28080201\/donato_novo_diretor-1.jpg 1080w\" sizes=\"(max-width: 1024px) 100vw, 1024px\" \/><figcaption>Novo diretor do Col\u00e9gio UNASP trabalha pela primeira vez na Paulista Central. Foto: Reprodu\u00e7\u00e3o<\/figcaption><\/figure><\/div>","protected":false},"excerpt":{"rendered":"<p>O professor Donato da Silva assume a fun\u00e7\u00e3o ocupada anteriormente pelo professor Henrique Romanelli.<\/p>\n","protected":false},"author":76,"featured_media":98821,"comment_status":"open","ping_status":"open","sticky":false,"template":"","format":"standard","meta":{"footnotes":""},"categories":[6],"tags":[259,3349,60],"yoast_head":"<!-- This site is optimized with the Yoast SEO plugin v23.5 - https:\/\/yoast.com\/wordpress\/plugins\/seo\/ -->\n<title>Nomeado novo diretor do Col\u00e9gio UNASP em Engenheiro Coelho<\/title>\n<meta name=\"description\" content=\"A Comiss\u00e3o Diretiva da Uni\u00e3o Central Brasileira (UCB) nomeou o novo diretor do Col\u00e9gio UNASP unidade de Engenheiro Coelho.\" \/>\n<meta name=\"robots\" content=\"index, follow, max-snippet:-1, max-image-preview:large, max-video-preview:-1\" \/>\n<link rel=\"canonical\" href=\"https:\/\/unasp.br\/noticias\/novo-diretor-do-colegio-unasp-unidade-de-engenheiro-coelho-assume-atividades\/\" \/>\n<meta property=\"og:locale\" content=\"pt_BR\" \/>\n<meta property=\"og:type\" content=\"article\" \/>\n<meta property=\"og:title\" content=\"Nomeado novo diretor do Col\u00e9gio UNASP em Engenheiro Coelho\" \/>\n<meta property=\"og:description\" content=\"A Comiss\u00e3o Diretiva da Uni\u00e3o Central Brasileira (UCB) nomeou o novo diretor do Col\u00e9gio UNASP unidade de Engenheiro Coelho.\" \/>\n<meta property=\"og:url\" content=\"https:\/\/unasp.br\/noticias\/novo-diretor-do-colegio-unasp-unidade-de-engenheiro-coelho-assume-atividades\/\" \/>\n<meta property=\"og:site_name\" content=\"UNASP Noticias\" \/>\n<meta property=\"article:published_time\" content=\"2022-09-28T14:05:49+00:00\" \/>\n<meta property=\"article:modified_time\" content=\"2022-09-28T14:56:14+00:00\" \/>\n<meta property=\"og:image\" content=\"https:\/\/cdn.unasp.br\/unasp-noticias\/2022\/09\/28080137\/104683571_3407668855956079_1203503262469579381_n.jpg\" \/>\n\t<meta property=\"og:image:width\" content=\"285\" \/>\n\t<meta property=\"og:image:height\" content=\"285\" \/>\n\t<meta property=\"og:image:type\" content=\"image\/jpeg\" \/>\n<meta name=\"author\" content=\"Ana Silveira\" \/>\n<meta name=\"twitter:card\" content=\"summary_large_image\" \/>\n<meta name=\"twitter:label1\" content=\"Escrito por\" \/>\n\t<meta name=\"twitter:data1\" content=\"Ana Silveira\" \/>\n\t<meta name=\"twitter:label2\" content=\"Est. tempo de leitura\" \/>\n\t<meta name=\"twitter:data2\" content=\"3 minutos\" \/>\n<script type=\"application\/ld+json\" class=\"yoast-schema-graph\">{\"@context\":\"https:\/\/schema.org\",\"@graph\":[{\"@type\":\"Article\",\"@id\":\"https:\/\/unasp.br\/noticias\/novo-diretor-do-colegio-unasp-unidade-de-engenheiro-coelho-assume-atividades\/#article\",\"isPartOf\":{\"@id\":\"https:\/\/unasp.br\/noticias\/novo-diretor-do-colegio-unasp-unidade-de-engenheiro-coelho-assume-atividades\/\"},\"author\":{\"name\":\"Ana Silveira\",\"@id\":\"https:\/\/unasp.br\/noticias\/#\/schema\/person\/31f019c7998f233ad4e548824bf7c0df\"},\"headline\":\"Novo diretor do Col\u00e9gio UNASP unidade de Engenheiro Coelho assume atividades\",\"datePublished\":\"2022-09-28T14:05:49+00:00\",\"dateModified\":\"2022-09-28T14:56:14+00:00\",\"mainEntityOfPage\":{\"@id\":\"https:\/\/unasp.br\/noticias\/novo-diretor-do-colegio-unasp-unidade-de-engenheiro-coelho-assume-atividades\/\"},\"wordCount\":370,\"commentCount\":0,\"publisher\":{\"@id\":\"https:\/\/unasp.br\/noticias\/#organization\"},\"image\":{\"@id\":\"https:\/\/unasp.br\/noticias\/novo-diretor-do-colegio-unasp-unidade-de-engenheiro-coelho-assume-atividades\/#primaryimage\"},\"thumbnailUrl\":\"https:\/\/cdn.unasp.br\/unasp-noticias\/2022\/09\/28080137\/104683571_3407668855956079_1203503262469579381_n.jpg\",\"keywords\":[\"Col\u00e9gio UNASP\",\"Novo diretor\",\"UNASP\"],\"articleSection\":[\"Acontece no UNASP\"],\"inLanguage\":\"pt-BR\",\"potentialAction\":[{\"@type\":\"CommentAction\",\"name\":\"Comment\",\"target\":[\"https:\/\/unasp.br\/noticias\/novo-diretor-do-colegio-unasp-unidade-de-engenheiro-coelho-assume-atividades\/#respond\"]}]},{\"@type\":\"WebPage\",\"@id\":\"https:\/\/unasp.br\/noticias\/novo-diretor-do-colegio-unasp-unidade-de-engenheiro-coelho-assume-atividades\/\",\"url\":\"https:\/\/unasp.br\/noticias\/novo-diretor-do-colegio-unasp-unidade-de-engenheiro-coelho-assume-atividades\/\",\"name\":\"Nomeado novo diretor do Col\u00e9gio UNASP em Engenheiro Coelho\",\"isPartOf\":{\"@id\":\"https:\/\/unasp.br\/noticias\/#website\"},\"primaryImageOfPage\":{\"@id\":\"https:\/\/unasp.br\/noticias\/novo-diretor-do-colegio-unasp-unidade-de-engenheiro-coelho-assume-atividades\/#primaryimage\"},\"image\":{\"@id\":\"https:\/\/unasp.br\/noticias\/novo-diretor-do-colegio-unasp-unidade-de-engenheiro-coelho-assume-atividades\/#primaryimage\"},\"thumbnailUrl\":\"https:\/\/cdn.unasp.br\/unasp-noticias\/2022\/09\/28080137\/104683571_3407668855956079_1203503262469579381_n.jpg\",\"datePublished\":\"2022-09-28T14:05:49+00:00\",\"dateModified\":\"2022-09-28T14:56:14+00:00\",\"description\":\"A Comiss\u00e3o Diretiva da Uni\u00e3o Central Brasileira (UCB) nomeou o novo diretor do Col\u00e9gio UNASP unidade de Engenheiro Coelho.\",\"breadcrumb\":{\"@id\":\"https:\/\/unasp.br\/noticias\/novo-diretor-do-colegio-unasp-unidade-de-engenheiro-coelho-assume-atividades\/#breadcrumb\"},\"inLanguage\":\"pt-BR\",\"potentialAction\":[{\"@type\":\"ReadAction\",\"target\":[\"https:\/\/unasp.br\/noticias\/novo-diretor-do-colegio-unasp-unidade-de-engenheiro-coelho-assume-atividades\/\"]}]},{\"@type\":\"ImageObject\",\"inLanguage\":\"pt-BR\",\"@id\":\"https:\/\/unasp.br\/noticias\/novo-diretor-do-colegio-unasp-unidade-de-engenheiro-coelho-assume-atividades\/#primaryimage\",\"url\":\"https:\/\/cdn.unasp.br\/unasp-noticias\/2022\/09\/28080137\/104683571_3407668855956079_1203503262469579381_n.jpg\",\"contentUrl\":\"https:\/\/cdn.unasp.br\/unasp-noticias\/2022\/09\/28080137\/104683571_3407668855956079_1203503262469579381_n.jpg\",\"width\":285,\"height\":285,\"caption\":\"Novo diretor assume Col\u00e9gio UNASP unidade de Engenheiro Coelho.\"},{\"@type\":\"BreadcrumbList\",\"@id\":\"https:\/\/unasp.br\/noticias\/novo-diretor-do-colegio-unasp-unidade-de-engenheiro-coelho-assume-atividades\/#breadcrumb\",\"itemListElement\":[{\"@type\":\"ListItem\",\"position\":1,\"name\":\"In\u00edcio\",\"item\":\"https:\/\/unasp.br\/noticias\/\"},{\"@type\":\"ListItem\",\"position\":2,\"name\":\"Novo diretor do Col\u00e9gio UNASP unidade de Engenheiro Coelho assume atividades\"}]},{\"@type\":\"WebSite\",\"@id\":\"https:\/\/unasp.br\/noticias\/#website\",\"url\":\"https:\/\/unasp.br\/noticias\/\",\"name\":\"UNASP Noticias\",\"description\":\"Centro Universit\u00e1rio Adventista de S\u00e3o Paulo\",\"publisher\":{\"@id\":\"https:\/\/unasp.br\/noticias\/#organization\"},\"potentialAction\":[{\"@type\":\"SearchAction\",\"target\":{\"@type\":\"EntryPoint\",\"urlTemplate\":\"https:\/\/unasp.br\/noticias\/?s={search_term_string}\"},\"query-input\":{\"@type\":\"PropertyValueSpecification\",\"valueRequired\":true,\"valueName\":\"search_term_string\"}}],\"inLanguage\":\"pt-BR\"},{\"@type\":\"Organization\",\"@id\":\"https:\/\/unasp.br\/noticias\/#organization\",\"name\":\"UNASP Noticias\",\"url\":\"https:\/\/unasp.br\/noticias\/\",\"logo\":{\"@type\":\"ImageObject\",\"inLanguage\":\"pt-BR\",\"@id\":\"https:\/\/unasp.br\/noticias\/#\/schema\/logo\/image\/\",\"url\":\"https:\/\/cdn.unasp.br\/noticias\/wp-content\/uploads\/2021\/09\/09152724\/logo-unasp-news.png\",\"contentUrl\":\"https:\/\/cdn.unasp.br\/noticias\/wp-content\/uploads\/2021\/09\/09152724\/logo-unasp-news.png\",\"width\":240,\"height\":41,\"caption\":\"UNASP Noticias\"},\"image\":{\"@id\":\"https:\/\/unasp.br\/noticias\/#\/schema\/logo\/image\/\"}},{\"@type\":\"Person\",\"@id\":\"https:\/\/unasp.br\/noticias\/#\/schema\/person\/31f019c7998f233ad4e548824bf7c0df\",\"name\":\"Ana Silveira\",\"image\":{\"@type\":\"ImageObject\",\"inLanguage\":\"pt-BR\",\"@id\":\"https:\/\/unasp.br\/noticias\/#\/schema\/person\/image\/\",\"url\":\"https:\/\/secure.gravatar.com\/avatar\/6321ef5554e60944d8acf3f725a90e2d?s=96&d=mm&r=g\",\"contentUrl\":\"https:\/\/secure.gravatar.com\/avatar\/6321ef5554e60944d8acf3f725a90e2d?s=96&d=mm&r=g\",\"caption\":\"Ana Silveira\"},\"url\":\"https:\/\/unasp.br\/noticias\/author\/ana-silveiraunasp-edu-br\/\"}]}<\/script>\n<!-- \/ Yoast SEO plugin. -->","yoast_head_json":{"title":"Nomeado novo diretor do Col\u00e9gio UNASP em Engenheiro Coelho","description":"A Comiss\u00e3o Diretiva da Uni\u00e3o Central Brasileira (UCB) nomeou o novo diretor do Col\u00e9gio UNASP unidade de Engenheiro Coelho.","robots":{"index":"index","follow":"follow","max-snippet":"max-snippet:-1","max-image-preview":"max-image-preview:large","max-video-preview":"max-video-preview:-1"},"canonical":"https:\/\/unasp.br\/noticias\/novo-diretor-do-colegio-unasp-unidade-de-engenheiro-coelho-assume-atividades\/","og_locale":"pt_BR","og_type":"article","og_title":"Nomeado novo diretor do Col\u00e9gio UNASP em Engenheiro Coelho","og_description":"A Comiss\u00e3o Diretiva da Uni\u00e3o Central Brasileira (UCB) nomeou o novo diretor do Col\u00e9gio UNASP unidade de Engenheiro Coelho.","og_url":"https:\/\/unasp.br\/noticias\/novo-diretor-do-colegio-unasp-unidade-de-engenheiro-coelho-assume-atividades\/","og_site_name":"UNASP Noticias","article_published_time":"2022-09-28T14:05:49+00:00","article_modified_time":"2022-09-28T14:56:14+00:00","og_image":[{"width":285,"height":285,"url":"https:\/\/cdn.unasp.br\/unasp-noticias\/2022\/09\/28080137\/104683571_3407668855956079_1203503262469579381_n.jpg","type":"image\/jpeg"}],"author":"Ana Silveira","twitter_card":"summary_large_image","twitter_misc":{"Escrito por":"Ana Silveira","Est. tempo de leitura":"3 minutos"},"schema":{"@context":"https:\/\/schema.org","@graph":[{"@type":"Article","@id":"https:\/\/unasp.br\/noticias\/novo-diretor-do-colegio-unasp-unidade-de-engenheiro-coelho-assume-atividades\/#article","isPartOf":{"@id":"https:\/\/unasp.br\/noticias\/novo-diretor-do-colegio-unasp-unidade-de-engenheiro-coelho-assume-atividades\/"},"author":{"name":"Ana Silveira","@id":"https:\/\/unasp.br\/noticias\/#\/schema\/person\/31f019c7998f233ad4e548824bf7c0df"},"headline":"Novo diretor do Col\u00e9gio UNASP unidade de Engenheiro Coelho assume atividades","datePublished":"2022-09-28T14:05:49+00:00","dateModified":"2022-09-28T14:56:14+00:00","mainEntityOfPage":{"@id":"https:\/\/unasp.br\/noticias\/novo-diretor-do-colegio-unasp-unidade-de-engenheiro-coelho-assume-atividades\/"},"wordCount":370,"commentCount":0,"publisher":{"@id":"https:\/\/unasp.br\/noticias\/#organization"},"image":{"@id":"https:\/\/unasp.br\/noticias\/novo-diretor-do-colegio-unasp-unidade-de-engenheiro-coelho-assume-atividades\/#primaryimage"},"thumbnailUrl":"https:\/\/cdn.unasp.br\/unasp-noticias\/2022\/09\/28080137\/104683571_3407668855956079_1203503262469579381_n.jpg","keywords":["Col\u00e9gio UNASP","Novo diretor","UNASP"],"articleSection":["Acontece no UNASP"],"inLanguage":"pt-BR","potentialAction":[{"@type":"CommentAction","name":"Comment","target":["https:\/\/unasp.br\/noticias\/novo-diretor-do-colegio-unasp-unidade-de-engenheiro-coelho-assume-atividades\/#respond"]}]},{"@type":"WebPage","@id":"https:\/\/unasp.br\/noticias\/novo-diretor-do-colegio-unasp-unidade-de-engenheiro-coelho-assume-atividades\/","url":"https:\/\/unasp.br\/noticias\/novo-diretor-do-colegio-unasp-unidade-de-engenheiro-coelho-assume-atividades\/","name":"Nomeado novo diretor do Col\u00e9gio UNASP em Engenheiro Coelho","isPartOf":{"@id":"https:\/\/unasp.br\/noticias\/#website"},"primaryImageOfPage":{"@id":"https:\/\/unasp.br\/noticias\/novo-diretor-do-colegio-unasp-unidade-de-engenheiro-coelho-assume-atividades\/#primaryimage"},"image":{"@id":"https:\/\/unasp.br\/noticias\/novo-diretor-do-colegio-unasp-unidade-de-engenheiro-coelho-assume-atividades\/#primaryimage"},"thumbnailUrl":"https:\/\/cdn.unasp.br\/unasp-noticias\/2022\/09\/28080137\/104683571_3407668855956079_1203503262469579381_n.jpg","datePublished":"2022-09-28T14:05:49+00:00","dateModified":"2022-09-28T14:56:14+00:00","description":"A Comiss\u00e3o Diretiva da Uni\u00e3o Central Brasileira (UCB) nomeou o novo diretor do Col\u00e9gio UNASP unidade de Engenheiro Coelho.","breadcrumb":{"@id":"https:\/\/unasp.br\/noticias\/novo-diretor-do-colegio-unasp-unidade-de-engenheiro-coelho-assume-atividades\/#breadcrumb"},"inLanguage":"pt-BR","potentialAction":[{"@type":"ReadAction","target":["https:\/\/unasp.br\/noticias\/novo-diretor-do-colegio-unasp-unidade-de-engenheiro-coelho-assume-atividades\/"]}]},{"@type":"ImageObject","inLanguage":"pt-BR","@id":"https:\/\/unasp.br\/noticias\/novo-diretor-do-colegio-unasp-unidade-de-engenheiro-coelho-assume-atividades\/#primaryimage","url":"https:\/\/cdn.unasp.br\/unasp-noticias\/2022\/09\/28080137\/104683571_3407668855956079_1203503262469579381_n.jpg","contentUrl":"https:\/\/cdn.unasp.br\/unasp-noticias\/2022\/09\/28080137\/104683571_3407668855956079_1203503262469579381_n.jpg","width":285,"height":285,"caption":"Novo diretor assume Col\u00e9gio UNASP unidade de Engenheiro Coelho."},{"@type":"BreadcrumbList","@id":"https:\/\/unasp.br\/noticias\/novo-diretor-do-colegio-unasp-unidade-de-engenheiro-coelho-assume-atividades\/#breadcrumb","itemListElement":[{"@type":"ListItem","position":1,"name":"In\u00edcio","item":"https:\/\/unasp.br\/noticias\/"},{"@type":"ListItem","position":2,"name":"Novo diretor do Col\u00e9gio UNASP unidade de Engenheiro Coelho assume atividades"}]},{"@type":"WebSite","@id":"https:\/\/unasp.br\/noticias\/#website","url":"https:\/\/unasp.br\/noticias\/","name":"UNASP Noticias","description":"Centro Universit\u00e1rio Adventista de S\u00e3o Paulo","publisher":{"@id":"https:\/\/unasp.br\/noticias\/#organization"},"potentialAction":[{"@type":"SearchAction","target":{"@type":"EntryPoint","urlTemplate":"https:\/\/unasp.br\/noticias\/?s={search_term_string}"},"query-input":{"@type":"PropertyValueSpecification","valueRequired":true,"valueName":"search_term_string"}}],"inLanguage":"pt-BR"},{"@type":"Organization","@id":"https:\/\/unasp.br\/noticias\/#organization","name":"UNASP Noticias","url":"https:\/\/unasp.br\/noticias\/","logo":{"@type":"ImageObject","inLanguage":"pt-BR","@id":"https:\/\/unasp.br\/noticias\/#\/schema\/logo\/image\/","url":"https:\/\/cdn.unasp.br\/noticias\/wp-content\/uploads\/2021\/09\/09152724\/logo-unasp-news.png","contentUrl":"https:\/\/cdn.unasp.br\/noticias\/wp-content\/uploads\/2021\/09\/09152724\/logo-unasp-news.png","width":240,"height":41,"caption":"UNASP Noticias"},"image":{"@id":"https:\/\/unasp.br\/noticias\/#\/schema\/logo\/image\/"}},{"@type":"Person","@id":"https:\/\/unasp.br\/noticias\/#\/schema\/person\/31f019c7998f233ad4e548824bf7c0df","name":"Ana Silveira","image":{"@type":"ImageObject","inLanguage":"pt-BR","@id":"https:\/\/unasp.br\/noticias\/#\/schema\/person\/image\/","url":"https:\/\/secure.gravatar.com\/avatar\/6321ef5554e60944d8acf3f725a90e2d?s=96&d=mm&r=g","contentUrl":"https:\/\/secure.gravatar.com\/avatar\/6321ef5554e60944d8acf3f725a90e2d?s=96&d=mm&r=g","caption":"Ana Silveira"},"url":"https:\/\/unasp.br\/noticias\/author\/ana-silveiraunasp-edu-br\/"}]}},"_links":{"self":[{"href":"https:\/\/unasp.br\/noticias\/wp-json\/wp\/v2\/posts\/98816"}],"collection":[{"href":"https:\/\/unasp.br\/noticias\/wp-json\/wp\/v2\/posts"}],"about":[{"href":"https:\/\/unasp.br\/noticias\/wp-json\/wp\/v2\/types\/post"}],"author":[{"embeddable":true,"href":"https:\/\/unasp.br\/noticias\/wp-json\/wp\/v2\/users\/76"}],"replies":[{"embeddable":true,"href":"https:\/\/unasp.br\/noticias\/wp-json\/wp\/v2\/comments?post=98816"}],"version-history":[{"count":3,"href":"https:\/\/unasp.br\/noticias\/wp-json\/wp\/v2\/posts\/98816\/revisions"}],"predecessor-version":[{"id":98829,"href":"https:\/\/unasp.br\/noticias\/wp-json\/wp\/v2\/posts\/98816\/revisions\/98829"}],"wp:featuredmedia":[{"embeddable":true,"href":"https:\/\/unasp.br\/noticias\/wp-json\/wp\/v2\/media\/98821"}],"wp:attachment":[{"href":"https:\/\/unasp.br\/noticias\/wp-json\/wp\/v2\/media?parent=98816"}],"wp:term":[{"taxonomy":"category","embeddable":true,"href":"https:\/\/unasp.br\/noticias\/wp-json\/wp\/v2\/categories?post=98816"},{"taxonomy":"post_tag","embeddable":true,"href":"https:\/\/unasp.br\/noticias\/wp-json\/wp\/v2\/tags?post=98816"}],"curies":[{"name":"wp","href":"https:\/\/api.w.org\/{rel}","templated":true}]}}