{"id":98968,"date":"2022-10-04T11:08:26","date_gmt":"2022-10-04T14:08:26","guid":{"rendered":"https:\/\/unasp.br\/noticias\/?p=98968"},"modified":"2022-10-11T08:19:50","modified_gmt":"2022-10-11T11:19:50","slug":"73-anos-do-unasp-ht","status":"publish","type":"post","link":"https:\/\/unasp.br\/noticias\/73-anos-do-unasp-ht\/","title":{"rendered":"73 anos do UNASP campus Hortol\u00e2ndia \u00e9 not\u00edcia na\u00a0\u00a0TV Novo Tempo"},"content":{"rendered":"\n<p>O UNASP campus Hortol\u00e2ndia completou 73 anos e comemorou seu anivers\u00e1rio no \u00faltimo final de semana do m\u00eas de setembro, relembrando can\u00e7\u00f5es que marcaram a hist\u00f3ria do campus e fazem parte do <a href=\"https:\/\/novohinario.cpb.com.br\" target=\"_blank\" rel=\"noreferrer noopener\">novo Hin\u00e1rio Adventista<\/a>. A programa\u00e7\u00e3o foi apresentada por centenas de cantores e m\u00fasicos e contou com a presen\u00e7a de ex-maestros do campus que contribu\u00edram com a hist\u00f3ria musical da institui\u00e7\u00e3o.<\/p>\n\n\n\n<p>E evento ganhou espa\u00e7o na TV Novo Tempo que foi ao ar na sexta-feira, 30 de setembro, no programa Revista Novo Tempo. Assista a reportagem e confira os melhores momentos da comemora\u00e7\u00e3o do anivers\u00e1rio do campus.<\/p>\n\n\n\n<figure class=\"wp-block-embed is-type-video is-provider-youtube wp-block-embed-youtube wp-embed-aspect-16-9 wp-has-aspect-ratio\"><div class=\"wp-block-embed__wrapper\">\n<iframe loading=\"lazy\" title=\"Mat\u00e9ria UNASP 73 anos\" width=\"900\" height=\"506\" src=\"https:\/\/www.youtube.com\/embed\/02_Gd29NWBA?feature=oembed\" frameborder=\"0\" allow=\"accelerometer; autoplay; clipboard-write; encrypted-media; gyroscope; picture-in-picture\" allowfullscreen><\/iframe>\n<\/div><figcaption>Reportagem sobre o anivers\u00e1rio de 73 anos do UNASP campus Hortol\u00e2ndia<\/figcaption><\/figure>\n\n\n\n<h2 class=\"wp-block-heading\">Sob nova dire\u00e7\u00e3o<\/h2>\n\n\n\n<p>Durante a programa\u00e7\u00e3o foi apresentado \u00e0 comunidade o novo diretor do campus Hortol\u00e2ndia, professor <a href=\"https:\/\/unasp.br\/noticias\/nomeado-novo-diretor-do-unasp-campus-hortolandia\/\" target=\"_blank\" rel=\"noreferrer noopener\">Henrique Romaneli<\/a>, que tamb\u00e9m assume a vice-reitoria da Educa\u00e7\u00e3o B\u00e1sica de todo UNASP, fun\u00e7\u00e3o ocupada at\u00e9 ent\u00e3o pelo professor Douglas Menslin.<\/p>\n\n\n\n<figure class=\"wp-block-image size-full\"><img loading=\"lazy\" decoding=\"async\" width=\"799\" height=\"533\" src=\"https:\/\/cdn.unasp.br\/unasp-noticias\/2022\/10\/04075022\/52384427022_346fef2948_c.jpg\" alt=\"\" class=\"wp-image-98969\" srcset=\"https:\/\/cdn.unasp.br\/unasp-noticias\/2022\/10\/04075022\/52384427022_346fef2948_c.jpg 799w, https:\/\/cdn.unasp.br\/unasp-noticias\/2022\/10\/04075022\/52384427022_346fef2948_c-300x200.jpg 300w, https:\/\/cdn.unasp.br\/unasp-noticias\/2022\/10\/04075022\/52384427022_346fef2948_c-768x512.jpg 768w, https:\/\/cdn.unasp.br\/unasp-noticias\/2022\/10\/04075022\/52384427022_346fef2948_c-750x500.jpg 750w, https:\/\/cdn.unasp.br\/unasp-noticias\/2022\/10\/04075022\/52384427022_346fef2948_c-720x480.jpg 720w, https:\/\/cdn.unasp.br\/unasp-noticias\/2022\/10\/04075022\/52384427022_346fef2948_c-420x280.jpg 420w, https:\/\/cdn.unasp.br\/unasp-noticias\/2022\/10\/04075022\/52384427022_346fef2948_c-500x334.jpg 500w, https:\/\/cdn.unasp.br\/unasp-noticias\/2022\/10\/04075022\/52384427022_346fef2948_c-400x267.jpg 400w, https:\/\/cdn.unasp.br\/unasp-noticias\/2022\/10\/04075022\/52384427022_346fef2948_c-225x150.jpg 225w, https:\/\/cdn.unasp.br\/unasp-noticias\/2022\/10\/04075022\/52384427022_346fef2948_c-175x117.jpg 175w, https:\/\/cdn.unasp.br\/unasp-noticias\/2022\/10\/04075022\/52384427022_346fef2948_c-200x133.jpg 200w, https:\/\/cdn.unasp.br\/unasp-noticias\/2022\/10\/04075022\/52384427022_346fef2948_c-675x450.jpg 675w, https:\/\/cdn.unasp.br\/unasp-noticias\/2022\/10\/04075022\/52384427022_346fef2948_c-390x260.jpg 390w\" sizes=\"(max-width: 799px) 100vw, 799px\" \/><figcaption>UNASP campus Hortol\u00e2ndia tem novo diretor geral<\/figcaption><\/figure>\n\n\n\n<p>Para ver as fotos da programa\u00e7\u00e3o <a href=\"https:\/\/www.flickr.com\/photos\/unasp_ht\/albums\/72177720302405025\/with\/52384420862\/\" target=\"_blank\" rel=\"noreferrer noopener\">clique aqui.<\/a><\/p>\n","protected":false},"excerpt":{"rendered":"<p>UNASP campus Hortol\u00e2ndia comemora 73 anos com uma festa musical.<\/p>\n","protected":false},"author":73,"featured_media":98970,"comment_status":"open","ping_status":"open","sticky":false,"template":"","format":"standard","meta":{"footnotes":""},"categories":[6],"tags":[3372,3373,3374,60],"yoast_head":"<!-- This site is optimized with the Yoast SEO plugin v23.5 - https:\/\/yoast.com\/wordpress\/plugins\/seo\/ -->\n<title>73 anos do UNASP campus Hortol\u00e2ndia \u00e9 not\u00edcia na\u00a0\u00a0TV Novo Tempo - UNASP Noticias<\/title>\n<meta name=\"description\" content=\"Festa dos 73 anos do UNASP campus Hortol\u00e2ndia relembrou m\u00fasicas que marcaram a hist\u00f3ria do campus e fazem parte do novo Hin\u00e1rio Adventista.\" \/>\n<meta name=\"robots\" content=\"index, follow, max-snippet:-1, max-image-preview:large, max-video-preview:-1\" \/>\n<link rel=\"canonical\" href=\"https:\/\/unasp.br\/noticias\/73-anos-do-unasp-ht\/\" \/>\n<meta property=\"og:locale\" content=\"pt_BR\" \/>\n<meta property=\"og:type\" content=\"article\" \/>\n<meta property=\"og:title\" content=\"73 anos do UNASP campus Hortol\u00e2ndia \u00e9 not\u00edcia na\u00a0\u00a0TV Novo Tempo - UNASP Noticias\" \/>\n<meta property=\"og:description\" content=\"Festa dos 73 anos do UNASP campus Hortol\u00e2ndia relembrou m\u00fasicas que marcaram a hist\u00f3ria do campus e fazem parte do novo Hin\u00e1rio Adventista.\" \/>\n<meta property=\"og:url\" content=\"https:\/\/unasp.br\/noticias\/73-anos-do-unasp-ht\/\" \/>\n<meta property=\"og:site_name\" content=\"UNASP Noticias\" \/>\n<meta property=\"article:published_time\" content=\"2022-10-04T14:08:26+00:00\" \/>\n<meta property=\"article:modified_time\" content=\"2022-10-11T11:19:50+00:00\" \/>\n<meta property=\"og:image\" content=\"https:\/\/cdn.unasp.br\/unasp-noticias\/2022\/10\/04075811\/52384420862_f9fcb81248_k.jpg\" \/>\n\t<meta property=\"og:image:width\" content=\"2048\" \/>\n\t<meta property=\"og:image:height\" content=\"1365\" \/>\n\t<meta property=\"og:image:type\" content=\"image\/jpeg\" \/>\n<meta name=\"author\" content=\"Maria da Gl\u00f3ria Marques de Paula Barreto\" \/>\n<meta name=\"twitter:card\" content=\"summary_large_image\" \/>\n<meta name=\"twitter:label1\" content=\"Escrito por\" \/>\n\t<meta name=\"twitter:data1\" content=\"Maria da Gl\u00f3ria Marques de Paula Barreto\" \/>\n\t<meta name=\"twitter:label2\" content=\"Est. tempo de leitura\" \/>\n\t<meta name=\"twitter:data2\" content=\"2 minutos\" \/>\n<script type=\"application\/ld+json\" class=\"yoast-schema-graph\">{\"@context\":\"https:\/\/schema.org\",\"@graph\":[{\"@type\":\"Article\",\"@id\":\"https:\/\/unasp.br\/noticias\/73-anos-do-unasp-ht\/#article\",\"isPartOf\":{\"@id\":\"https:\/\/unasp.br\/noticias\/73-anos-do-unasp-ht\/\"},\"author\":{\"name\":\"Maria da Gl\u00f3ria Marques de Paula Barreto\",\"@id\":\"https:\/\/unasp.br\/noticias\/#\/schema\/person\/f3393a032491eabc46fadb3656375334\"},\"headline\":\"73 anos do UNASP campus Hortol\u00e2ndia \u00e9 not\u00edcia na\u00a0\u00a0TV Novo Tempo\",\"datePublished\":\"2022-10-04T14:08:26+00:00\",\"dateModified\":\"2022-10-11T11:19:50+00:00\",\"mainEntityOfPage\":{\"@id\":\"https:\/\/unasp.br\/noticias\/73-anos-do-unasp-ht\/\"},\"wordCount\":202,\"commentCount\":0,\"publisher\":{\"@id\":\"https:\/\/unasp.br\/noticias\/#organization\"},\"image\":{\"@id\":\"https:\/\/unasp.br\/noticias\/73-anos-do-unasp-ht\/#primaryimage\"},\"thumbnailUrl\":\"https:\/\/cdn.unasp.br\/unasp-noticias\/2022\/10\/04075811\/52384420862_f9fcb81248_k.jpg\",\"keywords\":[\"73anosUNASPHT\",\"Anivers\u00e1rioUNASPHT\",\"Hin\u00e1rioAdventista\",\"UNASP\"],\"articleSection\":[\"Acontece no UNASP\"],\"inLanguage\":\"pt-BR\",\"potentialAction\":[{\"@type\":\"CommentAction\",\"name\":\"Comment\",\"target\":[\"https:\/\/unasp.br\/noticias\/73-anos-do-unasp-ht\/#respond\"]}]},{\"@type\":\"WebPage\",\"@id\":\"https:\/\/unasp.br\/noticias\/73-anos-do-unasp-ht\/\",\"url\":\"https:\/\/unasp.br\/noticias\/73-anos-do-unasp-ht\/\",\"name\":\"73 anos do UNASP campus Hortol\u00e2ndia \u00e9 not\u00edcia na\u00a0\u00a0TV Novo Tempo - UNASP Noticias\",\"isPartOf\":{\"@id\":\"https:\/\/unasp.br\/noticias\/#website\"},\"primaryImageOfPage\":{\"@id\":\"https:\/\/unasp.br\/noticias\/73-anos-do-unasp-ht\/#primaryimage\"},\"image\":{\"@id\":\"https:\/\/unasp.br\/noticias\/73-anos-do-unasp-ht\/#primaryimage\"},\"thumbnailUrl\":\"https:\/\/cdn.unasp.br\/unasp-noticias\/2022\/10\/04075811\/52384420862_f9fcb81248_k.jpg\",\"datePublished\":\"2022-10-04T14:08:26+00:00\",\"dateModified\":\"2022-10-11T11:19:50+00:00\",\"description\":\"Festa dos 73 anos do UNASP campus Hortol\u00e2ndia relembrou m\u00fasicas que marcaram a hist\u00f3ria do campus e fazem parte do novo Hin\u00e1rio Adventista.\",\"breadcrumb\":{\"@id\":\"https:\/\/unasp.br\/noticias\/73-anos-do-unasp-ht\/#breadcrumb\"},\"inLanguage\":\"pt-BR\",\"potentialAction\":[{\"@type\":\"ReadAction\",\"target\":[\"https:\/\/unasp.br\/noticias\/73-anos-do-unasp-ht\/\"]}]},{\"@type\":\"ImageObject\",\"inLanguage\":\"pt-BR\",\"@id\":\"https:\/\/unasp.br\/noticias\/73-anos-do-unasp-ht\/#primaryimage\",\"url\":\"https:\/\/cdn.unasp.br\/unasp-noticias\/2022\/10\/04075811\/52384420862_f9fcb81248_k.jpg\",\"contentUrl\":\"https:\/\/cdn.unasp.br\/unasp-noticias\/2022\/10\/04075811\/52384420862_f9fcb81248_k.jpg\",\"width\":2048,\"height\":1365,\"caption\":\"A festa dos 73 anos do UNASP campus Hortol\u00e2ndia teve programa\u00e7\u00e3o de muito louvor\"},{\"@type\":\"BreadcrumbList\",\"@id\":\"https:\/\/unasp.br\/noticias\/73-anos-do-unasp-ht\/#breadcrumb\",\"itemListElement\":[{\"@type\":\"ListItem\",\"position\":1,\"name\":\"In\u00edcio\",\"item\":\"https:\/\/unasp.br\/noticias\/\"},{\"@type\":\"ListItem\",\"position\":2,\"name\":\"73 anos do UNASP campus Hortol\u00e2ndia \u00e9 not\u00edcia na\u00a0\u00a0TV Novo Tempo\"}]},{\"@type\":\"WebSite\",\"@id\":\"https:\/\/unasp.br\/noticias\/#website\",\"url\":\"https:\/\/unasp.br\/noticias\/\",\"name\":\"UNASP Noticias\",\"description\":\"Centro Universit\u00e1rio Adventista de S\u00e3o Paulo\",\"publisher\":{\"@id\":\"https:\/\/unasp.br\/noticias\/#organization\"},\"potentialAction\":[{\"@type\":\"SearchAction\",\"target\":{\"@type\":\"EntryPoint\",\"urlTemplate\":\"https:\/\/unasp.br\/noticias\/?s={search_term_string}\"},\"query-input\":{\"@type\":\"PropertyValueSpecification\",\"valueRequired\":true,\"valueName\":\"search_term_string\"}}],\"inLanguage\":\"pt-BR\"},{\"@type\":\"Organization\",\"@id\":\"https:\/\/unasp.br\/noticias\/#organization\",\"name\":\"UNASP Noticias\",\"url\":\"https:\/\/unasp.br\/noticias\/\",\"logo\":{\"@type\":\"ImageObject\",\"inLanguage\":\"pt-BR\",\"@id\":\"https:\/\/unasp.br\/noticias\/#\/schema\/logo\/image\/\",\"url\":\"https:\/\/cdn.unasp.br\/noticias\/wp-content\/uploads\/2021\/09\/09152724\/logo-unasp-news.png\",\"contentUrl\":\"https:\/\/cdn.unasp.br\/noticias\/wp-content\/uploads\/2021\/09\/09152724\/logo-unasp-news.png\",\"width\":240,\"height\":41,\"caption\":\"UNASP Noticias\"},\"image\":{\"@id\":\"https:\/\/unasp.br\/noticias\/#\/schema\/logo\/image\/\"}},{\"@type\":\"Person\",\"@id\":\"https:\/\/unasp.br\/noticias\/#\/schema\/person\/f3393a032491eabc46fadb3656375334\",\"name\":\"Maria da Gl\u00f3ria Marques de Paula Barreto\",\"image\":{\"@type\":\"ImageObject\",\"inLanguage\":\"pt-BR\",\"@id\":\"https:\/\/unasp.br\/noticias\/#\/schema\/person\/image\/\",\"url\":\"https:\/\/secure.gravatar.com\/avatar\/3c23babfa2a847f4ce1e1403fe341fa3?s=96&d=mm&r=g\",\"contentUrl\":\"https:\/\/secure.gravatar.com\/avatar\/3c23babfa2a847f4ce1e1403fe341fa3?s=96&d=mm&r=g\",\"caption\":\"Maria da Gl\u00f3ria Marques de Paula Barreto\"},\"url\":\"https:\/\/unasp.br\/noticias\/author\/gloria-barretoadventistas-org\/\"}]}<\/script>\n<!-- \/ Yoast SEO plugin. -->","yoast_head_json":{"title":"73 anos do UNASP campus Hortol\u00e2ndia \u00e9 not\u00edcia na\u00a0\u00a0TV Novo Tempo - UNASP Noticias","description":"Festa dos 73 anos do UNASP campus Hortol\u00e2ndia relembrou m\u00fasicas que marcaram a hist\u00f3ria do campus e fazem parte do novo Hin\u00e1rio Adventista.","robots":{"index":"index","follow":"follow","max-snippet":"max-snippet:-1","max-image-preview":"max-image-preview:large","max-video-preview":"max-video-preview:-1"},"canonical":"https:\/\/unasp.br\/noticias\/73-anos-do-unasp-ht\/","og_locale":"pt_BR","og_type":"article","og_title":"73 anos do UNASP campus Hortol\u00e2ndia \u00e9 not\u00edcia na\u00a0\u00a0TV Novo Tempo - UNASP Noticias","og_description":"Festa dos 73 anos do UNASP campus Hortol\u00e2ndia relembrou m\u00fasicas que marcaram a hist\u00f3ria do campus e fazem parte do novo Hin\u00e1rio Adventista.","og_url":"https:\/\/unasp.br\/noticias\/73-anos-do-unasp-ht\/","og_site_name":"UNASP Noticias","article_published_time":"2022-10-04T14:08:26+00:00","article_modified_time":"2022-10-11T11:19:50+00:00","og_image":[{"width":2048,"height":1365,"url":"https:\/\/cdn.unasp.br\/unasp-noticias\/2022\/10\/04075811\/52384420862_f9fcb81248_k.jpg","type":"image\/jpeg"}],"author":"Maria da Gl\u00f3ria Marques de Paula Barreto","twitter_card":"summary_large_image","twitter_misc":{"Escrito por":"Maria da Gl\u00f3ria Marques de Paula Barreto","Est. tempo de leitura":"2 minutos"},"schema":{"@context":"https:\/\/schema.org","@graph":[{"@type":"Article","@id":"https:\/\/unasp.br\/noticias\/73-anos-do-unasp-ht\/#article","isPartOf":{"@id":"https:\/\/unasp.br\/noticias\/73-anos-do-unasp-ht\/"},"author":{"name":"Maria da Gl\u00f3ria Marques de Paula Barreto","@id":"https:\/\/unasp.br\/noticias\/#\/schema\/person\/f3393a032491eabc46fadb3656375334"},"headline":"73 anos do UNASP campus Hortol\u00e2ndia \u00e9 not\u00edcia na\u00a0\u00a0TV Novo Tempo","datePublished":"2022-10-04T14:08:26+00:00","dateModified":"2022-10-11T11:19:50+00:00","mainEntityOfPage":{"@id":"https:\/\/unasp.br\/noticias\/73-anos-do-unasp-ht\/"},"wordCount":202,"commentCount":0,"publisher":{"@id":"https:\/\/unasp.br\/noticias\/#organization"},"image":{"@id":"https:\/\/unasp.br\/noticias\/73-anos-do-unasp-ht\/#primaryimage"},"thumbnailUrl":"https:\/\/cdn.unasp.br\/unasp-noticias\/2022\/10\/04075811\/52384420862_f9fcb81248_k.jpg","keywords":["73anosUNASPHT","Anivers\u00e1rioUNASPHT","Hin\u00e1rioAdventista","UNASP"],"articleSection":["Acontece no UNASP"],"inLanguage":"pt-BR","potentialAction":[{"@type":"CommentAction","name":"Comment","target":["https:\/\/unasp.br\/noticias\/73-anos-do-unasp-ht\/#respond"]}]},{"@type":"WebPage","@id":"https:\/\/unasp.br\/noticias\/73-anos-do-unasp-ht\/","url":"https:\/\/unasp.br\/noticias\/73-anos-do-unasp-ht\/","name":"73 anos do UNASP campus Hortol\u00e2ndia \u00e9 not\u00edcia na\u00a0\u00a0TV Novo Tempo - UNASP Noticias","isPartOf":{"@id":"https:\/\/unasp.br\/noticias\/#website"},"primaryImageOfPage":{"@id":"https:\/\/unasp.br\/noticias\/73-anos-do-unasp-ht\/#primaryimage"},"image":{"@id":"https:\/\/unasp.br\/noticias\/73-anos-do-unasp-ht\/#primaryimage"},"thumbnailUrl":"https:\/\/cdn.unasp.br\/unasp-noticias\/2022\/10\/04075811\/52384420862_f9fcb81248_k.jpg","datePublished":"2022-10-04T14:08:26+00:00","dateModified":"2022-10-11T11:19:50+00:00","description":"Festa dos 73 anos do UNASP campus Hortol\u00e2ndia relembrou m\u00fasicas que marcaram a hist\u00f3ria do campus e fazem parte do novo Hin\u00e1rio Adventista.","breadcrumb":{"@id":"https:\/\/unasp.br\/noticias\/73-anos-do-unasp-ht\/#breadcrumb"},"inLanguage":"pt-BR","potentialAction":[{"@type":"ReadAction","target":["https:\/\/unasp.br\/noticias\/73-anos-do-unasp-ht\/"]}]},{"@type":"ImageObject","inLanguage":"pt-BR","@id":"https:\/\/unasp.br\/noticias\/73-anos-do-unasp-ht\/#primaryimage","url":"https:\/\/cdn.unasp.br\/unasp-noticias\/2022\/10\/04075811\/52384420862_f9fcb81248_k.jpg","contentUrl":"https:\/\/cdn.unasp.br\/unasp-noticias\/2022\/10\/04075811\/52384420862_f9fcb81248_k.jpg","width":2048,"height":1365,"caption":"A festa dos 73 anos do UNASP campus Hortol\u00e2ndia teve programa\u00e7\u00e3o de muito louvor"},{"@type":"BreadcrumbList","@id":"https:\/\/unasp.br\/noticias\/73-anos-do-unasp-ht\/#breadcrumb","itemListElement":[{"@type":"ListItem","position":1,"name":"In\u00edcio","item":"https:\/\/unasp.br\/noticias\/"},{"@type":"ListItem","position":2,"name":"73 anos do UNASP campus Hortol\u00e2ndia \u00e9 not\u00edcia na\u00a0\u00a0TV Novo Tempo"}]},{"@type":"WebSite","@id":"https:\/\/unasp.br\/noticias\/#website","url":"https:\/\/unasp.br\/noticias\/","name":"UNASP Noticias","description":"Centro Universit\u00e1rio Adventista de S\u00e3o Paulo","publisher":{"@id":"https:\/\/unasp.br\/noticias\/#organization"},"potentialAction":[{"@type":"SearchAction","target":{"@type":"EntryPoint","urlTemplate":"https:\/\/unasp.br\/noticias\/?s={search_term_string}"},"query-input":{"@type":"PropertyValueSpecification","valueRequired":true,"valueName":"search_term_string"}}],"inLanguage":"pt-BR"},{"@type":"Organization","@id":"https:\/\/unasp.br\/noticias\/#organization","name":"UNASP Noticias","url":"https:\/\/unasp.br\/noticias\/","logo":{"@type":"ImageObject","inLanguage":"pt-BR","@id":"https:\/\/unasp.br\/noticias\/#\/schema\/logo\/image\/","url":"https:\/\/cdn.unasp.br\/noticias\/wp-content\/uploads\/2021\/09\/09152724\/logo-unasp-news.png","contentUrl":"https:\/\/cdn.unasp.br\/noticias\/wp-content\/uploads\/2021\/09\/09152724\/logo-unasp-news.png","width":240,"height":41,"caption":"UNASP Noticias"},"image":{"@id":"https:\/\/unasp.br\/noticias\/#\/schema\/logo\/image\/"}},{"@type":"Person","@id":"https:\/\/unasp.br\/noticias\/#\/schema\/person\/f3393a032491eabc46fadb3656375334","name":"Maria da Gl\u00f3ria Marques de Paula Barreto","image":{"@type":"ImageObject","inLanguage":"pt-BR","@id":"https:\/\/unasp.br\/noticias\/#\/schema\/person\/image\/","url":"https:\/\/secure.gravatar.com\/avatar\/3c23babfa2a847f4ce1e1403fe341fa3?s=96&d=mm&r=g","contentUrl":"https:\/\/secure.gravatar.com\/avatar\/3c23babfa2a847f4ce1e1403fe341fa3?s=96&d=mm&r=g","caption":"Maria da Gl\u00f3ria Marques de Paula Barreto"},"url":"https:\/\/unasp.br\/noticias\/author\/gloria-barretoadventistas-org\/"}]}},"_links":{"self":[{"href":"https:\/\/unasp.br\/noticias\/wp-json\/wp\/v2\/posts\/98968"}],"collection":[{"href":"https:\/\/unasp.br\/noticias\/wp-json\/wp\/v2\/posts"}],"about":[{"href":"https:\/\/unasp.br\/noticias\/wp-json\/wp\/v2\/types\/post"}],"author":[{"embeddable":true,"href":"https:\/\/unasp.br\/noticias\/wp-json\/wp\/v2\/users\/73"}],"replies":[{"embeddable":true,"href":"https:\/\/unasp.br\/noticias\/wp-json\/wp\/v2\/comments?post=98968"}],"version-history":[{"count":5,"href":"https:\/\/unasp.br\/noticias\/wp-json\/wp\/v2\/posts\/98968\/revisions"}],"predecessor-version":[{"id":99009,"href":"https:\/\/unasp.br\/noticias\/wp-json\/wp\/v2\/posts\/98968\/revisions\/99009"}],"wp:featuredmedia":[{"embeddable":true,"href":"https:\/\/unasp.br\/noticias\/wp-json\/wp\/v2\/media\/98970"}],"wp:attachment":[{"href":"https:\/\/unasp.br\/noticias\/wp-json\/wp\/v2\/media?parent=98968"}],"wp:term":[{"taxonomy":"category","embeddable":true,"href":"https:\/\/unasp.br\/noticias\/wp-json\/wp\/v2\/categories?post=98968"},{"taxonomy":"post_tag","embeddable":true,"href":"https:\/\/unasp.br\/noticias\/wp-json\/wp\/v2\/tags?post=98968"}],"curies":[{"name":"wp","href":"https:\/\/api.w.org\/{rel}","templated":true}]}}