{"id":99071,"date":"2022-10-19T15:59:44","date_gmt":"2022-10-19T18:59:44","guid":{"rendered":"https:\/\/unasp.br\/noticias\/?p=99071"},"modified":"2022-10-19T15:59:45","modified_gmt":"2022-10-19T18:59:45","slug":"dia-d-ja-preencheu-82-das-vagas-do-colegio-unasp-hortolandia-para-2023","status":"publish","type":"post","link":"https:\/\/unasp.br\/noticias\/dia-d-ja-preencheu-82-das-vagas-do-colegio-unasp-hortolandia-para-2023\/","title":{"rendered":"Dia D \u00a0j\u00e1 preencheu 82% das vagas do Col\u00e9gio UNASP Hortol\u00e2ndia para 2023"},"content":{"rendered":"\n<p>O <a href=\"https:\/\/www.unasp.br\" target=\"_blank\" rel=\"noreferrer noopener\">UNASP campus Hortol\u00e2ndia<\/a> abriu suas portas no \u00faltimo domingo (16), para o DIA D, data que marca o encerramento dos descontos de 70% nas rematr\u00edculas dos alunos veteranos e o fim do per\u00edodo em que a escola reserva aos alunos veteranos as vagas nas turmas e turnos desejados. Nesta edi\u00e7\u00e3o o atendimento aos pais e respons\u00e1veis come\u00e7ou \u00e0s 8 horas da manh\u00e3 e foi encerrado \u00e0s 16h com um total de 2.145 alunos matriculados, o que corresponde a 82% do alvo para o ano letivo de 2023.<\/p>\n\n\n\n<p>O Dia D \u00e9 um projeto de matr\u00edculas muito importante para alunos veteranos, uma vez que encerra o per\u00edodo em que as vagas do col\u00e9gio est\u00e3o reservadas, depois do Dia D, essas vagas tamb\u00e9m ficam dispon\u00edveis para os alunos novos.\u00a0<\/p>\n\n\n\n<figure class=\"wp-block-image size-large\"><img loading=\"lazy\" decoding=\"async\" width=\"1024\" height=\"682\" src=\"https:\/\/cdn.unasp.br\/unasp-noticias\/2022\/10\/19123153\/WhatsApp-Image-2022-10-16-at-20.04.35-1024x682.jpeg\" alt=\"Pessoas sendo atendidas no Dia D\" class=\"wp-image-99074\" srcset=\"https:\/\/cdn.unasp.br\/unasp-noticias\/2022\/10\/19123153\/WhatsApp-Image-2022-10-16-at-20.04.35-1024x682.jpeg 1024w, https:\/\/cdn.unasp.br\/unasp-noticias\/2022\/10\/19123153\/WhatsApp-Image-2022-10-16-at-20.04.35-300x200.jpeg 300w, https:\/\/cdn.unasp.br\/unasp-noticias\/2022\/10\/19123153\/WhatsApp-Image-2022-10-16-at-20.04.35-768x512.jpeg 768w, https:\/\/cdn.unasp.br\/unasp-noticias\/2022\/10\/19123153\/WhatsApp-Image-2022-10-16-at-20.04.35-1536x1023.jpeg 1536w, https:\/\/cdn.unasp.br\/unasp-noticias\/2022\/10\/19123153\/WhatsApp-Image-2022-10-16-at-20.04.35-901x600.jpeg 901w, https:\/\/cdn.unasp.br\/unasp-noticias\/2022\/10\/19123153\/WhatsApp-Image-2022-10-16-at-20.04.35-1201x800.jpeg 1201w, https:\/\/cdn.unasp.br\/unasp-noticias\/2022\/10\/19123153\/WhatsApp-Image-2022-10-16-at-20.04.35-1081x720.jpeg 1081w, https:\/\/cdn.unasp.br\/unasp-noticias\/2022\/10\/19123153\/WhatsApp-Image-2022-10-16-at-20.04.35-800x533.jpeg 800w, https:\/\/cdn.unasp.br\/unasp-noticias\/2022\/10\/19123153\/WhatsApp-Image-2022-10-16-at-20.04.35-750x500.jpeg 750w, https:\/\/cdn.unasp.br\/unasp-noticias\/2022\/10\/19123153\/WhatsApp-Image-2022-10-16-at-20.04.35-720x480.jpeg 720w, https:\/\/cdn.unasp.br\/unasp-noticias\/2022\/10\/19123153\/WhatsApp-Image-2022-10-16-at-20.04.35-420x280.jpeg 420w, https:\/\/cdn.unasp.br\/unasp-noticias\/2022\/10\/19123153\/WhatsApp-Image-2022-10-16-at-20.04.35-500x333.jpeg 500w, https:\/\/cdn.unasp.br\/unasp-noticias\/2022\/10\/19123153\/WhatsApp-Image-2022-10-16-at-20.04.35-400x267.jpeg 400w, https:\/\/cdn.unasp.br\/unasp-noticias\/2022\/10\/19123153\/WhatsApp-Image-2022-10-16-at-20.04.35-225x150.jpeg 225w, https:\/\/cdn.unasp.br\/unasp-noticias\/2022\/10\/19123153\/WhatsApp-Image-2022-10-16-at-20.04.35-175x117.jpeg 175w, https:\/\/cdn.unasp.br\/unasp-noticias\/2022\/10\/19123153\/WhatsApp-Image-2022-10-16-at-20.04.35-200x133.jpeg 200w, https:\/\/cdn.unasp.br\/unasp-noticias\/2022\/10\/19123153\/WhatsApp-Image-2022-10-16-at-20.04.35-675x450.jpeg 675w, https:\/\/cdn.unasp.br\/unasp-noticias\/2022\/10\/19123153\/WhatsApp-Image-2022-10-16-at-20.04.35-390x260.jpeg 390w, https:\/\/cdn.unasp.br\/unasp-noticias\/2022\/10\/19123153\/WhatsApp-Image-2022-10-16-at-20.04.35.jpeg 1600w\" sizes=\"(max-width: 1024px) 100vw, 1024px\" \/><figcaption>O Dia D do Col\u00e9gio UNASP campus Hortol\u00e2ndia aconteceu no dia 16 de outubro.<\/figcaption><\/figure>\n\n\n\n<h2 class=\"wp-block-heading\"><strong>Dia D<\/strong> em novo formato<\/h2>\n\n\n\n<p>O termo Dia D j\u00e1 \u00e9 conhecido pelos pais, por\u00e9m em edi\u00e7\u00f5es passadas a rematr\u00edcula era presencial, o n\u00famero de pessoas atendidas era grande e o processo demorado, uma vez que os pais precisavam assinar contratos e imprimir outras documenta\u00e7\u00f5es.<\/p>\n\n\n\n<p>Depois da pandemia, muitos processos foram atualizados e se tornaram virtuais, permitindo aos pais conclu\u00edrem as <a href=\"http:\/\/go.unasp.br\/rematricula-colegio\" target=\"_blank\" rel=\"noreferrer noopener\">rematr\u00edculas em casa, atrav\u00e9s do site do campus<\/a>. Atualmente, o Dia D tornou-se uma oportunidade de tirar d\u00favidas e ajudar os pais.<\/p>\n\n\n\n<p>\u201cAs mudan\u00e7as dos dois \u00faltimos anos foram importantes. Agora, com o uso da tecnologia o movimento \u00e9 pequeno, mas diferenciado\u201d, explicou o diretor geral, Henrique Romanelli.\u00a0<\/p>\n\n\n\n<p>Foi por esse motivo que a m\u00e3e, Kariana Romero, compareceu ao Dia D para realizar a matr\u00edcula das filhas no nono e sexto ano do ensino fundamental II. \u201cEu prefiro fazer tudo pessoalmente. No on-line tem muitos detalhes e para mim, vir presencialmente \u00e9 mais f\u00e1cil\u201d, contou Karina.&nbsp;<\/p>\n\n\n\n<h2 class=\"wp-block-heading\"><strong>Servi\u00e7os Dispon\u00edveis<\/strong><\/h2>\n\n\n\n<p>No \u00faltimo domingo, todo o suporte para as quest\u00f5es que envolvem o sistema de rematr\u00edcula foi disponibilizado aos pais e respons\u00e1veis. Alguns j\u00e1 sanavam suas d\u00favidas no pr\u00f3prio atendimento, que realizava uma triagem e, quando necess\u00e1rio,  encaminhava os pais aos setores de plant\u00e3o.<\/p>\n\n\n\n<p>Segundo o administrador do campus, Paulo Monarim, \u00e9 importante que os pais adiantem esse processo de matr\u00edcula e rematr\u00edcula por conta do encerramento das vagas. \u201cPrecisamos que tudo esteja regularizado at\u00e9 o in\u00edcio das aulas, dia 23 de janeiro. O Dia D d\u00e1 essa oportunidade aos veteranos para que os pais possam se planejar e n\u00e3o corram o risco de perder a vaga, a turma e o turno desejados\u201d, concluiu Monarim.<\/p>\n\n\n\n<figure class=\"wp-block-image size-large\"><img loading=\"lazy\" decoding=\"async\" width=\"1024\" height=\"682\" src=\"https:\/\/cdn.unasp.br\/unasp-noticias\/2022\/10\/19123405\/WhatsApp-Image-2022-10-16-at-20.04.30-1024x682.jpeg\" alt=\"Nos degraus de uma escada toda Equipe de atendimento do Dia D\" class=\"wp-image-99075\" srcset=\"https:\/\/cdn.unasp.br\/unasp-noticias\/2022\/10\/19123405\/WhatsApp-Image-2022-10-16-at-20.04.30-1024x682.jpeg 1024w, https:\/\/cdn.unasp.br\/unasp-noticias\/2022\/10\/19123405\/WhatsApp-Image-2022-10-16-at-20.04.30-300x200.jpeg 300w, https:\/\/cdn.unasp.br\/unasp-noticias\/2022\/10\/19123405\/WhatsApp-Image-2022-10-16-at-20.04.30-768x512.jpeg 768w, https:\/\/cdn.unasp.br\/unasp-noticias\/2022\/10\/19123405\/WhatsApp-Image-2022-10-16-at-20.04.30-1536x1023.jpeg 1536w, https:\/\/cdn.unasp.br\/unasp-noticias\/2022\/10\/19123405\/WhatsApp-Image-2022-10-16-at-20.04.30-901x600.jpeg 901w, https:\/\/cdn.unasp.br\/unasp-noticias\/2022\/10\/19123405\/WhatsApp-Image-2022-10-16-at-20.04.30-1201x800.jpeg 1201w, https:\/\/cdn.unasp.br\/unasp-noticias\/2022\/10\/19123405\/WhatsApp-Image-2022-10-16-at-20.04.30-1081x720.jpeg 1081w, https:\/\/cdn.unasp.br\/unasp-noticias\/2022\/10\/19123405\/WhatsApp-Image-2022-10-16-at-20.04.30-800x533.jpeg 800w, https:\/\/cdn.unasp.br\/unasp-noticias\/2022\/10\/19123405\/WhatsApp-Image-2022-10-16-at-20.04.30-750x500.jpeg 750w, https:\/\/cdn.unasp.br\/unasp-noticias\/2022\/10\/19123405\/WhatsApp-Image-2022-10-16-at-20.04.30-720x480.jpeg 720w, https:\/\/cdn.unasp.br\/unasp-noticias\/2022\/10\/19123405\/WhatsApp-Image-2022-10-16-at-20.04.30-420x280.jpeg 420w, https:\/\/cdn.unasp.br\/unasp-noticias\/2022\/10\/19123405\/WhatsApp-Image-2022-10-16-at-20.04.30-500x333.jpeg 500w, https:\/\/cdn.unasp.br\/unasp-noticias\/2022\/10\/19123405\/WhatsApp-Image-2022-10-16-at-20.04.30-400x267.jpeg 400w, https:\/\/cdn.unasp.br\/unasp-noticias\/2022\/10\/19123405\/WhatsApp-Image-2022-10-16-at-20.04.30-225x150.jpeg 225w, https:\/\/cdn.unasp.br\/unasp-noticias\/2022\/10\/19123405\/WhatsApp-Image-2022-10-16-at-20.04.30-175x117.jpeg 175w, https:\/\/cdn.unasp.br\/unasp-noticias\/2022\/10\/19123405\/WhatsApp-Image-2022-10-16-at-20.04.30-200x133.jpeg 200w, https:\/\/cdn.unasp.br\/unasp-noticias\/2022\/10\/19123405\/WhatsApp-Image-2022-10-16-at-20.04.30-675x450.jpeg 675w, https:\/\/cdn.unasp.br\/unasp-noticias\/2022\/10\/19123405\/WhatsApp-Image-2022-10-16-at-20.04.30-390x260.jpeg 390w, https:\/\/cdn.unasp.br\/unasp-noticias\/2022\/10\/19123405\/WhatsApp-Image-2022-10-16-at-20.04.30.jpeg 1600w\" sizes=\"(max-width: 1024px) 100vw, 1024px\" \/><figcaption>Colaboradores do Col\u00e9gio UNASP campus Hortol\u00e2ndia fizeram um plant\u00e3o para ajudarem os pais na rematr\u00edcula. <\/figcaption><\/figure>\n\n\n\n<h2 class=\"wp-block-heading\">Matr\u00edculas 2023<\/h2>\n\n\n\n<p>Os interessados em matricular seus filhos no Col\u00e9gio UNASP campus Hortol\u00e2ndia podem agendar uma visita clicando <a href=\"https:\/\/appagenda.apprubeus.com.br\/colegio-ht\/agenda\/etapa1\" target=\"_blank\" rel=\"noreferrer noopener\">neste link.<\/a>  J\u00e1 os alunos veteranos podem concluir sua matr\u00edcula <a href=\"http:\/\/go.unasp.br\/rematricula-colegio\" target=\"_blank\" rel=\"noreferrer noopener\">clicando aqui.<\/a><\/p>\n\n\n\n<p>Para tirar d\u00favidas sobre turmas e valores \u00e9 poss\u00edvel falar com o atendimento por WhatsApp atrav\u00e9s do <strong><em><mark style=\"background-color:rgba(0, 0, 0, 0)\" class=\"has-inline-color has-luminous-vivid-orange-color\">0800 948 0048<\/mark><\/em><\/strong><\/p>\n","protected":false},"excerpt":{"rendered":"<p>Com novo formato o Dia D personalizou o atendimento aos pais, auxiliando presencialmente apenas as pessoas que n\u00e3o conseguiram concluir a rematr\u00edcula on-line.<\/p>\n","protected":false},"author":73,"featured_media":99075,"comment_status":"closed","ping_status":"open","sticky":false,"template":"","format":"standard","meta":{"footnotes":""},"categories":[6],"tags":[],"yoast_head":"<!-- This site is optimized with the Yoast SEO plugin v23.5 - https:\/\/yoast.com\/wordpress\/plugins\/seo\/ -->\n<title>Dia D \u00a0j\u00e1 preencheu 82% das vagas do Col\u00e9gio UNASP Hortol\u00e2ndia para 2023 - UNASP Noticias<\/title>\n<meta name=\"description\" content=\"O Dia D do Col\u00e9gio UNASP garantiu vagas para 2023 com descontos de 70, atendendo estudantes de Hortol\u00e2ndia e regi\u00e3o.\" \/>\n<meta name=\"robots\" content=\"index, follow, max-snippet:-1, max-image-preview:large, max-video-preview:-1\" \/>\n<link rel=\"canonical\" href=\"https:\/\/unasp.br\/noticias\/dia-d-ja-preencheu-82-das-vagas-do-colegio-unasp-hortolandia-para-2023\/\" \/>\n<meta property=\"og:locale\" content=\"pt_BR\" \/>\n<meta property=\"og:type\" content=\"article\" \/>\n<meta property=\"og:title\" content=\"Dia D \u00a0j\u00e1 preencheu 82% das vagas do Col\u00e9gio UNASP Hortol\u00e2ndia para 2023 - UNASP Noticias\" \/>\n<meta property=\"og:description\" content=\"O Dia D do Col\u00e9gio UNASP garantiu vagas para 2023 com descontos de 70, atendendo estudantes de Hortol\u00e2ndia e regi\u00e3o.\" \/>\n<meta property=\"og:url\" content=\"https:\/\/unasp.br\/noticias\/dia-d-ja-preencheu-82-das-vagas-do-colegio-unasp-hortolandia-para-2023\/\" \/>\n<meta property=\"og:site_name\" content=\"UNASP Noticias\" \/>\n<meta property=\"article:published_time\" content=\"2022-10-19T18:59:44+00:00\" \/>\n<meta property=\"article:modified_time\" content=\"2022-10-19T18:59:45+00:00\" \/>\n<meta property=\"og:image\" content=\"https:\/\/cdn.unasp.br\/unasp-noticias\/2022\/10\/19123405\/WhatsApp-Image-2022-10-16-at-20.04.30.jpeg\" \/>\n\t<meta property=\"og:image:width\" content=\"1600\" \/>\n\t<meta property=\"og:image:height\" content=\"1066\" \/>\n\t<meta property=\"og:image:type\" content=\"image\/jpeg\" \/>\n<meta name=\"author\" content=\"Maria da Gl\u00f3ria Marques de Paula Barreto\" \/>\n<meta name=\"twitter:card\" content=\"summary_large_image\" \/>\n<meta name=\"twitter:label1\" content=\"Escrito por\" \/>\n\t<meta name=\"twitter:data1\" content=\"Maria da Gl\u00f3ria Marques de Paula Barreto\" \/>\n\t<meta name=\"twitter:label2\" content=\"Est. tempo de leitura\" \/>\n\t<meta name=\"twitter:data2\" content=\"4 minutos\" \/>\n<script type=\"application\/ld+json\" class=\"yoast-schema-graph\">{\"@context\":\"https:\/\/schema.org\",\"@graph\":[{\"@type\":\"Article\",\"@id\":\"https:\/\/unasp.br\/noticias\/dia-d-ja-preencheu-82-das-vagas-do-colegio-unasp-hortolandia-para-2023\/#article\",\"isPartOf\":{\"@id\":\"https:\/\/unasp.br\/noticias\/dia-d-ja-preencheu-82-das-vagas-do-colegio-unasp-hortolandia-para-2023\/\"},\"author\":{\"name\":\"Maria da Gl\u00f3ria Marques de Paula Barreto\",\"@id\":\"https:\/\/unasp.br\/noticias\/#\/schema\/person\/f3393a032491eabc46fadb3656375334\"},\"headline\":\"Dia D \u00a0j\u00e1 preencheu 82% das vagas do Col\u00e9gio UNASP Hortol\u00e2ndia para 2023\",\"datePublished\":\"2022-10-19T18:59:44+00:00\",\"dateModified\":\"2022-10-19T18:59:45+00:00\",\"mainEntityOfPage\":{\"@id\":\"https:\/\/unasp.br\/noticias\/dia-d-ja-preencheu-82-das-vagas-do-colegio-unasp-hortolandia-para-2023\/\"},\"wordCount\":527,\"publisher\":{\"@id\":\"https:\/\/unasp.br\/noticias\/#organization\"},\"image\":{\"@id\":\"https:\/\/unasp.br\/noticias\/dia-d-ja-preencheu-82-das-vagas-do-colegio-unasp-hortolandia-para-2023\/#primaryimage\"},\"thumbnailUrl\":\"https:\/\/cdn.unasp.br\/unasp-noticias\/2022\/10\/19123405\/WhatsApp-Image-2022-10-16-at-20.04.30.jpeg\",\"articleSection\":[\"Acontece no UNASP\"],\"inLanguage\":\"pt-BR\"},{\"@type\":\"WebPage\",\"@id\":\"https:\/\/unasp.br\/noticias\/dia-d-ja-preencheu-82-das-vagas-do-colegio-unasp-hortolandia-para-2023\/\",\"url\":\"https:\/\/unasp.br\/noticias\/dia-d-ja-preencheu-82-das-vagas-do-colegio-unasp-hortolandia-para-2023\/\",\"name\":\"Dia D \u00a0j\u00e1 preencheu 82% das vagas do Col\u00e9gio UNASP Hortol\u00e2ndia para 2023 - UNASP Noticias\",\"isPartOf\":{\"@id\":\"https:\/\/unasp.br\/noticias\/#website\"},\"primaryImageOfPage\":{\"@id\":\"https:\/\/unasp.br\/noticias\/dia-d-ja-preencheu-82-das-vagas-do-colegio-unasp-hortolandia-para-2023\/#primaryimage\"},\"image\":{\"@id\":\"https:\/\/unasp.br\/noticias\/dia-d-ja-preencheu-82-das-vagas-do-colegio-unasp-hortolandia-para-2023\/#primaryimage\"},\"thumbnailUrl\":\"https:\/\/cdn.unasp.br\/unasp-noticias\/2022\/10\/19123405\/WhatsApp-Image-2022-10-16-at-20.04.30.jpeg\",\"datePublished\":\"2022-10-19T18:59:44+00:00\",\"dateModified\":\"2022-10-19T18:59:45+00:00\",\"description\":\"O Dia D do Col\u00e9gio UNASP garantiu vagas para 2023 com descontos de 70, atendendo estudantes de Hortol\u00e2ndia e regi\u00e3o.\",\"breadcrumb\":{\"@id\":\"https:\/\/unasp.br\/noticias\/dia-d-ja-preencheu-82-das-vagas-do-colegio-unasp-hortolandia-para-2023\/#breadcrumb\"},\"inLanguage\":\"pt-BR\",\"potentialAction\":[{\"@type\":\"ReadAction\",\"target\":[\"https:\/\/unasp.br\/noticias\/dia-d-ja-preencheu-82-das-vagas-do-colegio-unasp-hortolandia-para-2023\/\"]}]},{\"@type\":\"ImageObject\",\"inLanguage\":\"pt-BR\",\"@id\":\"https:\/\/unasp.br\/noticias\/dia-d-ja-preencheu-82-das-vagas-do-colegio-unasp-hortolandia-para-2023\/#primaryimage\",\"url\":\"https:\/\/cdn.unasp.br\/unasp-noticias\/2022\/10\/19123405\/WhatsApp-Image-2022-10-16-at-20.04.30.jpeg\",\"contentUrl\":\"https:\/\/cdn.unasp.br\/unasp-noticias\/2022\/10\/19123405\/WhatsApp-Image-2022-10-16-at-20.04.30.jpeg\",\"width\":1600,\"height\":1066,\"caption\":\"Colaboradores do Col\u00e9gio UNASP campus Hortol\u00e2ndia fizeram um plant\u00e3o para ajudarem os pais na rematr\u00edcula.\"},{\"@type\":\"BreadcrumbList\",\"@id\":\"https:\/\/unasp.br\/noticias\/dia-d-ja-preencheu-82-das-vagas-do-colegio-unasp-hortolandia-para-2023\/#breadcrumb\",\"itemListElement\":[{\"@type\":\"ListItem\",\"position\":1,\"name\":\"In\u00edcio\",\"item\":\"https:\/\/unasp.br\/noticias\/\"},{\"@type\":\"ListItem\",\"position\":2,\"name\":\"Dia D \u00a0j\u00e1 preencheu 82% das vagas do Col\u00e9gio UNASP Hortol\u00e2ndia para 2023\"}]},{\"@type\":\"WebSite\",\"@id\":\"https:\/\/unasp.br\/noticias\/#website\",\"url\":\"https:\/\/unasp.br\/noticias\/\",\"name\":\"UNASP Noticias\",\"description\":\"Centro Universit\u00e1rio Adventista de S\u00e3o Paulo\",\"publisher\":{\"@id\":\"https:\/\/unasp.br\/noticias\/#organization\"},\"potentialAction\":[{\"@type\":\"SearchAction\",\"target\":{\"@type\":\"EntryPoint\",\"urlTemplate\":\"https:\/\/unasp.br\/noticias\/?s={search_term_string}\"},\"query-input\":{\"@type\":\"PropertyValueSpecification\",\"valueRequired\":true,\"valueName\":\"search_term_string\"}}],\"inLanguage\":\"pt-BR\"},{\"@type\":\"Organization\",\"@id\":\"https:\/\/unasp.br\/noticias\/#organization\",\"name\":\"UNASP Noticias\",\"url\":\"https:\/\/unasp.br\/noticias\/\",\"logo\":{\"@type\":\"ImageObject\",\"inLanguage\":\"pt-BR\",\"@id\":\"https:\/\/unasp.br\/noticias\/#\/schema\/logo\/image\/\",\"url\":\"https:\/\/cdn.unasp.br\/noticias\/wp-content\/uploads\/2021\/09\/09152724\/logo-unasp-news.png\",\"contentUrl\":\"https:\/\/cdn.unasp.br\/noticias\/wp-content\/uploads\/2021\/09\/09152724\/logo-unasp-news.png\",\"width\":240,\"height\":41,\"caption\":\"UNASP Noticias\"},\"image\":{\"@id\":\"https:\/\/unasp.br\/noticias\/#\/schema\/logo\/image\/\"}},{\"@type\":\"Person\",\"@id\":\"https:\/\/unasp.br\/noticias\/#\/schema\/person\/f3393a032491eabc46fadb3656375334\",\"name\":\"Maria da Gl\u00f3ria Marques de Paula Barreto\",\"image\":{\"@type\":\"ImageObject\",\"inLanguage\":\"pt-BR\",\"@id\":\"https:\/\/unasp.br\/noticias\/#\/schema\/person\/image\/\",\"url\":\"https:\/\/secure.gravatar.com\/avatar\/3c23babfa2a847f4ce1e1403fe341fa3?s=96&d=mm&r=g\",\"contentUrl\":\"https:\/\/secure.gravatar.com\/avatar\/3c23babfa2a847f4ce1e1403fe341fa3?s=96&d=mm&r=g\",\"caption\":\"Maria da Gl\u00f3ria Marques de Paula Barreto\"},\"url\":\"https:\/\/unasp.br\/noticias\/author\/gloria-barretoadventistas-org\/\"}]}<\/script>\n<!-- \/ Yoast SEO plugin. -->","yoast_head_json":{"title":"Dia D \u00a0j\u00e1 preencheu 82% das vagas do Col\u00e9gio UNASP Hortol\u00e2ndia para 2023 - UNASP Noticias","description":"O Dia D do Col\u00e9gio UNASP garantiu vagas para 2023 com descontos de 70, atendendo estudantes de Hortol\u00e2ndia e regi\u00e3o.","robots":{"index":"index","follow":"follow","max-snippet":"max-snippet:-1","max-image-preview":"max-image-preview:large","max-video-preview":"max-video-preview:-1"},"canonical":"https:\/\/unasp.br\/noticias\/dia-d-ja-preencheu-82-das-vagas-do-colegio-unasp-hortolandia-para-2023\/","og_locale":"pt_BR","og_type":"article","og_title":"Dia D \u00a0j\u00e1 preencheu 82% das vagas do Col\u00e9gio UNASP Hortol\u00e2ndia para 2023 - UNASP Noticias","og_description":"O Dia D do Col\u00e9gio UNASP garantiu vagas para 2023 com descontos de 70, atendendo estudantes de Hortol\u00e2ndia e regi\u00e3o.","og_url":"https:\/\/unasp.br\/noticias\/dia-d-ja-preencheu-82-das-vagas-do-colegio-unasp-hortolandia-para-2023\/","og_site_name":"UNASP Noticias","article_published_time":"2022-10-19T18:59:44+00:00","article_modified_time":"2022-10-19T18:59:45+00:00","og_image":[{"width":1600,"height":1066,"url":"https:\/\/cdn.unasp.br\/unasp-noticias\/2022\/10\/19123405\/WhatsApp-Image-2022-10-16-at-20.04.30.jpeg","type":"image\/jpeg"}],"author":"Maria da Gl\u00f3ria Marques de Paula Barreto","twitter_card":"summary_large_image","twitter_misc":{"Escrito por":"Maria da Gl\u00f3ria Marques de Paula Barreto","Est. tempo de leitura":"4 minutos"},"schema":{"@context":"https:\/\/schema.org","@graph":[{"@type":"Article","@id":"https:\/\/unasp.br\/noticias\/dia-d-ja-preencheu-82-das-vagas-do-colegio-unasp-hortolandia-para-2023\/#article","isPartOf":{"@id":"https:\/\/unasp.br\/noticias\/dia-d-ja-preencheu-82-das-vagas-do-colegio-unasp-hortolandia-para-2023\/"},"author":{"name":"Maria da Gl\u00f3ria Marques de Paula Barreto","@id":"https:\/\/unasp.br\/noticias\/#\/schema\/person\/f3393a032491eabc46fadb3656375334"},"headline":"Dia D \u00a0j\u00e1 preencheu 82% das vagas do Col\u00e9gio UNASP Hortol\u00e2ndia para 2023","datePublished":"2022-10-19T18:59:44+00:00","dateModified":"2022-10-19T18:59:45+00:00","mainEntityOfPage":{"@id":"https:\/\/unasp.br\/noticias\/dia-d-ja-preencheu-82-das-vagas-do-colegio-unasp-hortolandia-para-2023\/"},"wordCount":527,"publisher":{"@id":"https:\/\/unasp.br\/noticias\/#organization"},"image":{"@id":"https:\/\/unasp.br\/noticias\/dia-d-ja-preencheu-82-das-vagas-do-colegio-unasp-hortolandia-para-2023\/#primaryimage"},"thumbnailUrl":"https:\/\/cdn.unasp.br\/unasp-noticias\/2022\/10\/19123405\/WhatsApp-Image-2022-10-16-at-20.04.30.jpeg","articleSection":["Acontece no UNASP"],"inLanguage":"pt-BR"},{"@type":"WebPage","@id":"https:\/\/unasp.br\/noticias\/dia-d-ja-preencheu-82-das-vagas-do-colegio-unasp-hortolandia-para-2023\/","url":"https:\/\/unasp.br\/noticias\/dia-d-ja-preencheu-82-das-vagas-do-colegio-unasp-hortolandia-para-2023\/","name":"Dia D \u00a0j\u00e1 preencheu 82% das vagas do Col\u00e9gio UNASP Hortol\u00e2ndia para 2023 - UNASP Noticias","isPartOf":{"@id":"https:\/\/unasp.br\/noticias\/#website"},"primaryImageOfPage":{"@id":"https:\/\/unasp.br\/noticias\/dia-d-ja-preencheu-82-das-vagas-do-colegio-unasp-hortolandia-para-2023\/#primaryimage"},"image":{"@id":"https:\/\/unasp.br\/noticias\/dia-d-ja-preencheu-82-das-vagas-do-colegio-unasp-hortolandia-para-2023\/#primaryimage"},"thumbnailUrl":"https:\/\/cdn.unasp.br\/unasp-noticias\/2022\/10\/19123405\/WhatsApp-Image-2022-10-16-at-20.04.30.jpeg","datePublished":"2022-10-19T18:59:44+00:00","dateModified":"2022-10-19T18:59:45+00:00","description":"O Dia D do Col\u00e9gio UNASP garantiu vagas para 2023 com descontos de 70, atendendo estudantes de Hortol\u00e2ndia e regi\u00e3o.","breadcrumb":{"@id":"https:\/\/unasp.br\/noticias\/dia-d-ja-preencheu-82-das-vagas-do-colegio-unasp-hortolandia-para-2023\/#breadcrumb"},"inLanguage":"pt-BR","potentialAction":[{"@type":"ReadAction","target":["https:\/\/unasp.br\/noticias\/dia-d-ja-preencheu-82-das-vagas-do-colegio-unasp-hortolandia-para-2023\/"]}]},{"@type":"ImageObject","inLanguage":"pt-BR","@id":"https:\/\/unasp.br\/noticias\/dia-d-ja-preencheu-82-das-vagas-do-colegio-unasp-hortolandia-para-2023\/#primaryimage","url":"https:\/\/cdn.unasp.br\/unasp-noticias\/2022\/10\/19123405\/WhatsApp-Image-2022-10-16-at-20.04.30.jpeg","contentUrl":"https:\/\/cdn.unasp.br\/unasp-noticias\/2022\/10\/19123405\/WhatsApp-Image-2022-10-16-at-20.04.30.jpeg","width":1600,"height":1066,"caption":"Colaboradores do Col\u00e9gio UNASP campus Hortol\u00e2ndia fizeram um plant\u00e3o para ajudarem os pais na rematr\u00edcula."},{"@type":"BreadcrumbList","@id":"https:\/\/unasp.br\/noticias\/dia-d-ja-preencheu-82-das-vagas-do-colegio-unasp-hortolandia-para-2023\/#breadcrumb","itemListElement":[{"@type":"ListItem","position":1,"name":"In\u00edcio","item":"https:\/\/unasp.br\/noticias\/"},{"@type":"ListItem","position":2,"name":"Dia D \u00a0j\u00e1 preencheu 82% das vagas do Col\u00e9gio UNASP Hortol\u00e2ndia para 2023"}]},{"@type":"WebSite","@id":"https:\/\/unasp.br\/noticias\/#website","url":"https:\/\/unasp.br\/noticias\/","name":"UNASP Noticias","description":"Centro Universit\u00e1rio Adventista de S\u00e3o Paulo","publisher":{"@id":"https:\/\/unasp.br\/noticias\/#organization"},"potentialAction":[{"@type":"SearchAction","target":{"@type":"EntryPoint","urlTemplate":"https:\/\/unasp.br\/noticias\/?s={search_term_string}"},"query-input":{"@type":"PropertyValueSpecification","valueRequired":true,"valueName":"search_term_string"}}],"inLanguage":"pt-BR"},{"@type":"Organization","@id":"https:\/\/unasp.br\/noticias\/#organization","name":"UNASP Noticias","url":"https:\/\/unasp.br\/noticias\/","logo":{"@type":"ImageObject","inLanguage":"pt-BR","@id":"https:\/\/unasp.br\/noticias\/#\/schema\/logo\/image\/","url":"https:\/\/cdn.unasp.br\/noticias\/wp-content\/uploads\/2021\/09\/09152724\/logo-unasp-news.png","contentUrl":"https:\/\/cdn.unasp.br\/noticias\/wp-content\/uploads\/2021\/09\/09152724\/logo-unasp-news.png","width":240,"height":41,"caption":"UNASP Noticias"},"image":{"@id":"https:\/\/unasp.br\/noticias\/#\/schema\/logo\/image\/"}},{"@type":"Person","@id":"https:\/\/unasp.br\/noticias\/#\/schema\/person\/f3393a032491eabc46fadb3656375334","name":"Maria da Gl\u00f3ria Marques de Paula Barreto","image":{"@type":"ImageObject","inLanguage":"pt-BR","@id":"https:\/\/unasp.br\/noticias\/#\/schema\/person\/image\/","url":"https:\/\/secure.gravatar.com\/avatar\/3c23babfa2a847f4ce1e1403fe341fa3?s=96&d=mm&r=g","contentUrl":"https:\/\/secure.gravatar.com\/avatar\/3c23babfa2a847f4ce1e1403fe341fa3?s=96&d=mm&r=g","caption":"Maria da Gl\u00f3ria Marques de Paula Barreto"},"url":"https:\/\/unasp.br\/noticias\/author\/gloria-barretoadventistas-org\/"}]}},"_links":{"self":[{"href":"https:\/\/unasp.br\/noticias\/wp-json\/wp\/v2\/posts\/99071"}],"collection":[{"href":"https:\/\/unasp.br\/noticias\/wp-json\/wp\/v2\/posts"}],"about":[{"href":"https:\/\/unasp.br\/noticias\/wp-json\/wp\/v2\/types\/post"}],"author":[{"embeddable":true,"href":"https:\/\/unasp.br\/noticias\/wp-json\/wp\/v2\/users\/73"}],"replies":[{"embeddable":true,"href":"https:\/\/unasp.br\/noticias\/wp-json\/wp\/v2\/comments?post=99071"}],"version-history":[{"count":5,"href":"https:\/\/unasp.br\/noticias\/wp-json\/wp\/v2\/posts\/99071\/revisions"}],"predecessor-version":[{"id":99079,"href":"https:\/\/unasp.br\/noticias\/wp-json\/wp\/v2\/posts\/99071\/revisions\/99079"}],"wp:featuredmedia":[{"embeddable":true,"href":"https:\/\/unasp.br\/noticias\/wp-json\/wp\/v2\/media\/99075"}],"wp:attachment":[{"href":"https:\/\/unasp.br\/noticias\/wp-json\/wp\/v2\/media?parent=99071"}],"wp:term":[{"taxonomy":"category","embeddable":true,"href":"https:\/\/unasp.br\/noticias\/wp-json\/wp\/v2\/categories?post=99071"},{"taxonomy":"post_tag","embeddable":true,"href":"https:\/\/unasp.br\/noticias\/wp-json\/wp\/v2\/tags?post=99071"}],"curies":[{"name":"wp","href":"https:\/\/api.w.org\/{rel}","templated":true}]}}