{"id":99082,"date":"2022-10-20T18:06:09","date_gmt":"2022-10-20T21:06:09","guid":{"rendered":"https:\/\/unasp.br\/noticias\/?p=99082"},"modified":"2022-10-21T15:53:58","modified_gmt":"2022-10-21T18:53:58","slug":"semana-das-criancas-e-marcada-por-arrecadacao-de-alimentos","status":"publish","type":"post","link":"https:\/\/unasp.br\/noticias\/semana-das-criancas-e-marcada-por-arrecadacao-de-alimentos\/","title":{"rendered":"Semana das crian\u00e7as \u00e9 marcada por arrecada\u00e7\u00e3o de alimentos"},"content":{"rendered":"\n<p>Na semana das crian\u00e7as, os alunos da Educa\u00e7\u00e3o Infantil e do Ensino Fundamental I do <a href=\"https:\/\/colegio.unasp.br\/unidade-sao-paulo\/\">Col\u00e9gio UNASP<\/a>, unidade S\u00e3o Paulo, vivenciaram momentos especiais. As atividades aconteceram na \u00faltima semana, entre os dias 10 a 14 de setembro, com jogos, arrecada\u00e7\u00e3o de alimentos e muito aprendizado<\/p>\n\n\n\n<p>Durante a semana os alunos receberam algod\u00e3o doce, pipoca, picol\u00e9, mas o maior presente foi poder ajudar ao pr\u00f3ximo. Com a influ\u00eancia dos professores e a disposi\u00e7\u00e3o dos alunos do Fundamental I, foram arrecadados ao todo duas toneladas de alimentos que ser\u00e3o doados ao Centro de Apoio \u00e0 Crian\u00e7a com C\u00e2ncer.<\/p>\n\n\n\n<figure class=\"wp-block-image size-large\"><img loading=\"lazy\" decoding=\"async\" width=\"1024\" height=\"683\" src=\"https:\/\/cdn.unasp.br\/unasp-noticias\/2022\/10\/19141103\/IMG_1562-1024x683.jpg\" alt=\"\" class=\"wp-image-99083\" srcset=\"https:\/\/cdn.unasp.br\/unasp-noticias\/2022\/10\/19141103\/IMG_1562-1024x683.jpg 1024w, https:\/\/cdn.unasp.br\/unasp-noticias\/2022\/10\/19141103\/IMG_1562-300x200.jpg 300w, https:\/\/cdn.unasp.br\/unasp-noticias\/2022\/10\/19141103\/IMG_1562-768x512.jpg 768w, https:\/\/cdn.unasp.br\/unasp-noticias\/2022\/10\/19141103\/IMG_1562-1536x1024.jpg 1536w, https:\/\/cdn.unasp.br\/unasp-noticias\/2022\/10\/19141103\/IMG_1562-900x600.jpg 900w, https:\/\/cdn.unasp.br\/unasp-noticias\/2022\/10\/19141103\/IMG_1562-1200x800.jpg 1200w, https:\/\/cdn.unasp.br\/unasp-noticias\/2022\/10\/19141103\/IMG_1562-1080x720.jpg 1080w, https:\/\/cdn.unasp.br\/unasp-noticias\/2022\/10\/19141103\/IMG_1562-800x533.jpg 800w, https:\/\/cdn.unasp.br\/unasp-noticias\/2022\/10\/19141103\/IMG_1562-750x500.jpg 750w, https:\/\/cdn.unasp.br\/unasp-noticias\/2022\/10\/19141103\/IMG_1562-720x480.jpg 720w, https:\/\/cdn.unasp.br\/unasp-noticias\/2022\/10\/19141103\/IMG_1562-420x280.jpg 420w, https:\/\/cdn.unasp.br\/unasp-noticias\/2022\/10\/19141103\/IMG_1562-500x333.jpg 500w, https:\/\/cdn.unasp.br\/unasp-noticias\/2022\/10\/19141103\/IMG_1562-400x267.jpg 400w, https:\/\/cdn.unasp.br\/unasp-noticias\/2022\/10\/19141103\/IMG_1562-225x150.jpg 225w, https:\/\/cdn.unasp.br\/unasp-noticias\/2022\/10\/19141103\/IMG_1562-175x117.jpg 175w, https:\/\/cdn.unasp.br\/unasp-noticias\/2022\/10\/19141103\/IMG_1562-200x133.jpg 200w, https:\/\/cdn.unasp.br\/unasp-noticias\/2022\/10\/19141103\/IMG_1562-675x450.jpg 675w, https:\/\/cdn.unasp.br\/unasp-noticias\/2022\/10\/19141103\/IMG_1562-390x260.jpg 390w, https:\/\/cdn.unasp.br\/unasp-noticias\/2022\/10\/19141103\/IMG_1562.jpg 2048w\" sizes=\"(max-width: 1024px) 100vw, 1024px\" \/><\/figure>\n\n\n\n<h2 class=\"wp-block-heading\"><strong>UNASP baby<\/strong><\/h2>\n\n\n\n<p>A semana do dia da crian\u00e7a \u00e9 uma semana especial e esperada pelos alunos. Para a educa\u00e7\u00e3o infantil a coordenadora e as professoras prepararam uma semana com atividades diferentes para cada dia. Os alunos participaram caracterizados no dia do cabelo diferente, dia das fantasias e dia do pijama.<\/p>\n\n\n\n<h2 class=\"wp-block-heading\"><strong>Copa solid\u00e1ria<\/strong><\/h2>\n\n\n\n<p>Para as turmas do Fundamental I o que marcou a semana foi a Copa solid\u00e1ria. Cada classe representou uma das sele\u00e7\u00f5es classificadas para a copa do mundo. De forma espont\u00e2nea e com o apoio dos professores, os alunos realizaram uma acao social com doa\u00e7\u00f5es de alimentos. A soma de alimentos por equipe gerava pontos na competi\u00e7\u00e3o.<\/p>\n\n\n\n<p>\u201cA proposta da Copa Solid\u00e1ria \u00e9 realizar atividades que tivessem como centro a arrecada\u00e7\u00e3o de alimentos, al\u00e9m do trabalho em equipe, pensamento cr\u00edtico, resolu\u00e7\u00e3o de problemas e conhecimento gerais\u201d, conta o pastor capel\u00e3o da Educa\u00e7\u00e3o Infantil e do Ensino Fundamental I, Eu\u00e1leff Bruno.<\/p>\n\n\n\n<p>Os alunos do quarto e quinto ano do fundamental competiram nas modalidades de: futsal, queimada, corrida de revezamento, cabo de guerra, arremesso de bola e quiz de conhecimentos gerais, baseado no que est\u00e3o estudando em sala de aula.<\/p>\n\n\n\n<p>Os primeiros anos participaram de atividades recreativas para desenvolvimento motor e unidade de equipe. Exercendo o esp\u00edrito solid\u00e1rio e outras \u00e1reas como, mental, f\u00edsica e espiritual.<\/p>\n\n\n\n<p>Segundo o diretor disciplinar, Guilherme Peixoto, a Copa Solid\u00e1ria ativou sentidos f\u00edsicos e mentais que foram afetados pelo tempo da pandemia. \u201cN\u00f3s vimos que as crian\u00e7as conseguiram por meio das atividades devolverem a coordena\u00e7\u00e3o motora, reflexo e racioc\u00ednio l\u00f3gico que estavam defasadas pelos dois anos de isolamento. Tamb\u00e9m priorizamos os sentidos de responsabilidade, integridade, honestidade, trabalho em equipe, empatia e respeito ao pr\u00f3ximo\u201d, compartilha.<\/p>\n\n\n\n<p>\u201cTrabalhamos tamb\u00e9m a quest\u00e3o dos oito rem\u00e9dios naturais durante as atividades. Ingest\u00e3o de l\u00edquidos, exposi\u00e7\u00e3o \u00e0 luz solar, exerc\u00edcio f\u00edsico, respira\u00e7\u00e3o do ar puro, repouso e a parte da confian\u00e7a em Deus\u201d, complementa.<\/p>\n\n\n\n<figure class=\"wp-block-image size-large\"><img loading=\"lazy\" decoding=\"async\" width=\"1024\" height=\"683\" src=\"https:\/\/cdn.unasp.br\/unasp-noticias\/2022\/10\/20075955\/IMG_1656-1024x683.jpg\" alt=\"\" class=\"wp-image-99085\" srcset=\"https:\/\/cdn.unasp.br\/unasp-noticias\/2022\/10\/20075955\/IMG_1656-1024x683.jpg 1024w, https:\/\/cdn.unasp.br\/unasp-noticias\/2022\/10\/20075955\/IMG_1656-300x200.jpg 300w, https:\/\/cdn.unasp.br\/unasp-noticias\/2022\/10\/20075955\/IMG_1656-768x512.jpg 768w, https:\/\/cdn.unasp.br\/unasp-noticias\/2022\/10\/20075955\/IMG_1656-1536x1024.jpg 1536w, https:\/\/cdn.unasp.br\/unasp-noticias\/2022\/10\/20075955\/IMG_1656-900x600.jpg 900w, https:\/\/cdn.unasp.br\/unasp-noticias\/2022\/10\/20075955\/IMG_1656-1200x800.jpg 1200w, https:\/\/cdn.unasp.br\/unasp-noticias\/2022\/10\/20075955\/IMG_1656-1080x720.jpg 1080w, https:\/\/cdn.unasp.br\/unasp-noticias\/2022\/10\/20075955\/IMG_1656-800x533.jpg 800w, https:\/\/cdn.unasp.br\/unasp-noticias\/2022\/10\/20075955\/IMG_1656-750x500.jpg 750w, https:\/\/cdn.unasp.br\/unasp-noticias\/2022\/10\/20075955\/IMG_1656-720x480.jpg 720w, https:\/\/cdn.unasp.br\/unasp-noticias\/2022\/10\/20075955\/IMG_1656-420x280.jpg 420w, https:\/\/cdn.unasp.br\/unasp-noticias\/2022\/10\/20075955\/IMG_1656-500x333.jpg 500w, https:\/\/cdn.unasp.br\/unasp-noticias\/2022\/10\/20075955\/IMG_1656-400x267.jpg 400w, https:\/\/cdn.unasp.br\/unasp-noticias\/2022\/10\/20075955\/IMG_1656-225x150.jpg 225w, https:\/\/cdn.unasp.br\/unasp-noticias\/2022\/10\/20075955\/IMG_1656-175x117.jpg 175w, https:\/\/cdn.unasp.br\/unasp-noticias\/2022\/10\/20075955\/IMG_1656-200x133.jpg 200w, https:\/\/cdn.unasp.br\/unasp-noticias\/2022\/10\/20075955\/IMG_1656-675x450.jpg 675w, https:\/\/cdn.unasp.br\/unasp-noticias\/2022\/10\/20075955\/IMG_1656-390x260.jpg 390w, https:\/\/cdn.unasp.br\/unasp-noticias\/2022\/10\/20075955\/IMG_1656.jpg 2048w\" sizes=\"(max-width: 1024px) 100vw, 1024px\" \/><\/figure>\n\n\n\n<h2 class=\"wp-block-heading\"><strong>Doa\u00e7\u00e3o<\/strong><\/h2>\n\n\n\n<p>O lema da semana \u201ccrian\u00e7a ajudando crian\u00e7a\u201d foi pensado de forma que os estudantes desvinculem a ideia de competi\u00e7\u00e3o e priorizassem a ajuda ao pr\u00f3ximo.<\/p>\n\n\n\n<p>\u201cAl\u00e9m da competi\u00e7\u00e3o dos jogos eles puderam desenvolver habilidades de trabalho em equipe, companheirismo, uni\u00e3o, trabalharam juntos nas habilidades de forma espec\u00edfica, mas o foco central foi a doa\u00e7\u00e3o de alimentos\u201d, afirma Eu\u00e1lef.<br><br>Luigi de Melo, aluno do quinto ano do fundamental, arrecadou 286 kg de alimentos n\u00e3o perec\u00edveis. Com a ajuda dos pais ele se envolveu na miss\u00e3o, movimentando vizinhos e familiares nesse projeto. &#8220;Eu senti muita alegria e fiquei apavorado quando vi todos os alimentos que eu consegui arrecadar. Os orfanatos tem muitas crian\u00e7as e a partir das nossas brincadeiras n\u00f3s tamb\u00e9m conseguimos doar muitos alimentos&#8221;, ressalta.<\/p>\n\n\n\n<figure class=\"wp-block-image size-large\"><img loading=\"lazy\" decoding=\"async\" width=\"1024\" height=\"683\" src=\"https:\/\/cdn.unasp.br\/unasp-noticias\/2022\/10\/21081430\/IMG_1815-1024x683.jpg\" alt=\"\" class=\"wp-image-99108\" srcset=\"https:\/\/cdn.unasp.br\/unasp-noticias\/2022\/10\/21081430\/IMG_1815-1024x683.jpg 1024w, https:\/\/cdn.unasp.br\/unasp-noticias\/2022\/10\/21081430\/IMG_1815-300x200.jpg 300w, https:\/\/cdn.unasp.br\/unasp-noticias\/2022\/10\/21081430\/IMG_1815-768x512.jpg 768w, https:\/\/cdn.unasp.br\/unasp-noticias\/2022\/10\/21081430\/IMG_1815-1536x1024.jpg 1536w, https:\/\/cdn.unasp.br\/unasp-noticias\/2022\/10\/21081430\/IMG_1815-900x600.jpg 900w, https:\/\/cdn.unasp.br\/unasp-noticias\/2022\/10\/21081430\/IMG_1815-1200x800.jpg 1200w, https:\/\/cdn.unasp.br\/unasp-noticias\/2022\/10\/21081430\/IMG_1815-1080x720.jpg 1080w, https:\/\/cdn.unasp.br\/unasp-noticias\/2022\/10\/21081430\/IMG_1815-800x533.jpg 800w, https:\/\/cdn.unasp.br\/unasp-noticias\/2022\/10\/21081430\/IMG_1815-750x500.jpg 750w, https:\/\/cdn.unasp.br\/unasp-noticias\/2022\/10\/21081430\/IMG_1815-720x480.jpg 720w, https:\/\/cdn.unasp.br\/unasp-noticias\/2022\/10\/21081430\/IMG_1815-420x280.jpg 420w, https:\/\/cdn.unasp.br\/unasp-noticias\/2022\/10\/21081430\/IMG_1815-500x333.jpg 500w, https:\/\/cdn.unasp.br\/unasp-noticias\/2022\/10\/21081430\/IMG_1815-400x267.jpg 400w, https:\/\/cdn.unasp.br\/unasp-noticias\/2022\/10\/21081430\/IMG_1815-225x150.jpg 225w, https:\/\/cdn.unasp.br\/unasp-noticias\/2022\/10\/21081430\/IMG_1815-175x117.jpg 175w, https:\/\/cdn.unasp.br\/unasp-noticias\/2022\/10\/21081430\/IMG_1815-200x133.jpg 200w, https:\/\/cdn.unasp.br\/unasp-noticias\/2022\/10\/21081430\/IMG_1815-675x450.jpg 675w, https:\/\/cdn.unasp.br\/unasp-noticias\/2022\/10\/21081430\/IMG_1815-390x260.jpg 390w, https:\/\/cdn.unasp.br\/unasp-noticias\/2022\/10\/21081430\/IMG_1815.jpg 2048w\" sizes=\"(max-width: 1024px) 100vw, 1024px\" \/><\/figure>\n","protected":false},"excerpt":{"rendered":"<p>\u201cCrian\u00e7a ajudando crian\u00e7a\u201d foi o lema das atividades durante a semana<\/p>\n","protected":false},"author":72,"featured_media":99086,"comment_status":"closed","ping_status":"open","sticky":false,"template":"","format":"standard","meta":{"footnotes":""},"categories":[6],"tags":[259,3386,102,3385,60],"yoast_head":"<!-- This site is optimized with the Yoast SEO plugin v23.5 - https:\/\/yoast.com\/wordpress\/plugins\/seo\/ -->\n<title>Semana das crian\u00e7as \u00e9 marcada por arrecada\u00e7\u00e3o de alimentos - UNASP Noticias<\/title>\n<meta name=\"description\" content=\"Durante a Copa Solid\u00e1ria foram arrecadados duas toneladas de alimentos que ser\u00e3o doados ao Centro de Apoio \u00e0 Crian\u00e7a com C\u00e2ncer.\" \/>\n<meta name=\"robots\" content=\"index, follow, max-snippet:-1, max-image-preview:large, max-video-preview:-1\" \/>\n<link rel=\"canonical\" href=\"https:\/\/unasp.br\/noticias\/semana-das-criancas-e-marcada-por-arrecadacao-de-alimentos\/\" \/>\n<meta property=\"og:locale\" content=\"pt_BR\" \/>\n<meta property=\"og:type\" content=\"article\" \/>\n<meta property=\"og:title\" content=\"Semana das crian\u00e7as \u00e9 marcada por arrecada\u00e7\u00e3o de alimentos - UNASP Noticias\" \/>\n<meta property=\"og:description\" content=\"Durante a Copa Solid\u00e1ria foram arrecadados duas toneladas de alimentos que ser\u00e3o doados ao Centro de Apoio \u00e0 Crian\u00e7a com C\u00e2ncer.\" \/>\n<meta property=\"og:url\" content=\"https:\/\/unasp.br\/noticias\/semana-das-criancas-e-marcada-por-arrecadacao-de-alimentos\/\" \/>\n<meta property=\"og:site_name\" content=\"UNASP Noticias\" \/>\n<meta property=\"article:published_time\" content=\"2022-10-20T21:06:09+00:00\" \/>\n<meta property=\"article:modified_time\" content=\"2022-10-21T18:53:58+00:00\" \/>\n<meta property=\"og:image\" content=\"https:\/\/cdn.unasp.br\/unasp-noticias\/2022\/10\/20080041\/IMG_1694.jpg\" \/>\n\t<meta property=\"og:image:width\" content=\"2048\" \/>\n\t<meta property=\"og:image:height\" content=\"1365\" \/>\n\t<meta property=\"og:image:type\" content=\"image\/jpeg\" \/>\n<meta name=\"author\" content=\"Thais Fowler de Oliveira Schimmak\" \/>\n<meta name=\"twitter:card\" content=\"summary_large_image\" \/>\n<meta name=\"twitter:label1\" content=\"Escrito por\" \/>\n\t<meta name=\"twitter:data1\" content=\"Thais Fowler de Oliveira Schimmak\" \/>\n\t<meta name=\"twitter:label2\" content=\"Est. tempo de leitura\" \/>\n\t<meta name=\"twitter:data2\" content=\"4 minutos\" \/>\n<script type=\"application\/ld+json\" class=\"yoast-schema-graph\">{\"@context\":\"https:\/\/schema.org\",\"@graph\":[{\"@type\":\"Article\",\"@id\":\"https:\/\/unasp.br\/noticias\/semana-das-criancas-e-marcada-por-arrecadacao-de-alimentos\/#article\",\"isPartOf\":{\"@id\":\"https:\/\/unasp.br\/noticias\/semana-das-criancas-e-marcada-por-arrecadacao-de-alimentos\/\"},\"author\":{\"name\":\"Thais Fowler de Oliveira Schimmak\",\"@id\":\"https:\/\/unasp.br\/noticias\/#\/schema\/person\/12a35c1b0ad29e4b5f57a45236f754b9\"},\"headline\":\"Semana das crian\u00e7as \u00e9 marcada por arrecada\u00e7\u00e3o de alimentos\",\"datePublished\":\"2022-10-20T21:06:09+00:00\",\"dateModified\":\"2022-10-21T18:53:58+00:00\",\"mainEntityOfPage\":{\"@id\":\"https:\/\/unasp.br\/noticias\/semana-das-criancas-e-marcada-por-arrecadacao-de-alimentos\/\"},\"wordCount\":604,\"publisher\":{\"@id\":\"https:\/\/unasp.br\/noticias\/#organization\"},\"image\":{\"@id\":\"https:\/\/unasp.br\/noticias\/semana-das-criancas-e-marcada-por-arrecadacao-de-alimentos\/#primaryimage\"},\"thumbnailUrl\":\"https:\/\/cdn.unasp.br\/unasp-noticias\/2022\/10\/20080041\/IMG_1694.jpg\",\"keywords\":[\"Col\u00e9gio UNASP\",\"didascrian\u00e7as\",\"educa\u00e7\u00e3o\",\"semanadacrian\u00e7a\",\"UNASP\"],\"articleSection\":[\"Acontece no UNASP\"],\"inLanguage\":\"pt-BR\"},{\"@type\":\"WebPage\",\"@id\":\"https:\/\/unasp.br\/noticias\/semana-das-criancas-e-marcada-por-arrecadacao-de-alimentos\/\",\"url\":\"https:\/\/unasp.br\/noticias\/semana-das-criancas-e-marcada-por-arrecadacao-de-alimentos\/\",\"name\":\"Semana das crian\u00e7as \u00e9 marcada por arrecada\u00e7\u00e3o de alimentos - UNASP Noticias\",\"isPartOf\":{\"@id\":\"https:\/\/unasp.br\/noticias\/#website\"},\"primaryImageOfPage\":{\"@id\":\"https:\/\/unasp.br\/noticias\/semana-das-criancas-e-marcada-por-arrecadacao-de-alimentos\/#primaryimage\"},\"image\":{\"@id\":\"https:\/\/unasp.br\/noticias\/semana-das-criancas-e-marcada-por-arrecadacao-de-alimentos\/#primaryimage\"},\"thumbnailUrl\":\"https:\/\/cdn.unasp.br\/unasp-noticias\/2022\/10\/20080041\/IMG_1694.jpg\",\"datePublished\":\"2022-10-20T21:06:09+00:00\",\"dateModified\":\"2022-10-21T18:53:58+00:00\",\"description\":\"Durante a Copa Solid\u00e1ria foram arrecadados duas toneladas de alimentos que ser\u00e3o doados ao Centro de Apoio \u00e0 Crian\u00e7a com C\u00e2ncer.\",\"breadcrumb\":{\"@id\":\"https:\/\/unasp.br\/noticias\/semana-das-criancas-e-marcada-por-arrecadacao-de-alimentos\/#breadcrumb\"},\"inLanguage\":\"pt-BR\",\"potentialAction\":[{\"@type\":\"ReadAction\",\"target\":[\"https:\/\/unasp.br\/noticias\/semana-das-criancas-e-marcada-por-arrecadacao-de-alimentos\/\"]}]},{\"@type\":\"ImageObject\",\"inLanguage\":\"pt-BR\",\"@id\":\"https:\/\/unasp.br\/noticias\/semana-das-criancas-e-marcada-por-arrecadacao-de-alimentos\/#primaryimage\",\"url\":\"https:\/\/cdn.unasp.br\/unasp-noticias\/2022\/10\/20080041\/IMG_1694.jpg\",\"contentUrl\":\"https:\/\/cdn.unasp.br\/unasp-noticias\/2022\/10\/20080041\/IMG_1694.jpg\",\"width\":2048,\"height\":1365,\"caption\":\"copa solid\u00e1ria\"},{\"@type\":\"BreadcrumbList\",\"@id\":\"https:\/\/unasp.br\/noticias\/semana-das-criancas-e-marcada-por-arrecadacao-de-alimentos\/#breadcrumb\",\"itemListElement\":[{\"@type\":\"ListItem\",\"position\":1,\"name\":\"In\u00edcio\",\"item\":\"https:\/\/unasp.br\/noticias\/\"},{\"@type\":\"ListItem\",\"position\":2,\"name\":\"Semana das crian\u00e7as \u00e9 marcada por arrecada\u00e7\u00e3o de alimentos\"}]},{\"@type\":\"WebSite\",\"@id\":\"https:\/\/unasp.br\/noticias\/#website\",\"url\":\"https:\/\/unasp.br\/noticias\/\",\"name\":\"UNASP Noticias\",\"description\":\"Centro Universit\u00e1rio Adventista de S\u00e3o Paulo\",\"publisher\":{\"@id\":\"https:\/\/unasp.br\/noticias\/#organization\"},\"potentialAction\":[{\"@type\":\"SearchAction\",\"target\":{\"@type\":\"EntryPoint\",\"urlTemplate\":\"https:\/\/unasp.br\/noticias\/?s={search_term_string}\"},\"query-input\":{\"@type\":\"PropertyValueSpecification\",\"valueRequired\":true,\"valueName\":\"search_term_string\"}}],\"inLanguage\":\"pt-BR\"},{\"@type\":\"Organization\",\"@id\":\"https:\/\/unasp.br\/noticias\/#organization\",\"name\":\"UNASP Noticias\",\"url\":\"https:\/\/unasp.br\/noticias\/\",\"logo\":{\"@type\":\"ImageObject\",\"inLanguage\":\"pt-BR\",\"@id\":\"https:\/\/unasp.br\/noticias\/#\/schema\/logo\/image\/\",\"url\":\"https:\/\/cdn.unasp.br\/noticias\/wp-content\/uploads\/2021\/09\/09152724\/logo-unasp-news.png\",\"contentUrl\":\"https:\/\/cdn.unasp.br\/noticias\/wp-content\/uploads\/2021\/09\/09152724\/logo-unasp-news.png\",\"width\":240,\"height\":41,\"caption\":\"UNASP Noticias\"},\"image\":{\"@id\":\"https:\/\/unasp.br\/noticias\/#\/schema\/logo\/image\/\"}},{\"@type\":\"Person\",\"@id\":\"https:\/\/unasp.br\/noticias\/#\/schema\/person\/12a35c1b0ad29e4b5f57a45236f754b9\",\"name\":\"Thais Fowler de Oliveira Schimmak\",\"image\":{\"@type\":\"ImageObject\",\"inLanguage\":\"pt-BR\",\"@id\":\"https:\/\/unasp.br\/noticias\/#\/schema\/person\/image\/\",\"url\":\"https:\/\/secure.gravatar.com\/avatar\/73a0165b6170e6856ee1353d89761cdc?s=96&d=mm&r=g\",\"contentUrl\":\"https:\/\/secure.gravatar.com\/avatar\/73a0165b6170e6856ee1353d89761cdc?s=96&d=mm&r=g\",\"caption\":\"Thais Fowler de Oliveira Schimmak\"},\"url\":\"https:\/\/unasp.br\/noticias\/author\/thais-fowleradventistas-org\/\"}]}<\/script>\n<!-- \/ Yoast SEO plugin. -->","yoast_head_json":{"title":"Semana das crian\u00e7as \u00e9 marcada por arrecada\u00e7\u00e3o de alimentos - UNASP Noticias","description":"Durante a Copa Solid\u00e1ria foram arrecadados duas toneladas de alimentos que ser\u00e3o doados ao Centro de Apoio \u00e0 Crian\u00e7a com C\u00e2ncer.","robots":{"index":"index","follow":"follow","max-snippet":"max-snippet:-1","max-image-preview":"max-image-preview:large","max-video-preview":"max-video-preview:-1"},"canonical":"https:\/\/unasp.br\/noticias\/semana-das-criancas-e-marcada-por-arrecadacao-de-alimentos\/","og_locale":"pt_BR","og_type":"article","og_title":"Semana das crian\u00e7as \u00e9 marcada por arrecada\u00e7\u00e3o de alimentos - UNASP Noticias","og_description":"Durante a Copa Solid\u00e1ria foram arrecadados duas toneladas de alimentos que ser\u00e3o doados ao Centro de Apoio \u00e0 Crian\u00e7a com C\u00e2ncer.","og_url":"https:\/\/unasp.br\/noticias\/semana-das-criancas-e-marcada-por-arrecadacao-de-alimentos\/","og_site_name":"UNASP Noticias","article_published_time":"2022-10-20T21:06:09+00:00","article_modified_time":"2022-10-21T18:53:58+00:00","og_image":[{"width":2048,"height":1365,"url":"https:\/\/cdn.unasp.br\/unasp-noticias\/2022\/10\/20080041\/IMG_1694.jpg","type":"image\/jpeg"}],"author":"Thais Fowler de Oliveira Schimmak","twitter_card":"summary_large_image","twitter_misc":{"Escrito por":"Thais Fowler de Oliveira Schimmak","Est. tempo de leitura":"4 minutos"},"schema":{"@context":"https:\/\/schema.org","@graph":[{"@type":"Article","@id":"https:\/\/unasp.br\/noticias\/semana-das-criancas-e-marcada-por-arrecadacao-de-alimentos\/#article","isPartOf":{"@id":"https:\/\/unasp.br\/noticias\/semana-das-criancas-e-marcada-por-arrecadacao-de-alimentos\/"},"author":{"name":"Thais Fowler de Oliveira Schimmak","@id":"https:\/\/unasp.br\/noticias\/#\/schema\/person\/12a35c1b0ad29e4b5f57a45236f754b9"},"headline":"Semana das crian\u00e7as \u00e9 marcada por arrecada\u00e7\u00e3o de alimentos","datePublished":"2022-10-20T21:06:09+00:00","dateModified":"2022-10-21T18:53:58+00:00","mainEntityOfPage":{"@id":"https:\/\/unasp.br\/noticias\/semana-das-criancas-e-marcada-por-arrecadacao-de-alimentos\/"},"wordCount":604,"publisher":{"@id":"https:\/\/unasp.br\/noticias\/#organization"},"image":{"@id":"https:\/\/unasp.br\/noticias\/semana-das-criancas-e-marcada-por-arrecadacao-de-alimentos\/#primaryimage"},"thumbnailUrl":"https:\/\/cdn.unasp.br\/unasp-noticias\/2022\/10\/20080041\/IMG_1694.jpg","keywords":["Col\u00e9gio UNASP","didascrian\u00e7as","educa\u00e7\u00e3o","semanadacrian\u00e7a","UNASP"],"articleSection":["Acontece no UNASP"],"inLanguage":"pt-BR"},{"@type":"WebPage","@id":"https:\/\/unasp.br\/noticias\/semana-das-criancas-e-marcada-por-arrecadacao-de-alimentos\/","url":"https:\/\/unasp.br\/noticias\/semana-das-criancas-e-marcada-por-arrecadacao-de-alimentos\/","name":"Semana das crian\u00e7as \u00e9 marcada por arrecada\u00e7\u00e3o de alimentos - UNASP Noticias","isPartOf":{"@id":"https:\/\/unasp.br\/noticias\/#website"},"primaryImageOfPage":{"@id":"https:\/\/unasp.br\/noticias\/semana-das-criancas-e-marcada-por-arrecadacao-de-alimentos\/#primaryimage"},"image":{"@id":"https:\/\/unasp.br\/noticias\/semana-das-criancas-e-marcada-por-arrecadacao-de-alimentos\/#primaryimage"},"thumbnailUrl":"https:\/\/cdn.unasp.br\/unasp-noticias\/2022\/10\/20080041\/IMG_1694.jpg","datePublished":"2022-10-20T21:06:09+00:00","dateModified":"2022-10-21T18:53:58+00:00","description":"Durante a Copa Solid\u00e1ria foram arrecadados duas toneladas de alimentos que ser\u00e3o doados ao Centro de Apoio \u00e0 Crian\u00e7a com C\u00e2ncer.","breadcrumb":{"@id":"https:\/\/unasp.br\/noticias\/semana-das-criancas-e-marcada-por-arrecadacao-de-alimentos\/#breadcrumb"},"inLanguage":"pt-BR","potentialAction":[{"@type":"ReadAction","target":["https:\/\/unasp.br\/noticias\/semana-das-criancas-e-marcada-por-arrecadacao-de-alimentos\/"]}]},{"@type":"ImageObject","inLanguage":"pt-BR","@id":"https:\/\/unasp.br\/noticias\/semana-das-criancas-e-marcada-por-arrecadacao-de-alimentos\/#primaryimage","url":"https:\/\/cdn.unasp.br\/unasp-noticias\/2022\/10\/20080041\/IMG_1694.jpg","contentUrl":"https:\/\/cdn.unasp.br\/unasp-noticias\/2022\/10\/20080041\/IMG_1694.jpg","width":2048,"height":1365,"caption":"copa solid\u00e1ria"},{"@type":"BreadcrumbList","@id":"https:\/\/unasp.br\/noticias\/semana-das-criancas-e-marcada-por-arrecadacao-de-alimentos\/#breadcrumb","itemListElement":[{"@type":"ListItem","position":1,"name":"In\u00edcio","item":"https:\/\/unasp.br\/noticias\/"},{"@type":"ListItem","position":2,"name":"Semana das crian\u00e7as \u00e9 marcada por arrecada\u00e7\u00e3o de alimentos"}]},{"@type":"WebSite","@id":"https:\/\/unasp.br\/noticias\/#website","url":"https:\/\/unasp.br\/noticias\/","name":"UNASP Noticias","description":"Centro Universit\u00e1rio Adventista de S\u00e3o Paulo","publisher":{"@id":"https:\/\/unasp.br\/noticias\/#organization"},"potentialAction":[{"@type":"SearchAction","target":{"@type":"EntryPoint","urlTemplate":"https:\/\/unasp.br\/noticias\/?s={search_term_string}"},"query-input":{"@type":"PropertyValueSpecification","valueRequired":true,"valueName":"search_term_string"}}],"inLanguage":"pt-BR"},{"@type":"Organization","@id":"https:\/\/unasp.br\/noticias\/#organization","name":"UNASP Noticias","url":"https:\/\/unasp.br\/noticias\/","logo":{"@type":"ImageObject","inLanguage":"pt-BR","@id":"https:\/\/unasp.br\/noticias\/#\/schema\/logo\/image\/","url":"https:\/\/cdn.unasp.br\/noticias\/wp-content\/uploads\/2021\/09\/09152724\/logo-unasp-news.png","contentUrl":"https:\/\/cdn.unasp.br\/noticias\/wp-content\/uploads\/2021\/09\/09152724\/logo-unasp-news.png","width":240,"height":41,"caption":"UNASP Noticias"},"image":{"@id":"https:\/\/unasp.br\/noticias\/#\/schema\/logo\/image\/"}},{"@type":"Person","@id":"https:\/\/unasp.br\/noticias\/#\/schema\/person\/12a35c1b0ad29e4b5f57a45236f754b9","name":"Thais Fowler de Oliveira Schimmak","image":{"@type":"ImageObject","inLanguage":"pt-BR","@id":"https:\/\/unasp.br\/noticias\/#\/schema\/person\/image\/","url":"https:\/\/secure.gravatar.com\/avatar\/73a0165b6170e6856ee1353d89761cdc?s=96&d=mm&r=g","contentUrl":"https:\/\/secure.gravatar.com\/avatar\/73a0165b6170e6856ee1353d89761cdc?s=96&d=mm&r=g","caption":"Thais Fowler de Oliveira Schimmak"},"url":"https:\/\/unasp.br\/noticias\/author\/thais-fowleradventistas-org\/"}]}},"_links":{"self":[{"href":"https:\/\/unasp.br\/noticias\/wp-json\/wp\/v2\/posts\/99082"}],"collection":[{"href":"https:\/\/unasp.br\/noticias\/wp-json\/wp\/v2\/posts"}],"about":[{"href":"https:\/\/unasp.br\/noticias\/wp-json\/wp\/v2\/types\/post"}],"author":[{"embeddable":true,"href":"https:\/\/unasp.br\/noticias\/wp-json\/wp\/v2\/users\/72"}],"replies":[{"embeddable":true,"href":"https:\/\/unasp.br\/noticias\/wp-json\/wp\/v2\/comments?post=99082"}],"version-history":[{"count":5,"href":"https:\/\/unasp.br\/noticias\/wp-json\/wp\/v2\/posts\/99082\/revisions"}],"predecessor-version":[{"id":99113,"href":"https:\/\/unasp.br\/noticias\/wp-json\/wp\/v2\/posts\/99082\/revisions\/99113"}],"wp:featuredmedia":[{"embeddable":true,"href":"https:\/\/unasp.br\/noticias\/wp-json\/wp\/v2\/media\/99086"}],"wp:attachment":[{"href":"https:\/\/unasp.br\/noticias\/wp-json\/wp\/v2\/media?parent=99082"}],"wp:term":[{"taxonomy":"category","embeddable":true,"href":"https:\/\/unasp.br\/noticias\/wp-json\/wp\/v2\/categories?post=99082"},{"taxonomy":"post_tag","embeddable":true,"href":"https:\/\/unasp.br\/noticias\/wp-json\/wp\/v2\/tags?post=99082"}],"curies":[{"name":"wp","href":"https:\/\/api.w.org\/{rel}","templated":true}]}}