{"id":99813,"date":"2023-01-23T15:31:15","date_gmt":"2023-01-23T18:31:15","guid":{"rendered":"https:\/\/unasp.br\/noticias\/?p=99813"},"modified":"2023-01-23T15:31:17","modified_gmt":"2023-01-23T18:31:17","slug":"colegio-unasp-comemora-volta-as-aulas-em-suas-tres-unidades","status":"publish","type":"post","link":"https:\/\/unasp.br\/noticias\/colegio-unasp-comemora-volta-as-aulas-em-suas-tres-unidades\/","title":{"rendered":"Col\u00e9gio UNASP comemora volta \u00e0s aulas em suas tr\u00eas unidades"},"content":{"rendered":"\n<p>O Col\u00e9gio UNASP retornou \u00e0s suas atividades nesta segunda-feira(23), em suas <a href=\"https:\/\/colegio.unasp.br\/\">tr\u00eas unidades<\/a>, Engenheiro Coelho, Hortol\u00e2ndia e S\u00e3o Paulo. O retorno dos alunos \u00e9 um momento de comemora\u00e7\u00e3o para professores e <a href=\"https:\/\/unasp.br\/noticias\/capacitacao-de-professores-motiva-integracao-entre-unidades-do-colegio-unasp\/\">equipe docente<\/a>, que est\u00e3o preparados para os desafios deste ano e animados para reencontrar os estudantes.<\/p>\n\n\n\n<figure class=\"wp-block-image size-large\"><img decoding=\"async\" src=\"https:\/\/cdn.unasp.br\/noticias\/wp-content\/uploads\/2019\/08\/01085717\/col%C3%A9gio-unasp-volta-as-aulas-segundo-semestre-2019-1024x683.jpg\" alt=\"Col\u00e9gio UNASP volta \u00e0s aulas 2023.\" class=\"wp-image-64083\"\/><figcaption>Col\u00e9gio UNASP, unidade Engenheiro Coelho.<\/figcaption><\/figure>\n\n\n\n<p>O vice-reitor da Escola B\u00e1sica Henrique Romaneli explica que cada unidade se esfor\u00e7a para aproveitar seus pontos fortes. \u201cCada unidade tem sua caracter\u00edstica, uma \u00e9 mais voltada para \u00e1rea de sa\u00fade, outra tem uma natureza maior, por exemplo. Cada Col\u00e9gio vai aproveitar sua caracter\u00edstica para entregar o melhor para os estudantes\u201d, pontua<\/p>\n\n\n\n<h2 class=\"wp-block-heading\"><strong>Engenheiro Coelho<\/strong><\/h2>\n\n\n\n<p>Na unidade de Engenheiro Coelho, os alunos foram recebidos pelo diretor Donato da Silva e por sua equipe, com palestras de boas-vindas e muita anima\u00e7\u00e3o. Al\u00e9m disso, as primeiras reuni\u00f5es de pais j\u00e1 foram realizadas, apresentando os planos do Col\u00e9gio para 2023.<\/p>\n\n\n\n<p>A aluna Luana Ribeiro, do terceiro ano do Ensino Fundamental da unidade Engenheiro Coelho, comemora o rein\u00edcio das aulas e j\u00e1 sabe o que deseja ser quando for adulta. \u201cEstou feliz que a gente voltou para as aulas, que minhas f\u00e9rias foram boas e eu viajei bastante. Eu quero muito estudar mais para quando eu crescer ser uma fazendeira\u201d, conta.<\/p>\n\n\n\n<h2 class=\"wp-block-heading\"><strong>Hortol\u00e2ndia<\/strong><\/h2>\n\n\n\n<p>O Col\u00e9gio UNASP, unidade Hortol\u00e2ndia, tamb\u00e9m est\u00e1 animado com a chegada dos alunos e com algumas novidades. A chegada do novo diretor da institui\u00e7\u00e3o, professor Eduardo Henrique Neto, \u00e9 uma delas.<\/p>\n\n\n\n<p>O professor refor\u00e7a que o momento \u00e9 de expectativas e anima\u00e7\u00e3o. \u201cEsse barulho de alunos pelos corredores se cumprimentando, abra\u00e7ando e reencontrando aquece o nosso cora\u00e7\u00e3o. Estamos muito animados para o ano letivo de 2023 com v\u00e1rios projetos e planos com nossos alunos. A expectativa \u00e9 grande. A gente at\u00e9 perde o sono a noite pensando como vai ser a primeira semana na escola, mas acredito que Deus est\u00e1 no comando de tudo e Ele nos guiar\u00e1 com muita sabedoria\u201d, finaliza.<\/p>\n\n\n\n<h2 class=\"wp-block-heading\"><strong>S\u00e3o Paulo<\/strong><\/h2>\n\n\n\n<p>O Col\u00e9gio UNASP, unidade S\u00e3o Paulo, retorna \u00e0s atividades com muitas novidades, principalmente em seu corpo acad\u00eamico. Professora Edna Hengles Teles, diretora geral do Col\u00e9gio UNASP, professora Ana Paula de Ara\u00fajo, diretora do Fundamental I e professor Fabr\u00edcio da Silva Begn\u00e1lia, diretor do Fundamental II e Ensino M\u00e9dio. \u201cHoje, o campus S\u00e3o Paulo tem mais vida. Estamos muito felizes por estarmos vendo e recebendo alunos novos e veteranos neste dia. Meu desejo \u00e9 que eles encontrem Jesus em cada funcion\u00e1rio, professor e administrador\u201d, afirma professora Edna.<\/p>\n\n\n\n<p>Salas novas, novos ambientes, novos colegas de classe e capelas especiais, marcaram o primeiro dia de aula dos estudantes. \u201cN\u00f3s ficamos muito ansiosos para a chegada dos alunos e o in\u00edcio das aulas. N\u00f3s tamb\u00e9m temos muitos projetos para este ano, atividades programadas, estamos com muitas expectativas para ter um \u00f3timo 2023\u201d, compartilha professor Fabr\u00edcio.<\/p>\n\n\n\n<p>Hoje, tamb\u00e9m foi o primeiro dia de aula de muitos alunos novos, principalmente dos pequenos estudantes do UNASP Baby. \u201cTrabalhar sem os alunos na escola n\u00e3o tem o mesmo brilho e tudo o que n\u00f3s fazemos \u00e9 em fun\u00e7\u00e3o deles, ent\u00e3o quando a gente v\u00ea as fam\u00edlias trazendo os filhos e a escola ganhando alegria \u00e9 uma emo\u00e7\u00e3o muito grande\u201d, celebra professora Ana Paula.<\/p>\n\n\n\n<figure class=\"wp-block-image size-large\"><img loading=\"lazy\" decoding=\"async\" width=\"1024\" height=\"683\" src=\"https:\/\/cdn.unasp.br\/noticias\/wp-content\/uploads\/2022\/03\/09074304\/IMG_0216-1024x683.jpg\" alt=\"Programa\u00e7\u00e3o do Dia da Mulher\" class=\"wp-image-96422\" srcset=\"https:\/\/cdn.unasp.br\/noticias\/wp-content\/uploads\/2022\/03\/09074304\/IMG_0216-1024x683.jpg 1024w, https:\/\/cdn.unasp.br\/noticias\/wp-content\/uploads\/2022\/03\/09074304\/IMG_0216-300x200.jpg 300w, https:\/\/cdn.unasp.br\/noticias\/wp-content\/uploads\/2022\/03\/09074304\/IMG_0216-768x512.jpg 768w, https:\/\/cdn.unasp.br\/noticias\/wp-content\/uploads\/2022\/03\/09074304\/IMG_0216-1536x1024.jpg 1536w, https:\/\/cdn.unasp.br\/noticias\/wp-content\/uploads\/2022\/03\/09074304\/IMG_0216-900x600.jpg 900w, https:\/\/cdn.unasp.br\/noticias\/wp-content\/uploads\/2022\/03\/09074304\/IMG_0216-1200x800.jpg 1200w, https:\/\/cdn.unasp.br\/noticias\/wp-content\/uploads\/2022\/03\/09074304\/IMG_0216-1080x720.jpg 1080w, https:\/\/cdn.unasp.br\/noticias\/wp-content\/uploads\/2022\/03\/09074304\/IMG_0216-800x533.jpg 800w, https:\/\/cdn.unasp.br\/noticias\/wp-content\/uploads\/2022\/03\/09074304\/IMG_0216-750x500.jpg 750w, https:\/\/cdn.unasp.br\/noticias\/wp-content\/uploads\/2022\/03\/09074304\/IMG_0216-720x480.jpg 720w, https:\/\/cdn.unasp.br\/noticias\/wp-content\/uploads\/2022\/03\/09074304\/IMG_0216-420x280.jpg 420w, https:\/\/cdn.unasp.br\/noticias\/wp-content\/uploads\/2022\/03\/09074304\/IMG_0216-500x333.jpg 500w, https:\/\/cdn.unasp.br\/noticias\/wp-content\/uploads\/2022\/03\/09074304\/IMG_0216-400x267.jpg 400w, https:\/\/cdn.unasp.br\/noticias\/wp-content\/uploads\/2022\/03\/09074304\/IMG_0216-225x150.jpg 225w, https:\/\/cdn.unasp.br\/noticias\/wp-content\/uploads\/2022\/03\/09074304\/IMG_0216-175x117.jpg 175w, https:\/\/cdn.unasp.br\/noticias\/wp-content\/uploads\/2022\/03\/09074304\/IMG_0216-200x133.jpg 200w, https:\/\/cdn.unasp.br\/noticias\/wp-content\/uploads\/2022\/03\/09074304\/IMG_0216-675x450.jpg 675w, https:\/\/cdn.unasp.br\/noticias\/wp-content\/uploads\/2022\/03\/09074304\/IMG_0216-390x260.jpg 390w, https:\/\/cdn.unasp.br\/noticias\/wp-content\/uploads\/2022\/03\/09074304\/IMG_0216.jpg 2048w\" sizes=\"(max-width: 1024px) 100vw, 1024px\" \/><figcaption>Alunos foram recebidos na igreja do campus e em outros ambientes.<\/figcaption><\/figure>\n","protected":false},"excerpt":{"rendered":"<p>Unidades de Engenheiro Coelho, Hortol\u00e2ndia e S\u00e3o Paulo retornaram suas atividades nesta segunda-feira (23).<\/p>\n","protected":false},"author":30,"featured_media":82781,"comment_status":"closed","ping_status":"open","sticky":false,"template":"","format":"standard","meta":{"footnotes":""},"categories":[6],"tags":[259,585,3275,1882],"yoast_head":"<!-- This site is optimized with the Yoast SEO plugin v23.5 - https:\/\/yoast.com\/wordpress\/plugins\/seo\/ -->\n<title>Col\u00e9gio UNASP comemora volta \u00e0s aulas em suas tr\u00eas unidades<\/title>\n<meta name=\"description\" content=\"O Col\u00e9gio UNASP retornou \u00e0s suas atividades nesta segunda-feira(23) em suas tr\u00eas unidades, Engenheiro Coelho, Hortol\u00e2ndia e S\u00e3o Paulo.\" \/>\n<meta name=\"robots\" content=\"index, follow, max-snippet:-1, max-image-preview:large, max-video-preview:-1\" \/>\n<link rel=\"canonical\" href=\"https:\/\/unasp.br\/noticias\/colegio-unasp-comemora-volta-as-aulas-em-suas-tres-unidades\/\" \/>\n<meta property=\"og:locale\" content=\"pt_BR\" \/>\n<meta property=\"og:type\" content=\"article\" \/>\n<meta property=\"og:title\" content=\"Col\u00e9gio UNASP comemora volta \u00e0s aulas em suas tr\u00eas unidades\" \/>\n<meta property=\"og:description\" content=\"O Col\u00e9gio UNASP retornou \u00e0s suas atividades nesta segunda-feira(23) em suas tr\u00eas unidades, Engenheiro Coelho, Hortol\u00e2ndia e S\u00e3o Paulo.\" \/>\n<meta property=\"og:url\" content=\"https:\/\/unasp.br\/noticias\/colegio-unasp-comemora-volta-as-aulas-em-suas-tres-unidades\/\" \/>\n<meta property=\"og:site_name\" content=\"UNASP Noticias\" \/>\n<meta property=\"article:published_time\" content=\"2023-01-23T18:31:15+00:00\" \/>\n<meta property=\"article:modified_time\" content=\"2023-01-23T18:31:17+00:00\" \/>\n<meta property=\"og:image\" content=\"https:\/\/cdn.unasp.br\/noticias\/wp-content\/uploads\/2020\/05\/12091545\/colegio-unasp-ec-a-14537-0vTI.jpg\" \/>\n\t<meta property=\"og:image:width\" content=\"400\" \/>\n\t<meta property=\"og:image:height\" content=\"267\" \/>\n\t<meta property=\"og:image:type\" content=\"image\/jpeg\" \/>\n<meta name=\"author\" content=\"Aira Almeida\" \/>\n<meta name=\"twitter:card\" content=\"summary_large_image\" \/>\n<meta name=\"twitter:label1\" content=\"Escrito por\" \/>\n\t<meta name=\"twitter:data1\" content=\"Aira Almeida\" \/>\n\t<meta name=\"twitter:label2\" content=\"Est. tempo de leitura\" \/>\n\t<meta name=\"twitter:data2\" content=\"4 minutos\" \/>\n<script type=\"application\/ld+json\" class=\"yoast-schema-graph\">{\"@context\":\"https:\/\/schema.org\",\"@graph\":[{\"@type\":\"Article\",\"@id\":\"https:\/\/unasp.br\/noticias\/colegio-unasp-comemora-volta-as-aulas-em-suas-tres-unidades\/#article\",\"isPartOf\":{\"@id\":\"https:\/\/unasp.br\/noticias\/colegio-unasp-comemora-volta-as-aulas-em-suas-tres-unidades\/\"},\"author\":{\"name\":\"Aira Almeida\",\"@id\":\"https:\/\/unasp.br\/noticias\/#\/schema\/person\/80f09a3ec674501e6bb13144ffa2489f\"},\"headline\":\"Col\u00e9gio UNASP comemora volta \u00e0s aulas em suas tr\u00eas unidades\",\"datePublished\":\"2023-01-23T18:31:15+00:00\",\"dateModified\":\"2023-01-23T18:31:17+00:00\",\"mainEntityOfPage\":{\"@id\":\"https:\/\/unasp.br\/noticias\/colegio-unasp-comemora-volta-as-aulas-em-suas-tres-unidades\/\"},\"wordCount\":592,\"publisher\":{\"@id\":\"https:\/\/unasp.br\/noticias\/#organization\"},\"image\":{\"@id\":\"https:\/\/unasp.br\/noticias\/colegio-unasp-comemora-volta-as-aulas-em-suas-tres-unidades\/#primaryimage\"},\"thumbnailUrl\":\"https:\/\/cdn.unasp.br\/noticias\/wp-content\/uploads\/2020\/05\/12091545\/colegio-unasp-ec-a-14537-0vTI.jpg\",\"keywords\":[\"Col\u00e9gio UNASP\",\"Engenheiro Coelho\",\"Hortol\u00e2ndia\",\"S\u00e3o Paulo\"],\"articleSection\":[\"Acontece no UNASP\"],\"inLanguage\":\"pt-BR\"},{\"@type\":\"WebPage\",\"@id\":\"https:\/\/unasp.br\/noticias\/colegio-unasp-comemora-volta-as-aulas-em-suas-tres-unidades\/\",\"url\":\"https:\/\/unasp.br\/noticias\/colegio-unasp-comemora-volta-as-aulas-em-suas-tres-unidades\/\",\"name\":\"Col\u00e9gio UNASP comemora volta \u00e0s aulas em suas tr\u00eas unidades\",\"isPartOf\":{\"@id\":\"https:\/\/unasp.br\/noticias\/#website\"},\"primaryImageOfPage\":{\"@id\":\"https:\/\/unasp.br\/noticias\/colegio-unasp-comemora-volta-as-aulas-em-suas-tres-unidades\/#primaryimage\"},\"image\":{\"@id\":\"https:\/\/unasp.br\/noticias\/colegio-unasp-comemora-volta-as-aulas-em-suas-tres-unidades\/#primaryimage\"},\"thumbnailUrl\":\"https:\/\/cdn.unasp.br\/noticias\/wp-content\/uploads\/2020\/05\/12091545\/colegio-unasp-ec-a-14537-0vTI.jpg\",\"datePublished\":\"2023-01-23T18:31:15+00:00\",\"dateModified\":\"2023-01-23T18:31:17+00:00\",\"description\":\"O Col\u00e9gio UNASP retornou \u00e0s suas atividades nesta segunda-feira(23) em suas tr\u00eas unidades, Engenheiro Coelho, Hortol\u00e2ndia e S\u00e3o Paulo.\",\"breadcrumb\":{\"@id\":\"https:\/\/unasp.br\/noticias\/colegio-unasp-comemora-volta-as-aulas-em-suas-tres-unidades\/#breadcrumb\"},\"inLanguage\":\"pt-BR\",\"potentialAction\":[{\"@type\":\"ReadAction\",\"target\":[\"https:\/\/unasp.br\/noticias\/colegio-unasp-comemora-volta-as-aulas-em-suas-tres-unidades\/\"]}]},{\"@type\":\"ImageObject\",\"inLanguage\":\"pt-BR\",\"@id\":\"https:\/\/unasp.br\/noticias\/colegio-unasp-comemora-volta-as-aulas-em-suas-tres-unidades\/#primaryimage\",\"url\":\"https:\/\/cdn.unasp.br\/noticias\/wp-content\/uploads\/2020\/05\/12091545\/colegio-unasp-ec-a-14537-0vTI.jpg\",\"contentUrl\":\"https:\/\/cdn.unasp.br\/noticias\/wp-content\/uploads\/2020\/05\/12091545\/colegio-unasp-ec-a-14537-0vTI.jpg\",\"width\":400,\"height\":267},{\"@type\":\"BreadcrumbList\",\"@id\":\"https:\/\/unasp.br\/noticias\/colegio-unasp-comemora-volta-as-aulas-em-suas-tres-unidades\/#breadcrumb\",\"itemListElement\":[{\"@type\":\"ListItem\",\"position\":1,\"name\":\"In\u00edcio\",\"item\":\"https:\/\/unasp.br\/noticias\/\"},{\"@type\":\"ListItem\",\"position\":2,\"name\":\"Col\u00e9gio UNASP comemora volta \u00e0s aulas em suas tr\u00eas unidades\"}]},{\"@type\":\"WebSite\",\"@id\":\"https:\/\/unasp.br\/noticias\/#website\",\"url\":\"https:\/\/unasp.br\/noticias\/\",\"name\":\"UNASP Noticias\",\"description\":\"Centro Universit\u00e1rio Adventista de S\u00e3o Paulo\",\"publisher\":{\"@id\":\"https:\/\/unasp.br\/noticias\/#organization\"},\"potentialAction\":[{\"@type\":\"SearchAction\",\"target\":{\"@type\":\"EntryPoint\",\"urlTemplate\":\"https:\/\/unasp.br\/noticias\/?s={search_term_string}\"},\"query-input\":{\"@type\":\"PropertyValueSpecification\",\"valueRequired\":true,\"valueName\":\"search_term_string\"}}],\"inLanguage\":\"pt-BR\"},{\"@type\":\"Organization\",\"@id\":\"https:\/\/unasp.br\/noticias\/#organization\",\"name\":\"UNASP Noticias\",\"url\":\"https:\/\/unasp.br\/noticias\/\",\"logo\":{\"@type\":\"ImageObject\",\"inLanguage\":\"pt-BR\",\"@id\":\"https:\/\/unasp.br\/noticias\/#\/schema\/logo\/image\/\",\"url\":\"https:\/\/cdn.unasp.br\/noticias\/wp-content\/uploads\/2021\/09\/09152724\/logo-unasp-news.png\",\"contentUrl\":\"https:\/\/cdn.unasp.br\/noticias\/wp-content\/uploads\/2021\/09\/09152724\/logo-unasp-news.png\",\"width\":240,\"height\":41,\"caption\":\"UNASP Noticias\"},\"image\":{\"@id\":\"https:\/\/unasp.br\/noticias\/#\/schema\/logo\/image\/\"}},{\"@type\":\"Person\",\"@id\":\"https:\/\/unasp.br\/noticias\/#\/schema\/person\/80f09a3ec674501e6bb13144ffa2489f\",\"name\":\"Aira Almeida\",\"image\":{\"@type\":\"ImageObject\",\"inLanguage\":\"pt-BR\",\"@id\":\"https:\/\/unasp.br\/noticias\/#\/schema\/person\/image\/\",\"url\":\"https:\/\/secure.gravatar.com\/avatar\/e30ea867fdd5a41ec6a0cb350dcd108e?s=96&d=mm&r=g\",\"contentUrl\":\"https:\/\/secure.gravatar.com\/avatar\/e30ea867fdd5a41ec6a0cb350dcd108e?s=96&d=mm&r=g\",\"caption\":\"Aira Almeida\"},\"url\":\"https:\/\/unasp.br\/noticias\/author\/aira-almeidaedu-unasp-br\/\"}]}<\/script>\n<!-- \/ Yoast SEO plugin. -->","yoast_head_json":{"title":"Col\u00e9gio UNASP comemora volta \u00e0s aulas em suas tr\u00eas unidades","description":"O Col\u00e9gio UNASP retornou \u00e0s suas atividades nesta segunda-feira(23) em suas tr\u00eas unidades, Engenheiro Coelho, Hortol\u00e2ndia e S\u00e3o Paulo.","robots":{"index":"index","follow":"follow","max-snippet":"max-snippet:-1","max-image-preview":"max-image-preview:large","max-video-preview":"max-video-preview:-1"},"canonical":"https:\/\/unasp.br\/noticias\/colegio-unasp-comemora-volta-as-aulas-em-suas-tres-unidades\/","og_locale":"pt_BR","og_type":"article","og_title":"Col\u00e9gio UNASP comemora volta \u00e0s aulas em suas tr\u00eas unidades","og_description":"O Col\u00e9gio UNASP retornou \u00e0s suas atividades nesta segunda-feira(23) em suas tr\u00eas unidades, Engenheiro Coelho, Hortol\u00e2ndia e S\u00e3o Paulo.","og_url":"https:\/\/unasp.br\/noticias\/colegio-unasp-comemora-volta-as-aulas-em-suas-tres-unidades\/","og_site_name":"UNASP Noticias","article_published_time":"2023-01-23T18:31:15+00:00","article_modified_time":"2023-01-23T18:31:17+00:00","og_image":[{"width":400,"height":267,"url":"https:\/\/cdn.unasp.br\/noticias\/wp-content\/uploads\/2020\/05\/12091545\/colegio-unasp-ec-a-14537-0vTI.jpg","type":"image\/jpeg"}],"author":"Aira Almeida","twitter_card":"summary_large_image","twitter_misc":{"Escrito por":"Aira Almeida","Est. tempo de leitura":"4 minutos"},"schema":{"@context":"https:\/\/schema.org","@graph":[{"@type":"Article","@id":"https:\/\/unasp.br\/noticias\/colegio-unasp-comemora-volta-as-aulas-em-suas-tres-unidades\/#article","isPartOf":{"@id":"https:\/\/unasp.br\/noticias\/colegio-unasp-comemora-volta-as-aulas-em-suas-tres-unidades\/"},"author":{"name":"Aira Almeida","@id":"https:\/\/unasp.br\/noticias\/#\/schema\/person\/80f09a3ec674501e6bb13144ffa2489f"},"headline":"Col\u00e9gio UNASP comemora volta \u00e0s aulas em suas tr\u00eas unidades","datePublished":"2023-01-23T18:31:15+00:00","dateModified":"2023-01-23T18:31:17+00:00","mainEntityOfPage":{"@id":"https:\/\/unasp.br\/noticias\/colegio-unasp-comemora-volta-as-aulas-em-suas-tres-unidades\/"},"wordCount":592,"publisher":{"@id":"https:\/\/unasp.br\/noticias\/#organization"},"image":{"@id":"https:\/\/unasp.br\/noticias\/colegio-unasp-comemora-volta-as-aulas-em-suas-tres-unidades\/#primaryimage"},"thumbnailUrl":"https:\/\/cdn.unasp.br\/noticias\/wp-content\/uploads\/2020\/05\/12091545\/colegio-unasp-ec-a-14537-0vTI.jpg","keywords":["Col\u00e9gio UNASP","Engenheiro Coelho","Hortol\u00e2ndia","S\u00e3o Paulo"],"articleSection":["Acontece no UNASP"],"inLanguage":"pt-BR"},{"@type":"WebPage","@id":"https:\/\/unasp.br\/noticias\/colegio-unasp-comemora-volta-as-aulas-em-suas-tres-unidades\/","url":"https:\/\/unasp.br\/noticias\/colegio-unasp-comemora-volta-as-aulas-em-suas-tres-unidades\/","name":"Col\u00e9gio UNASP comemora volta \u00e0s aulas em suas tr\u00eas unidades","isPartOf":{"@id":"https:\/\/unasp.br\/noticias\/#website"},"primaryImageOfPage":{"@id":"https:\/\/unasp.br\/noticias\/colegio-unasp-comemora-volta-as-aulas-em-suas-tres-unidades\/#primaryimage"},"image":{"@id":"https:\/\/unasp.br\/noticias\/colegio-unasp-comemora-volta-as-aulas-em-suas-tres-unidades\/#primaryimage"},"thumbnailUrl":"https:\/\/cdn.unasp.br\/noticias\/wp-content\/uploads\/2020\/05\/12091545\/colegio-unasp-ec-a-14537-0vTI.jpg","datePublished":"2023-01-23T18:31:15+00:00","dateModified":"2023-01-23T18:31:17+00:00","description":"O Col\u00e9gio UNASP retornou \u00e0s suas atividades nesta segunda-feira(23) em suas tr\u00eas unidades, Engenheiro Coelho, Hortol\u00e2ndia e S\u00e3o Paulo.","breadcrumb":{"@id":"https:\/\/unasp.br\/noticias\/colegio-unasp-comemora-volta-as-aulas-em-suas-tres-unidades\/#breadcrumb"},"inLanguage":"pt-BR","potentialAction":[{"@type":"ReadAction","target":["https:\/\/unasp.br\/noticias\/colegio-unasp-comemora-volta-as-aulas-em-suas-tres-unidades\/"]}]},{"@type":"ImageObject","inLanguage":"pt-BR","@id":"https:\/\/unasp.br\/noticias\/colegio-unasp-comemora-volta-as-aulas-em-suas-tres-unidades\/#primaryimage","url":"https:\/\/cdn.unasp.br\/noticias\/wp-content\/uploads\/2020\/05\/12091545\/colegio-unasp-ec-a-14537-0vTI.jpg","contentUrl":"https:\/\/cdn.unasp.br\/noticias\/wp-content\/uploads\/2020\/05\/12091545\/colegio-unasp-ec-a-14537-0vTI.jpg","width":400,"height":267},{"@type":"BreadcrumbList","@id":"https:\/\/unasp.br\/noticias\/colegio-unasp-comemora-volta-as-aulas-em-suas-tres-unidades\/#breadcrumb","itemListElement":[{"@type":"ListItem","position":1,"name":"In\u00edcio","item":"https:\/\/unasp.br\/noticias\/"},{"@type":"ListItem","position":2,"name":"Col\u00e9gio UNASP comemora volta \u00e0s aulas em suas tr\u00eas unidades"}]},{"@type":"WebSite","@id":"https:\/\/unasp.br\/noticias\/#website","url":"https:\/\/unasp.br\/noticias\/","name":"UNASP Noticias","description":"Centro Universit\u00e1rio Adventista de S\u00e3o Paulo","publisher":{"@id":"https:\/\/unasp.br\/noticias\/#organization"},"potentialAction":[{"@type":"SearchAction","target":{"@type":"EntryPoint","urlTemplate":"https:\/\/unasp.br\/noticias\/?s={search_term_string}"},"query-input":{"@type":"PropertyValueSpecification","valueRequired":true,"valueName":"search_term_string"}}],"inLanguage":"pt-BR"},{"@type":"Organization","@id":"https:\/\/unasp.br\/noticias\/#organization","name":"UNASP Noticias","url":"https:\/\/unasp.br\/noticias\/","logo":{"@type":"ImageObject","inLanguage":"pt-BR","@id":"https:\/\/unasp.br\/noticias\/#\/schema\/logo\/image\/","url":"https:\/\/cdn.unasp.br\/noticias\/wp-content\/uploads\/2021\/09\/09152724\/logo-unasp-news.png","contentUrl":"https:\/\/cdn.unasp.br\/noticias\/wp-content\/uploads\/2021\/09\/09152724\/logo-unasp-news.png","width":240,"height":41,"caption":"UNASP Noticias"},"image":{"@id":"https:\/\/unasp.br\/noticias\/#\/schema\/logo\/image\/"}},{"@type":"Person","@id":"https:\/\/unasp.br\/noticias\/#\/schema\/person\/80f09a3ec674501e6bb13144ffa2489f","name":"Aira Almeida","image":{"@type":"ImageObject","inLanguage":"pt-BR","@id":"https:\/\/unasp.br\/noticias\/#\/schema\/person\/image\/","url":"https:\/\/secure.gravatar.com\/avatar\/e30ea867fdd5a41ec6a0cb350dcd108e?s=96&d=mm&r=g","contentUrl":"https:\/\/secure.gravatar.com\/avatar\/e30ea867fdd5a41ec6a0cb350dcd108e?s=96&d=mm&r=g","caption":"Aira Almeida"},"url":"https:\/\/unasp.br\/noticias\/author\/aira-almeidaedu-unasp-br\/"}]}},"_links":{"self":[{"href":"https:\/\/unasp.br\/noticias\/wp-json\/wp\/v2\/posts\/99813"}],"collection":[{"href":"https:\/\/unasp.br\/noticias\/wp-json\/wp\/v2\/posts"}],"about":[{"href":"https:\/\/unasp.br\/noticias\/wp-json\/wp\/v2\/types\/post"}],"author":[{"embeddable":true,"href":"https:\/\/unasp.br\/noticias\/wp-json\/wp\/v2\/users\/30"}],"replies":[{"embeddable":true,"href":"https:\/\/unasp.br\/noticias\/wp-json\/wp\/v2\/comments?post=99813"}],"version-history":[{"count":7,"href":"https:\/\/unasp.br\/noticias\/wp-json\/wp\/v2\/posts\/99813\/revisions"}],"predecessor-version":[{"id":99820,"href":"https:\/\/unasp.br\/noticias\/wp-json\/wp\/v2\/posts\/99813\/revisions\/99820"}],"wp:featuredmedia":[{"embeddable":true,"href":"https:\/\/unasp.br\/noticias\/wp-json\/wp\/v2\/media\/82781"}],"wp:attachment":[{"href":"https:\/\/unasp.br\/noticias\/wp-json\/wp\/v2\/media?parent=99813"}],"wp:term":[{"taxonomy":"category","embeddable":true,"href":"https:\/\/unasp.br\/noticias\/wp-json\/wp\/v2\/categories?post=99813"},{"taxonomy":"post_tag","embeddable":true,"href":"https:\/\/unasp.br\/noticias\/wp-json\/wp\/v2\/tags?post=99813"}],"curies":[{"name":"wp","href":"https:\/\/api.w.org\/{rel}","templated":true}]}}